{"id":84001,"date":"2026-04-26T16:56:01","date_gmt":"2026-04-26T19:56:01","guid":{"rendered":"https:\/\/portalnewsgta.com.br\/index.php\/2026\/04\/26\/mendes-admite-articulacoes-de-bastidores-para-o-senado-e-preve-campanha-alinhada-a-pivetta\/"},"modified":"2026-04-26T16:56:01","modified_gmt":"2026-04-26T19:56:01","slug":"mendes-admite-articulacoes-de-bastidores-para-o-senado-e-preve-campanha-alinhada-a-pivetta","status":"publish","type":"post","link":"https:\/\/portalnewsgta.com.br\/index.php\/2026\/04\/26\/mendes-admite-articulacoes-de-bastidores-para-o-senado-e-preve-campanha-alinhada-a-pivetta\/","title":{"rendered":"Mendes admite articula\u00e7\u00f5es de bastidores para o Senado e prev\u00ea campanha alinhada a Pivetta"},"content":{"rendered":"<p><img decoding=\"async\" src=\"https:\/\/odocumento.com.br\/content\/images\/2026\/04\/IMG_1035.jpeg\" alt=\"Mendes admite articula&#xE7;&#xF5;es de bastidores para o Senado e prev&#xEA; campanha alinhada a Pivetta\"><\/p>\n<p><strong><em>Conte&#xFA;do\/ODOC &#8211;<\/em><\/strong> Ex-governador de Mato Grosso, Mauro Mendes (Uni&#xE3;o Brasil) afirmou &#xE0; imprensa que, mesmo de forma discreta, j&#xE1; iniciou a articula&#xE7;&#xE3;o de sua pr&#xE9;-candidatura ao Senado. Segundo ele, o trabalho inclui conversas com lideran&#xE7;as pol&#xED;ticas em diversos munic&#xED;pios do Estado. Mendes tamb&#xE9;m adiantou que sua campanha deve caminhar alinhada &#xE0; do governador Otaviano Pivetta (Republicanos), que &#xE9; apontado como pr&#xE9;-candidato ao governo. <\/p>\n<p>O ex-governador destacou que o m&#xEA;s de abril foi reservado para quest&#xF5;es pessoais, mas sem deixar de lado as movimenta&#xE7;&#xF5;es pol&#xED;ticas de bastidores. &#x201C;Este m&#xEA;s de abril eu reservei para minha vida pessoal e tenho feito algumas articula&#xE7;&#xF5;es de bastidores. Eu sempre fui uma pessoa de trabalhar silenciosamente e apresentar resultados. Estou conversando nos bastidores com algumas lideran&#xE7;as, j&#xE1; estive visitando algumas cidades do Estado&#x201D;, disse.<\/p>\n<p>Mendes afirmou ainda que vive um momento de transi&#xE7;&#xE3;o, ap&#xF3;s deixar o comando do Executivo estadual, e que tem direcionado esfor&#xE7;os ao novo projeto pol&#xED;tico. &#x201C;&#xC9; uma sensa&#xE7;&#xE3;o boa do dever cumprido e agora dedicando minha vida a outros projetos, como a minha pr&#xE9;-candidatura ao Senado. A vida est&#xE1; um pouco menos corrida, mas eu sempre fui intenso em tudo que vou fazer. Estou trabalhando e dedicando um pouco do tempo para minha candidatura ao Senado&#x201D;, declarou.<\/p>\n<p>Ao falar sobre o cen&#xE1;rio eleitoral, Mauro Mendes refor&#xE7;ou a proximidade com Otaviano Pivetta e a constru&#xE7;&#xE3;o conjunta de alian&#xE7;as. &#x201C;A minha campanha estar&#xE1; muito pr&#xF3;xima da dele e acredito que a dele &#xE9; muito pr&#xF3;xima da minha. E a articula&#xE7;&#xE3;o pol&#xED;tica com os partidos que est&#xE3;o nesse mesmo campo, ela vem acontecendo ao longo dos &#xFA;ltimos meses e, seguramente, ela vai se consolidar nos pr&#xF3;ximos meses at&#xE9; as conven&#xE7;&#xF5;es do m&#xEA;s de julho&#x201D;, completou.<\/p>\n<p><strong>Fonte:<\/strong> Pol\u00edtica &#8211; O DOCUMENTO | Confira as principais not\u00edcias de Cuiab\u00e1, Mato Grosso e regi\u00e3o (https:\/\/odocumento.com.br\/mendes-admite-articulacoes-de-bastidores-para-o-senado-e-preve-campanha-alinhada-a-pivetta\/)<\/p>\n","protected":false},"excerpt":{"rendered":"<p>Conte&#xFA;do\/ODOC &#8211; Ex-governador de Mato Grosso, Mauro Mendes (Uni&#xE3;o Brasil) afirmou &#xE0; imprensa que, mesmo<\/p>\n","protected":false},"author":2,"featured_media":84002,"comment_status":"open","ping_status":"open","sticky":false,"template":"","format":"standard","meta":{"footnotes":""},"categories":[2],"tags":[],"aioseo_notices":[],"_links":{"self":[{"href":"https:\/\/portalnewsgta.com.br\/index.php\/wp-json\/wp\/v2\/posts\/84001"}],"collection":[{"href":"https:\/\/portalnewsgta.com.br\/index.php\/wp-json\/wp\/v2\/posts"}],"about":[{"href":"https:\/\/portalnewsgta.com.br\/index.php\/wp-json\/wp\/v2\/types\/post"}],"author":[{"embeddable":true,"href":"https:\/\/portalnewsgta.com.br\/index.php\/wp-json\/wp\/v2\/users\/2"}],"replies":[{"embeddable":true,"href":"https:\/\/portalnewsgta.com.br\/index.php\/wp-json\/wp\/v2\/comments?post=84001"}],"version-history":[{"count":0,"href":"https:\/\/portalnewsgta.com.br\/index.php\/wp-json\/wp\/v2\/posts\/84001\/revisions"}],"wp:featuredmedia":[{"embeddable":true,"href":"https:\/\/portalnewsgta.com.br\/index.php\/wp-json\/wp\/v2\/media\/84002"}],"wp:attachment":[{"href":"https:\/\/portalnewsgta.com.br\/index.php\/wp-json\/wp\/v2\/media?parent=84001"}],"wp:term":[{"taxonomy":"category","embeddable":true,"href":"https:\/\/portalnewsgta.com.br\/index.php\/wp-json\/wp\/v2\/categories?post=84001"},{"taxonomy":"post_tag","embeddable":true,"href":"https:\/\/portalnewsgta.com.br\/index.php\/wp-json\/wp\/v2\/tags?post=84001"}],"curies":[{"name":"wp","href":"https:\/\/api.w.org\/{rel}","templated":true}]}}