{"id":83871,"date":"2026-04-23T20:55:56","date_gmt":"2026-04-23T23:55:56","guid":{"rendered":"https:\/\/portalnewsgta.com.br\/index.php\/2026\/04\/23\/articulacao-do-tce-mt-almt-governo-e-gaepe-mt-destrava-obra-e-impulsiona-politica-de-creches-em-mt\/"},"modified":"2026-04-23T20:55:56","modified_gmt":"2026-04-23T23:55:56","slug":"articulacao-do-tce-mt-almt-governo-e-gaepe-mt-destrava-obra-e-impulsiona-politica-de-creches-em-mt","status":"publish","type":"post","link":"https:\/\/portalnewsgta.com.br\/index.php\/2026\/04\/23\/articulacao-do-tce-mt-almt-governo-e-gaepe-mt-destrava-obra-e-impulsiona-politica-de-creches-em-mt\/","title":{"rendered":"Articula\u00e7\u00e3o do TCE-MT, ALMT, Governo e Gaepe-MT destrava obra e impulsiona pol\u00edtica de creches em MT"},"content":{"rendered":"<p><img decoding=\"async\" src=\"https:\/\/odocumento.com.br\/content\/images\/2026\/04\/abd9e0eed6b2abe800d3f34cd8338a53.jpg\" alt=\"Articula&#xE7;&#xE3;o do TCE-MT, ALMT, Governo e Gaepe-MT destrava obra e impulsiona pol&#xED;tica de creches em MT\"><\/p>\n<p>Conclu&#xED;do a partir de articula&#xE7;&#xE3;o liderada pelo Tribunal de Contas de Mato Grosso (TCE-MT), o Centro Municipal de Educa&#xE7;&#xE3;o Infantil (CMEI) Frei Joaquim T&#xE9;bar Fernandes, em Pocon&#xE9;, recebeu, nesta quarta-feira (22), a visita institucional do presidente da Comiss&#xE3;o Permanente de Educa&#xE7;&#xE3;o e Cultura (Copec), Antonio Joaquim, do vice-presidente do TCE-MT, conselheiro Waldir Teis, do procurador-geral do Minist&#xE9;rio P&#xFA;blico de Contas (MPC), William Brito J&#xFA;nior,&#xA0;autoridades locais e as demais institui&#xE7;&#xF5;es que comp&#xF5;em o Gabinete de Articula&#xE7;&#xE3;o para a Efetividade da Pol&#xED;tica da Educa&#xE7;&#xE3;o em Mato Grosso (Gaepe-MT).<\/p>\n<p>A visita tira do papel uma obra iniciada h&#xE1; mais de 10 anos e que tem capacidade para atender aproximadamente 200 crian&#xE7;as.&#xA0;&quot;Quando o Tribunal de Contas atua para destravar obras e orientar os gestores, quem ganha &#xE9; a popula&#xE7;&#xE3;o. Estamos falando de crian&#xE7;as que passam a ter acesso &#xE0; educa&#xE7;&#xE3;o e de fam&#xED;lias que conseguem reorganizar suas vidas. Esse &#xE9; o verdadeiro papel do controle externo&#x201D;, destacou o presidente do TCE-MT, conselheiro S&#xE9;rgio Ricardo.&#xA0;<\/p>\n<figure class=\"kg-card kg-image-card\"><img decoding=\"async\" src=\"https:\/\/odocumento.com.br\/content\/images\/2026\/04\/13acb23ea682ade286db6006909858f6.jpg\" class=\"kg-image\" alt=\"Articula&#xE7;&#xE3;o do TCE-MT, ALMT, Governo e Gaepe-MT destrava obra e impulsiona pol&#xED;tica de creches em MT\" loading=\"lazy\" width=\"540\" height=\"360\"><\/figure>\n<p>Na ocasi&#xE3;o, Antonio Joaquim defendeu que a amplia&#xE7;&#xE3;o de vagas em creches deve ser tratada como prioridade absoluta das pol&#xED;ticas p&#xFA;blicas. &#x201C;Estamos h&#xE1; tr&#xEA;s anos trabalhando para diminuir a fila de creche no estado. J&#xE1; conseguimos reduzir quase 40% desse d&#xE9;ficit e vamos continuar at&#xE9; zerar. Depois disso, o desafio ser&#xE1; manter essa fila zerada.&#x201D;<\/p>\n<p>A unidade &#xE9; a primeira de uma s&#xE9;rie de mais de 40 creches com obras retomadas no estado a partir da articula&#xE7;&#xE3;o entre o TCE-MT, Assembleia Legislativa (ALMT), os parceiros do Gaepe-MT, junto ao Governo do Estado e prefeituras.&#xA0;<\/p>\n<figure class=\"kg-card kg-image-card\"><img decoding=\"async\" src=\"https:\/\/odocumento.com.br\/content\/images\/2026\/04\/e9ff3ab6b8144fc9c93653991694bf57.jpg\" class=\"kg-image\" alt=\"Articula&#xE7;&#xE3;o do TCE-MT, ALMT, Governo e Gaepe-MT destrava obra e impulsiona pol&#xED;tica de creches em MT\" loading=\"lazy\" width=\"540\" height=\"360\"><\/figure>\n<p>O presidente da Copec tamb&#xE9;m ressaltou o impacto do trabalho para a educa&#xE7;&#xE3;o na primeira inf&#xE2;ncia, defendendo que o investimento nessa etapa deve ser tratado como estrat&#xE9;gico. &#x201C;A fase de zero a seis anos &#xE9; mais importante do que obras como pontes ou viadutos. &#xC9; nesse per&#xED;odo que se forma a base do desenvolvimento da crian&#xE7;a.&#x201D;<\/p>\n<p>Gra&#xE7;as &#xE0; articula&#xE7;&#xE3;o entre as institui&#xE7;&#xF5;es, o investimento em creches passou a integrar o or&#xE7;amento estadual. S&#xE3;o R$ 40 milh&#xF5;es por ano destinados &#xE0; constru&#xE7;&#xE3;o e amplia&#xE7;&#xE3;o de unidades, totalizando R$ 120 milh&#xF5;es ao longo de tr&#xEA;s anos.&#xA0;<\/p>\n<p>&#x201C;O TCE passou a atuar de forma mais pr&#xF3;xima dos gestores, ajudando a orientar e melhorar a implementa&#xE7;&#xE3;o das pol&#xED;ticas p&#xFA;blicas. N&#xE3;o deixamos de julgar contas, mas buscamos tamb&#xE9;m contribuir para que os recursos sejam melhor aplicados e gerem resultados para a sociedade&#x201D;, avaliou o conselheiro Waldir Teis.&#xA0;<\/p>\n<p>Foi o que tamb&#xE9;m apontou o deputado estadual Eduardo Botelho ao refor&#xE7;ar o repasse de mais R$ 800 mil, por meio de emenda impositiva, para aquisi&#xE7;&#xE3;o de mobili&#xE1;rio. &#x201C;Agora o pr&#xE9;dio estar&#xE1; 100% pronto, com todos os m&#xF3;veis e estrutura adequada para atender essas crian&#xE7;as com qualidade&#x201D;, refor&#xE7;ou.&#xA0;<\/p>\n<p><strong>Articula&#xE7;&#xE3;o destrava obras e garante execu&#xE7;&#xE3;o<\/strong><\/p>\n<figure class=\"kg-card kg-image-card kg-card-hascaption\"><img decoding=\"async\" src=\"https:\/\/odocumento.com.br\/content\/images\/2026\/04\/ebfb18527659282b015c37eede7f113f.jpg\" class=\"kg-image\" alt=\"Articula&#xE7;&#xE3;o do TCE-MT, ALMT, Governo e Gaepe-MT destrava obra e impulsiona pol&#xED;tica de creches em MT\" loading=\"lazy\" width=\"540\" height=\"360\"><figcaption><span>A unidade &#xE9; a primeira de uma s&#xE9;rie de mais de 40 creches com obras retomadas no estado<\/span><\/figcaption><\/figure>\n<p>Al&#xE9;m da mobiliza&#xE7;&#xE3;o pelos repasses, o TCE-MT tamb&#xE9;m ajudou os munic&#xED;pios a superarem entraves burocr&#xE1;ticos que impediam a conclus&#xE3;o das unidades. Um dos exemplos foi a emiss&#xE3;o de recomenda&#xE7;&#xE3;o que deu seguran&#xE7;a jur&#xED;dica para que prefeitos utilizem, de forma concomitante, recursos federais, estaduais e municipais nas obras.&#xA0;<\/p>\n<p>Esse conjunto de medidas abriu caminho para que projetos como o de Pocon&#xE9;, conclu&#xED;do com investimento de aproximadamente R$ 1,5 milh&#xE3;o, sa&#xED;ssem do papel e fossem entregues &#xE0; popula&#xE7;&#xE3;o.&#xA0;<\/p>\n<p>O prefeito Jonas Moraes contou que a edifica&#xE7;&#xE3;o come&#xE7;ou a ser erguida em 2013, mas estava paralisada devido a uma s&#xE9;rie de entraves burocr&#xE1;ticos. &#x201C;S&#xF3; temos a agradecer ao TCE e aos demais membros do Gaepe-MT, que est&#xE3;o fazendo com que a educa&#xE7;&#xE3;o deixe de ser discurso e realmente transforme a vida do cidad&#xE3;o.&#x201D;&#xA0;<\/p>\n<p>Segundo a secret&#xE1;ria-adjunta de Regime de Colabora&#xE7;&#xE3;o da Secretaria de Estado de Educa&#xE7;&#xE3;o (Seduc-MT), Adriana Tomasoni, nesta primeira etapa foram retomadas obras em 15 munic&#xED;pios. &#x201C;&#xC9; a amplia&#xE7;&#xE3;o da vis&#xE3;o do governo de que precisamos investir nos munic&#xED;pios. Ent&#xE3;o, cada um tem o seu projeto, e a gente entra fomentando isso.&#x201D;&#xA0;<\/p>\n<p>Diante dos resultados, o coordenador de articula&#xE7;&#xE3;o interdisciplinar do Instituto Articule, Willer Moravia, chamou a aten&#xE7;&#xE3;o para o pioneirismo do trabalho conjunto. &#x201C;Mato Grosso &#xE9; o primeiro a estruturar essa pol&#xED;tica a partir do di&#xE1;logo entre institui&#xE7;&#xF5;es, com governan&#xE7;a organizada e foco na amplia&#xE7;&#xE3;o de vagas na educa&#xE7;&#xE3;o infantil.&#x201D;&#xA0;<\/p>\n<p>Por sua vez, o procurador-geral do Minist&#xE9;rio P&#xFA;blico de Contas (MPC), Willian Brito Jr., refor&#xE7;ou que a entrega representa o in&#xED;cio de uma pol&#xED;tica p&#xFA;blica estruturada. &#x201C;&#xC9; resultado de um esfor&#xE7;o coletivo para fortalecer a pol&#xED;tica da primeira inf&#xE2;ncia e avan&#xE7;ar na meta de zerar a fila no estado.&#x201D;&#xA0;<\/p>\n<p><strong>Nova unidade amplia atendimento e muda rotina de fam&#xED;lias<\/strong><\/p>\n<p>Em funcionamento desde 2025, o CMEI Frei Joaquim T&#xE9;bar Fernandes deixou de operar em um espa&#xE7;o improvisado e passou a contar com estrutura adequada para atendimento em per&#xED;odo integral, beneficiando fam&#xED;lias de bairros como Cohab Nova, Vila Aurora, Vila Oper&#xE1;ria e regi&#xF5;es pr&#xF3;ximas.&#xA0;<\/p>\n<p>&#x201C;Hoje temos um espa&#xE7;o adequado para nossas crian&#xE7;as e tamb&#xE9;m para os profissionais. Isso faz diferen&#xE7;a, porque garante melhores condi&#xE7;&#xF5;es de trabalho e um atendimento com mais qualidade&#x201D;, destacou a diretora do CMEI, Eliane Maria de Souza.&#xA0;<\/p>\n<p>Para as fam&#xED;lias, o impacto &#xE9; imediato. Ta&#xED;se Dantas, m&#xE3;e da aluna Elo&#xE1; Aycha, de 5 anos, relatou que a proximidade da unidade facilitou a rotina e permitiu conciliar o cuidado com a filha e o trabalho de cozinheira. &#x201C;A creche fica perto de casa e isso ajudou muito na minha rotina. Se n&#xE3;o tivesse, seria muito complicado trabalhar&#x201D;, disse.&#xA0;<\/p>\n<p>J&#xE1; Keilane Let&#xED;cia Bruno Santos relatou que, sem a creche, teria que pagar algu&#xE9;m para cuidar dos filhos. &#x201C;Isso pesaria bastante, porque hoje eu dependo do Bolsa Fam&#xED;lia&#x201D;, disse.&#xA0;<\/p>\n<p>Para o secret&#xE1;rio municipal de Educa&#xE7;&#xE3;o de Pocon&#xE9;, Jean Silva, a unidade garante a amplia&#xE7;&#xE3;o do atendimento e cria condi&#xE7;&#xF5;es para avan&#xE7;ar na oferta em per&#xED;odo integral. Ele destacou ainda que esta &#xE9; uma das oito creches em funcionamento no munic&#xED;pio e apontou os pr&#xF3;ximos passos com a chegada dos novos equipamentos.&#xA0;<\/p>\n<p>&#x201C;N&#xE3;o estamos atendendo na totalidade por causa do mobili&#xE1;rio, mas agora poderemos oferecer todas as vagas que a creche comporta. Tamb&#xE9;m vamos avan&#xE7;ar no atendimento em per&#xED;odo integral. Ainda temos uma demanda reprimida e, &#xE0; medida que ampliamos a oferta, mais fam&#xED;lias procuram o servi&#xE7;o&#x201D;, concluiu.<\/p>\n<p><strong>Fonte:<\/strong> Cidades &#8211; O DOCUMENTO | Confira as principais not\u00edcias de Cuiab\u00e1, Mato Grosso e regi\u00e3o (https:\/\/odocumento.com.br\/articulacao-do-tce-mt-almt-governo-e-gaepe-mt-destrava-obra-e-impulsiona-politica-de-creches-em-mt\/)<\/p>\n","protected":false},"excerpt":{"rendered":"<p>Conclu&#xED;do a partir de articula&#xE7;&#xE3;o liderada pelo Tribunal de Contas de Mato Grosso (TCE-MT), o<\/p>\n","protected":false},"author":2,"featured_media":83872,"comment_status":"open","ping_status":"open","sticky":false,"template":"","format":"standard","meta":{"footnotes":""},"categories":[7],"tags":[],"aioseo_notices":[],"_links":{"self":[{"href":"https:\/\/portalnewsgta.com.br\/index.php\/wp-json\/wp\/v2\/posts\/83871"}],"collection":[{"href":"https:\/\/portalnewsgta.com.br\/index.php\/wp-json\/wp\/v2\/posts"}],"about":[{"href":"https:\/\/portalnewsgta.com.br\/index.php\/wp-json\/wp\/v2\/types\/post"}],"author":[{"embeddable":true,"href":"https:\/\/portalnewsgta.com.br\/index.php\/wp-json\/wp\/v2\/users\/2"}],"replies":[{"embeddable":true,"href":"https:\/\/portalnewsgta.com.br\/index.php\/wp-json\/wp\/v2\/comments?post=83871"}],"version-history":[{"count":0,"href":"https:\/\/portalnewsgta.com.br\/index.php\/wp-json\/wp\/v2\/posts\/83871\/revisions"}],"wp:featuredmedia":[{"embeddable":true,"href":"https:\/\/portalnewsgta.com.br\/index.php\/wp-json\/wp\/v2\/media\/83872"}],"wp:attachment":[{"href":"https:\/\/portalnewsgta.com.br\/index.php\/wp-json\/wp\/v2\/media?parent=83871"}],"wp:term":[{"taxonomy":"category","embeddable":true,"href":"https:\/\/portalnewsgta.com.br\/index.php\/wp-json\/wp\/v2\/categories?post=83871"},{"taxonomy":"post_tag","embeddable":true,"href":"https:\/\/portalnewsgta.com.br\/index.php\/wp-json\/wp\/v2\/tags?post=83871"}],"curies":[{"name":"wp","href":"https:\/\/api.w.org\/{rel}","templated":true}]}}