{"id":82821,"date":"2026-04-09T13:55:40","date_gmt":"2026-04-09T16:55:40","guid":{"rendered":"https:\/\/portalnewsgta.com.br\/index.php\/2026\/04\/09\/dilemario-mantem-candidatura-e-diz-que-apoio-de-abilio-a-paula-nao-interfere-na-eleicao-da-mesa\/"},"modified":"2026-04-09T13:55:40","modified_gmt":"2026-04-09T16:55:40","slug":"dilemario-mantem-candidatura-e-diz-que-apoio-de-abilio-a-paula-nao-interfere-na-eleicao-da-mesa","status":"publish","type":"post","link":"https:\/\/portalnewsgta.com.br\/index.php\/2026\/04\/09\/dilemario-mantem-candidatura-e-diz-que-apoio-de-abilio-a-paula-nao-interfere-na-eleicao-da-mesa\/","title":{"rendered":"Dilem\u00e1rio mant\u00e9m candidatura  e diz que apoio de Abilio a Paula n\u00e3o interfere na elei\u00e7\u00e3o da Mesa"},"content":{"rendered":"<p><img decoding=\"async\" src=\"https:\/\/odocumento.com.br\/content\/images\/2026\/04\/2464.jpg\" alt=\"Dilem&#xE1;rio mant&#xE9;m candidatura  e diz que apoio de Abilio a Paula n&#xE3;o interfere na elei&#xE7;&#xE3;o da Mesa\"><\/p>\n<p><strong><em>Conte&#xFA;do\/ODOC<\/em><\/strong> &#8211; O vereador Dilem&#xE1;rio Alencar, l&#xED;der do Executivo na C&#xE2;mara de Cuiab&#xE1;, afirmou que seguir&#xE1; na disputa pela presid&#xEA;ncia da Mesa Diretora, independentemente do apoio declarado do prefeito Abilio Brunini &#xE0; reelei&#xE7;&#xE3;o da atual presidente, Paula Calil.<\/p>\n<p>Segundo Dilem&#xE1;rio, a manifesta&#xE7;&#xE3;o do prefeito n&#xE3;o altera seus planos pol&#xED;ticos. &#x201C;Com ou sem reelei&#xE7;&#xE3;o da Paula, para mim nada muda. Continuo firme na minha candidatura&#x201D;, declarou.<\/p>\n<p>O parlamentar ponderou que o posicionamento de Abilio faz parte do processo pol&#xED;tico e n&#xE3;o deve ser interpretado como um fator decisivo. &#x201C;Cabe aos 27 vereadores escolherem o pr&#xF3;ximo presidente. O prefeito tem o direito de expressar sua opini&#xE3;o, mas essa decis&#xE3;o &#xE9; do Legislativo&#x201D;, afirmou.<\/p>\n<p>Apesar de Paula j&#xE1; ter sinalizado que n&#xE3;o pretende disputar novamente o cargo, o prefeito tem defendido publicamente sua perman&#xEA;ncia no comando da Casa. A possibilidade, no entanto, esbarra em regras do regimento interno, que atualmente n&#xE3;o permitem reelei&#xE7;&#xE3;o para o mesmo posto.<\/p>\n<p>Dilem&#xE1;rio reconheceu que uma eventual candidatura da atual presidente dependeria de mudan&#xE7;a nas normas internas, com aprova&#xE7;&#xE3;o qualificada dos parlamentares. &#x201C;Se essa proposta for colocada em vota&#xE7;&#xE3;o, n&#xE3;o vejo problema em apoiar. J&#xE1; h&#xE1; discuss&#xF5;es no &#xE2;mbito do Supremo sobre esse tema, e seria mais uma op&#xE7;&#xE3;o para os vereadores avaliarem&#x201D;, disse.<\/p>\n<p>Nos bastidores, o vereador enfrenta dificuldades na consolida&#xE7;&#xE3;o de apoios. O tamb&#xE9;m parlamentar Ilde Taques tem avan&#xE7;ado nas articula&#xE7;&#xF5;es e afirma contar com respaldo de parte significativa da C&#xE2;mara.<\/p>\n<p>Mesmo diante do cen&#xE1;rio, Dilem&#xE1;rio refor&#xE7;ou que mant&#xE9;m sua candidatura ativa. A elei&#xE7;&#xE3;o da Mesa Diretora est&#xE1; prevista para o dia 25 de agosto. Os eleitos assumir&#xE3;o os cargos em 1&#xBA; de janeiro de 2027, para o bi&#xEA;nio 2027\/2028, quando tamb&#xE9;m ser&#xE3;o definidos os ocupantes das vice-presid&#xEA;ncias e secretarias da Casa.<\/p>\n<p><strong>Fonte:<\/strong> Pol\u00edtica &#8211; O DOCUMENTO | Confira as principais not\u00edcias de Cuiab\u00e1, Mato Grosso e regi\u00e3o (https:\/\/odocumento.com.br\/dilemario-mantem-candidatura-e-diz-que-apoio-de-abilio-a-paula-nao-interfere-na-eleicao-da-mesa\/)<\/p>\n","protected":false},"excerpt":{"rendered":"<p>Conte&#xFA;do\/ODOC &#8211; O vereador Dilem&#xE1;rio Alencar, l&#xED;der do Executivo na C&#xE2;mara de Cuiab&#xE1;, afirmou que<\/p>\n","protected":false},"author":2,"featured_media":82822,"comment_status":"open","ping_status":"open","sticky":false,"template":"","format":"standard","meta":{"footnotes":""},"categories":[2],"tags":[],"aioseo_notices":[],"_links":{"self":[{"href":"https:\/\/portalnewsgta.com.br\/index.php\/wp-json\/wp\/v2\/posts\/82821"}],"collection":[{"href":"https:\/\/portalnewsgta.com.br\/index.php\/wp-json\/wp\/v2\/posts"}],"about":[{"href":"https:\/\/portalnewsgta.com.br\/index.php\/wp-json\/wp\/v2\/types\/post"}],"author":[{"embeddable":true,"href":"https:\/\/portalnewsgta.com.br\/index.php\/wp-json\/wp\/v2\/users\/2"}],"replies":[{"embeddable":true,"href":"https:\/\/portalnewsgta.com.br\/index.php\/wp-json\/wp\/v2\/comments?post=82821"}],"version-history":[{"count":0,"href":"https:\/\/portalnewsgta.com.br\/index.php\/wp-json\/wp\/v2\/posts\/82821\/revisions"}],"wp:featuredmedia":[{"embeddable":true,"href":"https:\/\/portalnewsgta.com.br\/index.php\/wp-json\/wp\/v2\/media\/82822"}],"wp:attachment":[{"href":"https:\/\/portalnewsgta.com.br\/index.php\/wp-json\/wp\/v2\/media?parent=82821"}],"wp:term":[{"taxonomy":"category","embeddable":true,"href":"https:\/\/portalnewsgta.com.br\/index.php\/wp-json\/wp\/v2\/categories?post=82821"},{"taxonomy":"post_tag","embeddable":true,"href":"https:\/\/portalnewsgta.com.br\/index.php\/wp-json\/wp\/v2\/tags?post=82821"}],"curies":[{"name":"wp","href":"https:\/\/api.w.org\/{rel}","templated":true}]}}