{"id":82295,"date":"2026-03-31T23:55:43","date_gmt":"2026-04-01T02:55:43","guid":{"rendered":"https:\/\/portalnewsgta.com.br\/index.php\/2026\/03\/31\/almt-da-posse-a-otaviano-pivetta-e-consolida-sucessao-na-direcao-do-executivo-estadual\/"},"modified":"2026-03-31T23:55:43","modified_gmt":"2026-04-01T02:55:43","slug":"almt-da-posse-a-otaviano-pivetta-e-consolida-sucessao-na-direcao-do-executivo-estadual","status":"publish","type":"post","link":"https:\/\/portalnewsgta.com.br\/index.php\/2026\/03\/31\/almt-da-posse-a-otaviano-pivetta-e-consolida-sucessao-na-direcao-do-executivo-estadual\/","title":{"rendered":"ALMT d\u00e1 posse a Otaviano Pivetta e consolida sucess\u00e3o na dire\u00e7\u00e3o do Executivo estadual"},"content":{"rendered":"<p><img decoding=\"async\" src=\"https:\/\/odocumento.com.br\/content\/images\/2026\/03\/36374543cbca3afe65e4ec0f95147b1669cc47b015220.jpg\" alt=\"ALMT d&#xE1; posse a Otaviano Pivetta e consolida sucess&#xE3;o na dire&#xE7;&#xE3;o do Executivo estadual\"><\/p>\n<p>A Assembleia Legislativa do Estado de Mato Grosso (ALMT) oficializou, nesta ter&#xE7;a-feira (31), a posse de Otaviano Pivetta (Republicanos) no cargo de governador do estado, em sess&#xE3;o solene realizada no Plen&#xE1;rio das Delibera&#xE7;&#xF5;es Deputado Ren&#xEA; Barbour. O ato formalizou a sucess&#xE3;o no comando do Poder Executivo ap&#xF3;s a ren&#xFA;ncia do ent&#xE3;o governador Mauro Mendes (Uni&#xE3;o), garantindo a regularidade jur&#xED;dica e a continuidade administrativa do governo.<\/p>\n<p>A solenidade foi conduzida pelo presidente da ALMT, deputado Max Russi (Podemos), respons&#xE1;vel por declarar a vac&#xE2;ncia do cargo ap&#xF3;s a leitura da carta de ren&#xFA;ncia apresentada por Mauro Mendes.<\/p>\n<p>Na sequ&#xEA;ncia, o termo de posse foi lido em plen&#xE1;rio pelo 1&#xBA; secret&#xE1;rio da Mesa Diretora, deputado Dr. Jo&#xE3;o (MDB), conforme estabelece o rito institucional previsto na Constitui&#xE7;&#xE3;o Estadual e no Regimento Interno da Casa, procedimento que reafirma a atribui&#xE7;&#xE3;o constitucional do Poder Legislativo de dar posse ao chefe do Executivo em casos de substitui&#xE7;&#xE3;o definitiva, assegurando estabilidade institucional, seguran&#xE7;a jur&#xED;dica e a continuidade das pol&#xED;ticas p&#xFA;blicas em andamento no estado.<\/p>\n<figure class=\"kg-card kg-image-card\"><img decoding=\"async\" src=\"https:\/\/odocumento.com.br\/content\/images\/2026\/03\/a9382eb2b46a93012d923e52b24eddfe69cc47813113a.jpg\" class=\"kg-image\" alt=\"ALMT d&#xE1; posse a Otaviano Pivetta e consolida sucess&#xE3;o na dire&#xE7;&#xE3;o do Executivo estadual\" loading=\"lazy\" width=\"1600\" height=\"1066\"><\/figure>\n<p>Otaviano Pivetta prestou compromisso constitucional perante os deputados estaduais, apresentou a documenta&#xE7;&#xE3;o exigida pela legisla&#xE7;&#xE3;o, incluindo diploma e declara&#xE7;&#xE3;o de bens, e assinou o termo que oficializou sua posse no cargo, passando a exercer, em car&#xE1;ter definitivo, as fun&#xE7;&#xF5;es de governador de Mato Grosso at&#xE9; o encerramento do atual mandato, em 31 de dezembro de 2026.<\/p>\n<p>Durante a cerim&#xF4;nia, o novo governador destacou a responsabilidade do cargo e reafirmou o compromisso de manter as a&#xE7;&#xF5;es e os programas desenvolvidos ao longo da atual gest&#xE3;o. Segundo ele, o exerc&#xED;cio do poder p&#xFA;blico deve estar diretamente associado ao dever de servir &#xE0; popula&#xE7;&#xE3;o.<\/p>\n<p>&#x201C;O poder, para mim, s&#xF3; existe na propor&#xE7;&#xE3;o da responsabilidade. O &#xFA;nico poder que me interessa &#xE9; o poder de fazer o bem para o povo de Mato Grosso&#x201D;, afirmou.<\/p>\n<p>Pivetta tamb&#xE9;m ressaltou a parceria constru&#xED;da ao longo dos &#xFA;ltimos anos com Mendes e refor&#xE7;ou a inten&#xE7;&#xE3;o de dar continuidade &#xE0;s pol&#xED;ticas p&#xFA;blicas voltadas ao desenvolvimento do estado e ao fortalecimento da rela&#xE7;&#xE3;o entre o governo estadual e os munic&#xED;pios.<\/p>\n<p>&#x201C;Voc&#xEA;s podem esperar de mim a continuidade do trabalho que foi realizado nesses sete anos e tr&#xEA;s meses, com dedica&#xE7;&#xE3;o, responsabilidade e as corre&#xE7;&#xF5;es de rumo necess&#xE1;rias para que Mato Grosso siga avan&#xE7;ando&#x201D;, declarou.<\/p>\n<figure class=\"kg-card kg-image-card\"><img decoding=\"async\" src=\"https:\/\/odocumento.com.br\/content\/images\/2026\/03\/3d1d13cc3b01e82e5543596c19446da569cc3887bbf64.jpg\" class=\"kg-image\" alt=\"ALMT d&#xE1; posse a Otaviano Pivetta e consolida sucess&#xE3;o na dire&#xE7;&#xE3;o do Executivo estadual\" loading=\"lazy\" width=\"1600\" height=\"1066\"><\/figure>\n<p>O presidente, Max Russi, destacou o papel institucional da Assembleia Legislativa na condu&#xE7;&#xE3;o do processo sucess&#xF3;rio e reafirmou o compromisso da Casa com a an&#xE1;lise respons&#xE1;vel das propostas encaminhadas pelo novo governo.<\/p>\n<p>Segundo ele, a atua&#xE7;&#xE3;o do Parlamento tem sido fundamental para viabilizar avan&#xE7;os administrativos e garantir que as pol&#xED;ticas p&#xFA;blicas alcancem a popula&#xE7;&#xE3;o em todas as regi&#xF5;es do estado.<\/p>\n<p>&#x201C;A Assembleia sempre colocou Mato Grosso e sua popula&#xE7;&#xE3;o em primeiro lugar em todas as decis&#xF5;es. Estaremos &#xE0; disposi&#xE7;&#xE3;o para analisar com responsabilidade e agilidade as propostas que forem encaminhadas pelo novo governo, sempre buscando atender aos interesses da sociedade&#x201D;, afirmou.<\/p>\n<figure class=\"kg-card kg-image-card\"><img decoding=\"async\" src=\"https:\/\/odocumento.com.br\/content\/images\/2026\/03\/86f60d95e1e84da8136bfdf7cb296f5869cc47b2b6f05.jpg\" class=\"kg-image\" alt=\"ALMT d&#xE1; posse a Otaviano Pivetta e consolida sucess&#xE3;o na dire&#xE7;&#xE3;o do Executivo estadual\" loading=\"lazy\" width=\"1600\" height=\"1066\"><\/figure>\n<p>Ao se despedir do cargo, Mauro Mendes agradeceu o apoio institucional do Parlamento e reconheceu a import&#xE2;ncia da parceria entre os Poderes ao longo de sua gest&#xE3;o. Ele destacou que a coopera&#xE7;&#xE3;o entre os Poderes Executivo e Legislativo foi decisiva para a implementa&#xE7;&#xE3;o de reformas e investimentos que contribu&#xED;ram para o desenvolvimento do estado.<\/p>\n<p>&#x201C;Entrego o governo nas m&#xE3;os de Otaviano Pivetta com a convic&#xE7;&#xE3;o de que ele possui experi&#xEA;ncia, compromisso e capacidade para dar continuidade ao trabalho realizado em benef&#xED;cio da popula&#xE7;&#xE3;o mato-grossense&#x201D;, declarou.<\/p>\n<p>Durante o discurso, o presidente do Tribunal de Justi&#xE7;a de Mato Grosso (TJMT), desembargador Jos&#xE9; Zuquim Nogueira, destacou a import&#xE2;ncia da harmonia e da coopera&#xE7;&#xE3;o entre os Poderes.<\/p>\n<figure class=\"kg-card kg-image-card\"><img decoding=\"async\" src=\"https:\/\/odocumento.com.br\/content\/images\/2026\/03\/9a7e4c9c1914d25e495619c2424c1c4869cc45d426d8c.jpg\" class=\"kg-image\" alt=\"ALMT d&#xE1; posse a Otaviano Pivetta e consolida sucess&#xE3;o na dire&#xE7;&#xE3;o do Executivo estadual\" loading=\"lazy\" width=\"1600\" height=\"1066\"><\/figure>\n<p>&#x201C;O momento reafirma a import&#xE2;ncia da harmonia e da coopera&#xE7;&#xE3;o entre os Poderes Judici&#xE1;rio, Legislativo e Executivo, cada um cumprindo seu papel constitucional em favor da estabilidade institucional e do desenvolvimento de Mato Grosso. O Tribunal de Justi&#xE7;a permanece comprometido com o di&#xE1;logo, a legalidade e o fortalecimento das institui&#xE7;&#xF5;es, sempre em benef&#xED;cio da sociedade.&#x201D;<\/p>\n<p>A sess&#xE3;o solene reuniu prefeitos, vereadores, autoridades dos Poderes constitu&#xED;dos, representantes do Tribunal de Contas do Estado (TCE-MT), do Tribunal de Justi&#xE7;a de Mato Grosso (TJMT) e do Minist&#xE9;rio P&#xFA;blico de Mato Grosso (MPMT), al&#xE9;m de representantes de institui&#xE7;&#xF5;es p&#xFA;blicas e privadas, lideran&#xE7;as da sociedade civil, familiares e amigos do novo governador.<\/p>\n<figure class=\"kg-card kg-image-card\"><img decoding=\"async\" src=\"https:\/\/odocumento.com.br\/content\/images\/2026\/03\/8520d7f3034dff6642bf1b6176e2d92169cc37fda83cc.jpg\" class=\"kg-image\" alt=\"ALMT d&#xE1; posse a Otaviano Pivetta e consolida sucess&#xE3;o na dire&#xE7;&#xE3;o do Executivo estadual\" loading=\"lazy\" width=\"1600\" height=\"1066\"><\/figure>\n<p><strong>Regras eleitorais e sucess&#xE3;o no Executivo<\/strong>&#xA0;- Para disputar as elei&#xE7;&#xF5;es de 2026 ao cargo de senador, Mauro Mendes precisou renunciar ao mandato de governador porque a legisla&#xE7;&#xE3;o eleitoral brasileira exige o afastamento definitivo do chefe do Executivo que pretende concorrer a outro cargo, garantindo igualdade de condi&#xE7;&#xF5;es entre os candidatos. J&#xE1; no caso de Otaviano Pivetta, se optar pela reelei&#xE7;&#xE3;o ao governo, a Constitui&#xE7;&#xE3;o permite que permane&#xE7;a no cargo durante o processo eleitoral, por se tratar de continuidade do mandato e n&#xE3;o de mudan&#xE7;a de fun&#xE7;&#xE3;o.<\/p>\n<p><strong>Fonte:<\/strong> Pol\u00edtica &#8211; O DOCUMENTO | Confira as principais not\u00edcias de Cuiab\u00e1, Mato Grosso e regi\u00e3o (https:\/\/odocumento.com.br\/almt-da-posse-a-otaviano-pivetta-e-consolida-sucessao-na-direcao-do-executivo-estadual\/)<\/p>\n","protected":false},"excerpt":{"rendered":"<p>A Assembleia Legislativa do Estado de Mato Grosso (ALMT) oficializou, nesta ter&#xE7;a-feira (31), a posse<\/p>\n","protected":false},"author":2,"featured_media":82296,"comment_status":"open","ping_status":"open","sticky":false,"template":"","format":"standard","meta":{"footnotes":""},"categories":[2],"tags":[],"aioseo_notices":[],"_links":{"self":[{"href":"https:\/\/portalnewsgta.com.br\/index.php\/wp-json\/wp\/v2\/posts\/82295"}],"collection":[{"href":"https:\/\/portalnewsgta.com.br\/index.php\/wp-json\/wp\/v2\/posts"}],"about":[{"href":"https:\/\/portalnewsgta.com.br\/index.php\/wp-json\/wp\/v2\/types\/post"}],"author":[{"embeddable":true,"href":"https:\/\/portalnewsgta.com.br\/index.php\/wp-json\/wp\/v2\/users\/2"}],"replies":[{"embeddable":true,"href":"https:\/\/portalnewsgta.com.br\/index.php\/wp-json\/wp\/v2\/comments?post=82295"}],"version-history":[{"count":0,"href":"https:\/\/portalnewsgta.com.br\/index.php\/wp-json\/wp\/v2\/posts\/82295\/revisions"}],"wp:featuredmedia":[{"embeddable":true,"href":"https:\/\/portalnewsgta.com.br\/index.php\/wp-json\/wp\/v2\/media\/82296"}],"wp:attachment":[{"href":"https:\/\/portalnewsgta.com.br\/index.php\/wp-json\/wp\/v2\/media?parent=82295"}],"wp:term":[{"taxonomy":"category","embeddable":true,"href":"https:\/\/portalnewsgta.com.br\/index.php\/wp-json\/wp\/v2\/categories?post=82295"},{"taxonomy":"post_tag","embeddable":true,"href":"https:\/\/portalnewsgta.com.br\/index.php\/wp-json\/wp\/v2\/tags?post=82295"}],"curies":[{"name":"wp","href":"https:\/\/api.w.org\/{rel}","templated":true}]}}