{"id":81941,"date":"2026-03-26T20:55:55","date_gmt":"2026-03-26T23:55:55","guid":{"rendered":"https:\/\/portalnewsgta.com.br\/index.php\/2026\/03\/26\/semana-santa-comeca-domingo-e-tera-despedida-de-dom-mario-antonio-confira-programacao\/"},"modified":"2026-03-26T20:55:55","modified_gmt":"2026-03-26T23:55:55","slug":"semana-santa-comeca-domingo-e-tera-despedida-de-dom-mario-antonio-confira-programacao","status":"publish","type":"post","link":"https:\/\/portalnewsgta.com.br\/index.php\/2026\/03\/26\/semana-santa-comeca-domingo-e-tera-despedida-de-dom-mario-antonio-confira-programacao\/","title":{"rendered":"Semana Santa come\u00e7a domingo e ter\u00e1 despedida de Dom M\u00e1rio Antonio; confira programa\u00e7\u00e3o"},"content":{"rendered":"<p><img decoding=\"async\" src=\"https:\/\/odocumento.com.br\/content\/images\/2026\/03\/5cbcb35c9479493033b3291012eeeb8e--1-.jpg\" alt=\"Semana Santa come&#xE7;a domingo e ter&#xE1; despedida de Dom M&#xE1;rio Antonio; confira programa&#xE7;&#xE3;o\"><\/p>\n<p>A Semana Santa tem in&#xED;cio no pr&#xF3;ximo Domingo de Ramos (29), e os cat&#xF3;licos da Arquidiocese de Cuiab&#xE1; j&#xE1; se preparam para vivenciar a chamada &#x201C;Semana Maior&#x201D;, o tempo mais importante do calend&#xE1;rio lit&#xFA;rgico da Igreja Cat&#xF3;lica, no qual se celebram os mist&#xE9;rios centrais da f&#xE9; crist&#xE3;: a paix&#xE3;o, morte e ressurrei&#xE7;&#xE3;o de Jesus Cristo.<\/p>\n<p>A programa&#xE7;&#xE3;o oficial ser&#xE1; presidida pelo arcebispo Dom M&#xE1;rio Antonio e reunir&#xE1; fi&#xE9;is nas 33 par&#xF3;quias da Arquidiocese. Estas tamb&#xE9;m ser&#xE3;o as &#xFA;ltimas celebra&#xE7;&#xF5;es da Semana Santa conduzidas por Dom M&#xE1;rio na Arquidiocese de Cuiab&#xE1;, ap&#xF3;s sua nomea&#xE7;&#xE3;o para a Arquidiocese de Aparecida (SP).<\/p>\n<p>As celebra&#xE7;&#xF5;es com Dom M&#xE1;rio ser&#xE3;o presididas na Catedral Bas&#xED;lica Senhor Bom Jesus de Cuiab&#xE1;, t&#xEA;m in&#xED;cio no Domingo de Ramos, no dia 29 de mar&#xE7;o, &#xE0;s 7h, com o rito da b&#xEA;n&#xE7;&#xE3;o dos ramos na Pra&#xE7;a da Rep&#xFA;blica, em frente &#xE0; Catedral. Em seguida, os fi&#xE9;is seguem em prociss&#xE3;o para a Catedral Bas&#xED;lica, onde ser&#xE1; celebrada a Santa Missa, recordando a entrada triunfal de Jesus em Jerusal&#xE9;m e abrindo solenemente a Semana Santa.<\/p>\n<p>Na Quinta-feira Santa (2), a Igreja celebra dois momentos distintos e profundamente significativos. Pela manh&#xE3;, &#xE0;s 9h, ocorre a Missa do Crisma (ou Missa dos Santos &#xD3;leos), na qual s&#xE3;o aben&#xE7;oados os &#xF3;leos dos catec&#xFA;menos e dos enfermos, e consagrado o Santo Crisma, al&#xE9;m da renova&#xE7;&#xE3;o das promessas sacerdotais pelos presb&#xED;teros da Arquidiocese.<\/p>\n<p>&#xC0; noite, &#xE0;s 19h, &#xE9; celebrada a Missa da Ceia do Senhor, que recorda a institui&#xE7;&#xE3;o da Eucaristia e do sacerd&#xF3;cio ministerial, bem como o gesto do lava-p&#xE9;s, sinal do amor e do servi&#xE7;o de Cristo.<\/p>\n<p>Na Sexta-feira Santa, dia 3 de abril, &#xE0;s 15h, os fi&#xE9;is s&#xE3;o convidados a participar da Celebra&#xE7;&#xE3;o da Paix&#xE3;o do Senhor, marcada pela escuta da Palavra, adora&#xE7;&#xE3;o da Cruz e distribui&#xE7;&#xE3;o da Sagrada Comunh&#xE3;o. Conforme a tradi&#xE7;&#xE3;o da Igreja Cat&#xF3;lica, este &#xE9; o &#xFA;nico dia do ano em que n&#xE3;o se celebra a Santa Missa, em sinal de luto e contempla&#xE7;&#xE3;o do sacrif&#xED;cio de Cristo na cruz.<\/p>\n<p>A programa&#xE7;&#xE3;o segue no S&#xE1;bado Santo, dia 4 de abril, &#xE0;s 19h, com a solene Vig&#xED;lia Pascal, a mais importante celebra&#xE7;&#xE3;o do ano lit&#xFA;rgico. A celebra&#xE7;&#xE3;o tem in&#xED;cio com a b&#xEA;n&#xE7;&#xE3;o do fogo novo na Pra&#xE7;a da Rep&#xFA;blica, seguida da prociss&#xE3;o para a Catedral. Durante a Vig&#xED;lia, a Igreja celebra a vit&#xF3;ria de Cristo sobre a morte, com a liturgia da luz, da Palavra, da &#xE1;gua e da Eucaristia.<\/p>\n<p>O Tr&#xED;duo Pascal &#x2014; centro de todo o ano lit&#xFA;rgico &#x2014; constitui uma &#xFA;nica e grande celebra&#xE7;&#xE3;o do mist&#xE9;rio pascal de Cristo. Ele tem in&#xED;cio com a Missa da Ceia do Senhor na Quinta-feira Santa, passa pela Paix&#xE3;o na Sexta-feira, atinge seu &#xE1;pice na Vig&#xED;lia Pascal e se prolonga at&#xE9; o Domingo da Ressurrei&#xE7;&#xE3;o.<\/p>\n<p><strong>Programa&#xE7;&#xE3;o com Dom M&#xE1;rio Antonio na Catedral de Cuiab&#xE1;<\/strong><\/p>\n<p><strong>Quinta-feira (02.04)<\/strong><\/p>\n<p>Missa dos Santo &#xD3;leos &#8211; 9h<\/p>\n<p>Missa de Lava &#x2013; P&#xE9;s &#x2013; 19h<\/p>\n<p><strong>Sexta-feira (03.04)<\/strong><\/p>\n<p>Sexta-feira da Paix&#xE3;o do Senhor -15h<\/p>\n<p>Em seguida, prociss&#xE3;o com o Senhor Morto &#x2013; ato de f&#xE9; p&#xFA;blica<\/p>\n<p><strong>S&#xE1;bado (04.04)<\/strong><\/p>\n<p>Vig&#xED;lia Pascal &#x2013; 19h<\/p>\n<p><strong>Fonte:<\/strong> Cidades &#8211; O DOCUMENTO | Confira as principais not\u00edcias de Cuiab\u00e1, Mato Grosso e regi\u00e3o (https:\/\/odocumento.com.br\/semana-santa-comeca-domingo-e-tera-despedida-de-dom-mario-antonio-confira-programacao\/)<\/p>\n","protected":false},"excerpt":{"rendered":"<p>A Semana Santa tem in&#xED;cio no pr&#xF3;ximo Domingo de Ramos (29), e os cat&#xF3;licos da<\/p>\n","protected":false},"author":2,"featured_media":81942,"comment_status":"open","ping_status":"open","sticky":false,"template":"","format":"standard","meta":{"footnotes":""},"categories":[7],"tags":[],"aioseo_notices":[],"_links":{"self":[{"href":"https:\/\/portalnewsgta.com.br\/index.php\/wp-json\/wp\/v2\/posts\/81941"}],"collection":[{"href":"https:\/\/portalnewsgta.com.br\/index.php\/wp-json\/wp\/v2\/posts"}],"about":[{"href":"https:\/\/portalnewsgta.com.br\/index.php\/wp-json\/wp\/v2\/types\/post"}],"author":[{"embeddable":true,"href":"https:\/\/portalnewsgta.com.br\/index.php\/wp-json\/wp\/v2\/users\/2"}],"replies":[{"embeddable":true,"href":"https:\/\/portalnewsgta.com.br\/index.php\/wp-json\/wp\/v2\/comments?post=81941"}],"version-history":[{"count":0,"href":"https:\/\/portalnewsgta.com.br\/index.php\/wp-json\/wp\/v2\/posts\/81941\/revisions"}],"wp:featuredmedia":[{"embeddable":true,"href":"https:\/\/portalnewsgta.com.br\/index.php\/wp-json\/wp\/v2\/media\/81942"}],"wp:attachment":[{"href":"https:\/\/portalnewsgta.com.br\/index.php\/wp-json\/wp\/v2\/media?parent=81941"}],"wp:term":[{"taxonomy":"category","embeddable":true,"href":"https:\/\/portalnewsgta.com.br\/index.php\/wp-json\/wp\/v2\/categories?post=81941"},{"taxonomy":"post_tag","embeddable":true,"href":"https:\/\/portalnewsgta.com.br\/index.php\/wp-json\/wp\/v2\/tags?post=81941"}],"curies":[{"name":"wp","href":"https:\/\/api.w.org\/{rel}","templated":true}]}}