{"id":81933,"date":"2026-03-26T20:55:50","date_gmt":"2026-03-26T23:55:50","guid":{"rendered":"https:\/\/portalnewsgta.com.br\/index.php\/2026\/03\/26\/virginia-mendes-indica-defesa-das-mulheres-como-mote-de-eventual-candidatura-a-camara\/"},"modified":"2026-03-26T20:55:50","modified_gmt":"2026-03-26T23:55:50","slug":"virginia-mendes-indica-defesa-das-mulheres-como-mote-de-eventual-candidatura-a-camara","status":"publish","type":"post","link":"https:\/\/portalnewsgta.com.br\/index.php\/2026\/03\/26\/virginia-mendes-indica-defesa-das-mulheres-como-mote-de-eventual-candidatura-a-camara\/","title":{"rendered":"Virginia Mendes indica defesa das mulheres como mote de eventual candidatura \u00e0 C\u00e2mara"},"content":{"rendered":"<p><img decoding=\"async\" src=\"https:\/\/odocumento.com.br\/content\/images\/2026\/03\/Programas-SER-Fam--lia-Habita----o_pedra-90-4710.jpg\" alt=\"Virginia Mendes indica defesa das mulheres como mote de eventual candidatura &#xE0; C&#xE2;mara\"><\/p>\n<p><strong><em>Conte&#xFA;do\/ODOC<\/em><\/strong> &#8211; A primeira-dama de Mato Grosso, Virginia Mendes, indicou que a prote&#xE7;&#xE3;o &#xE0;s mulheres deve ser o eixo central de uma eventual candidatura &#xE0; C&#xE2;mara dos Deputados. A declara&#xE7;&#xE3;o foi dada na noite de quarta-feira (25), ao comentar seus planos pol&#xED;ticos para as elei&#xE7;&#xF5;es.<\/p>\n<p>Nos &#xFA;ltimos dias, Virginia j&#xE1; havia condicionado a decis&#xE3;o de entrar na disputa ao posicionamento do marido, o governador Mauro Mendes, sobre uma poss&#xED;vel candidatura ao Senado. Com a confirma&#xE7;&#xE3;o, nesta quinta-feira (26), de que ele ir&#xE1; concorrer ao cargo, cresce a expectativa de que ela oficialize a entrada na corrida eleitoral.<\/p>\n<p>Durante a conversa com a imprensa, a primeira-dama defendeu mudan&#xE7;as mais r&#xED;gidas na legisla&#xE7;&#xE3;o voltada ao combate ao feminic&#xED;dio. Para ela, embora a lei preveja penas severas, que podem chegar a d&#xE9;cadas de pris&#xE3;o, falhas no sistema ainda permitem que condenados n&#xE3;o cumpram integralmente as senten&#xE7;as.<\/p>\n<p>Virginia afirmou que, caso confirme a candidatura, pretende atuar diretamente na formula&#xE7;&#xE3;o de leis em n&#xED;vel federal. &#x201C;Se eu decidir disputar, a minha principal bandeira ser&#xE1; a defesa das mulheres. O Brasil precisa avan&#xE7;ar, e essas mudan&#xE7;as passam por Bras&#xED;lia&#x201D;, disse.<\/p>\n<p>Ela tamb&#xE9;m ressaltou que estados t&#xEA;m limita&#xE7;&#xF5;es para legislar sobre o tema e refor&#xE7;ou a necessidade de articula&#xE7;&#xE3;o no Congresso Nacional. &#x201C;N&#xE3;o &#xE9; uma decis&#xE3;o que depende s&#xF3; de um estado. Envolve o presidente, senadores, deputados e tamb&#xE9;m a uni&#xE3;o das mulheres para que consigam leis mais firmes, que realmente inibam esse tipo de crime&#x201D;, completou.<\/p>\n<p><strong>Fonte:<\/strong> Pol\u00edtica &#8211; O DOCUMENTO | Confira as principais not\u00edcias de Cuiab\u00e1, Mato Grosso e regi\u00e3o (https:\/\/odocumento.com.br\/virginia-mendes-indica-defesa-das-mulheres-como-mote-de-eventual-candidatura-a-camara\/)<\/p>\n","protected":false},"excerpt":{"rendered":"<p>Conte&#xFA;do\/ODOC &#8211; A primeira-dama de Mato Grosso, Virginia Mendes, indicou que a prote&#xE7;&#xE3;o &#xE0;s mulheres<\/p>\n","protected":false},"author":2,"featured_media":81934,"comment_status":"open","ping_status":"open","sticky":false,"template":"","format":"standard","meta":{"footnotes":""},"categories":[2],"tags":[],"aioseo_notices":[],"_links":{"self":[{"href":"https:\/\/portalnewsgta.com.br\/index.php\/wp-json\/wp\/v2\/posts\/81933"}],"collection":[{"href":"https:\/\/portalnewsgta.com.br\/index.php\/wp-json\/wp\/v2\/posts"}],"about":[{"href":"https:\/\/portalnewsgta.com.br\/index.php\/wp-json\/wp\/v2\/types\/post"}],"author":[{"embeddable":true,"href":"https:\/\/portalnewsgta.com.br\/index.php\/wp-json\/wp\/v2\/users\/2"}],"replies":[{"embeddable":true,"href":"https:\/\/portalnewsgta.com.br\/index.php\/wp-json\/wp\/v2\/comments?post=81933"}],"version-history":[{"count":0,"href":"https:\/\/portalnewsgta.com.br\/index.php\/wp-json\/wp\/v2\/posts\/81933\/revisions"}],"wp:featuredmedia":[{"embeddable":true,"href":"https:\/\/portalnewsgta.com.br\/index.php\/wp-json\/wp\/v2\/media\/81934"}],"wp:attachment":[{"href":"https:\/\/portalnewsgta.com.br\/index.php\/wp-json\/wp\/v2\/media?parent=81933"}],"wp:term":[{"taxonomy":"category","embeddable":true,"href":"https:\/\/portalnewsgta.com.br\/index.php\/wp-json\/wp\/v2\/categories?post=81933"},{"taxonomy":"post_tag","embeddable":true,"href":"https:\/\/portalnewsgta.com.br\/index.php\/wp-json\/wp\/v2\/tags?post=81933"}],"curies":[{"name":"wp","href":"https:\/\/api.w.org\/{rel}","templated":true}]}}