{"id":81760,"date":"2026-03-24T22:56:07","date_gmt":"2026-03-25T01:56:07","guid":{"rendered":"https:\/\/portalnewsgta.com.br\/index.php\/2026\/03\/24\/mauro-mendes-lidera-com-folga-e-tem-31-janaina-riva-23-favaro-14-e-medeiros-11\/"},"modified":"2026-03-24T22:56:07","modified_gmt":"2026-03-25T01:56:07","slug":"mauro-mendes-lidera-com-folga-e-tem-31-janaina-riva-23-favaro-14-e-medeiros-11","status":"publish","type":"post","link":"https:\/\/portalnewsgta.com.br\/index.php\/2026\/03\/24\/mauro-mendes-lidera-com-folga-e-tem-31-janaina-riva-23-favaro-14-e-medeiros-11\/","title":{"rendered":"Mauro Mendes lidera com folga e tem 31%; Janaina Riva, 23%; F\u00e1varo, 14%; e Medeiros, 11%"},"content":{"rendered":"<p><img decoding=\"async\" src=\"https:\/\/odocumento.com.br\/content\/images\/2026\/03\/amp-6cdf83f056d3a24616507c1668725c85.jpg\" alt=\"Mauro Mendes lidera com folga e tem 31%; Janaina Riva, 23%; F&#xE1;varo, 14%; e Medeiros, 11%\"><\/p>\n<p><strong><em>CNN Brasil<\/em><\/strong> &#8211; O governador&#xA0;Mauro Mendes&#xA0;(Uni&#xE3;o) e a deputada estadual&#xA0;Janaina Riva&#xA0;(MDB) lideram os cen&#xE1;rios em uma eventual disputa ao Senado por Mato Grosso, segundo pesquisa do instituto<strong>&#xA0;Real Time Big Data<\/strong>&#xA0;divulgada nesta ter&#xE7;a-feira (24).<\/p>\n<p>No primeiro cen&#xE1;rio testado, Mendes aparece com&#xA0;31%&#xA0;das inten&#xE7;&#xF5;es de voto, seguido por Jana&#xED;na, com&#xA0;23%. O ministro da Agricultura,&#xA0;Carlos F&#xE1;varo&#xA0;(PSD), tem&#xA0;14%; o deputado federal&#xA0;Jos&#xE9; Medeiros&#xA0;(PL),&#xA0;11%; e a ex-deputada federal Professora&#xA0;Rosa Neide&#xA0;(PT),&#xA0;6%.<\/p>\n<p>Votos em branco e nulos somam&#xA0;9%. Outros&#xA0;6%&#xA0;n&#xE3;o souberam responder.<\/p>\n<p>No segundo cen&#xE1;rio, Mendes mant&#xE9;m&#xA0;31%, Jana&#xED;na aparece com<strong>&#xA0;<\/strong>23%, F&#xE1;varo soma<strong>&#xA0;<\/strong>15%, Medeiros,&#xA0;11%, e o ex-senador Pedro Taques (PSB) tem&#xA0;6%.<\/p>\n<p>Votos em branco e nulos s&#xE3;o&#xA0;9%<strong>.<\/strong>&#xA0;J&#xE1;&#xA0;5%&#xA0;n&#xE3;o souberam responder.<\/p>\n<p>J&#xE1; no terceiro cen&#xE1;rio, Mendes lidera com&#xA0;28%, seguido por Jana&#xED;na, que assinala&#xA0;21%. F&#xE1;varo marca&#xA0;12%. O senador Jayme Campos (Uni&#xE3;o), que deve buscar a reelei&#xE7;&#xE3;o, registra&#xA0;11%; Medeiros,&#xA0;10%; e Rosa Neide,&#xA0;6%.<\/p>\n<p>Nessa simula&#xE7;&#xE3;o, votos em branco e nulos totalizam&#xA0;8%, e&#xA0;4%&#xA0;n&#xE3;o souberam responder.<\/p>\n<p>Nestas elei&#xE7;&#xF5;es, o Senado renovar&#xE1; dois ter&#xE7;os de suas cadeiras, elegendo dois parlamentares por unidade federativa.<\/p>\n<figure class=\"kg-card kg-image-card\"><img decoding=\"async\" src=\"https:\/\/odocumento.com.br\/content\/images\/2026\/03\/9ce1155f9884adbf14c74f1c972c5ed8-1.png\" class=\"kg-image\" alt=\"Mauro Mendes lidera com folga e tem 31%; Janaina Riva, 23%; F&#xE1;varo, 14%; e Medeiros, 11%\" loading=\"lazy\" width=\"800\" height=\"320\"><\/figure>\n<p><strong>Metodologia<\/strong><\/p>\n<p>Foram ouvidas&#xA0;1.600 pessoas&#xA0;no Mato Grosso entre os dias&#xA0;21&#xA0;e&#xA0;23&#xA0;de mar&#xE7;o. A margem de erro &#xE9; de&#xA0;dois pontos&#xA0;percentuais, para mais ou para menos. O &#xED;ndice de confian&#xE7;a &#xE9; de&#xA0;95%.<\/p>\n<p>A pesquisa foi realizada com recursos pr&#xF3;prios do instituto e est&#xE1; registrada no TSE (Tribunal Superior Eleitoral) sob o protocolo&#xA0;<strong>BR-05763\/2026<\/strong>.<\/p>\n<p><strong>Veja gr&#xE1;ficos:<\/strong><\/p>\n<figure class=\"kg-card kg-image-card\"><img decoding=\"async\" src=\"https:\/\/odocumento.com.br\/content\/images\/2026\/03\/cee7d90b9fb90d4152affae7d6895266.jpg\" class=\"kg-image\" alt=\"Mauro Mendes lidera com folga e tem 31%; Janaina Riva, 23%; F&#xE1;varo, 14%; e Medeiros, 11%\" loading=\"lazy\" width=\"627\" height=\"602\"><\/figure>\n<p>&#xA0;<\/p>\n<figure class=\"kg-card kg-image-card\"><img decoding=\"async\" src=\"https:\/\/odocumento.com.br\/content\/images\/2026\/03\/c8c12094f6e1a695702a729d5a7db140-3.jpg\" class=\"kg-image\" alt=\"Mauro Mendes lidera com folga e tem 31%; Janaina Riva, 23%; F&#xE1;varo, 14%; e Medeiros, 11%\" loading=\"lazy\" width=\"619\" height=\"584\"><\/figure>\n<figure class=\"kg-card kg-image-card\"><img decoding=\"async\" src=\"https:\/\/odocumento.com.br\/content\/images\/2026\/03\/7a67fd73a5183f760fe320a175f2ade0-1.jpg\" class=\"kg-image\" alt=\"Mauro Mendes lidera com folga e tem 31%; Janaina Riva, 23%; F&#xE1;varo, 14%; e Medeiros, 11%\" loading=\"lazy\" width=\"624\" height=\"637\"><\/figure>\n<p><strong>Fonte:<\/strong> Pol\u00edtica &#8211; O DOCUMENTO | Confira as principais not\u00edcias de Cuiab\u00e1, Mato Grosso e regi\u00e3o (https:\/\/odocumento.com.br\/mauro-mendes-lidera-com-folga-e-tem-31-janaina-riva-23-favaro-14-e-medeiros-11\/)<\/p>\n","protected":false},"excerpt":{"rendered":"<p>CNN Brasil &#8211; O governador&#xA0;Mauro Mendes&#xA0;(Uni&#xE3;o) e a deputada estadual&#xA0;Janaina Riva&#xA0;(MDB) lideram os cen&#xE1;rios em<\/p>\n","protected":false},"author":2,"featured_media":81761,"comment_status":"open","ping_status":"open","sticky":false,"template":"","format":"standard","meta":{"footnotes":""},"categories":[2],"tags":[],"aioseo_notices":[],"_links":{"self":[{"href":"https:\/\/portalnewsgta.com.br\/index.php\/wp-json\/wp\/v2\/posts\/81760"}],"collection":[{"href":"https:\/\/portalnewsgta.com.br\/index.php\/wp-json\/wp\/v2\/posts"}],"about":[{"href":"https:\/\/portalnewsgta.com.br\/index.php\/wp-json\/wp\/v2\/types\/post"}],"author":[{"embeddable":true,"href":"https:\/\/portalnewsgta.com.br\/index.php\/wp-json\/wp\/v2\/users\/2"}],"replies":[{"embeddable":true,"href":"https:\/\/portalnewsgta.com.br\/index.php\/wp-json\/wp\/v2\/comments?post=81760"}],"version-history":[{"count":0,"href":"https:\/\/portalnewsgta.com.br\/index.php\/wp-json\/wp\/v2\/posts\/81760\/revisions"}],"wp:featuredmedia":[{"embeddable":true,"href":"https:\/\/portalnewsgta.com.br\/index.php\/wp-json\/wp\/v2\/media\/81761"}],"wp:attachment":[{"href":"https:\/\/portalnewsgta.com.br\/index.php\/wp-json\/wp\/v2\/media?parent=81760"}],"wp:term":[{"taxonomy":"category","embeddable":true,"href":"https:\/\/portalnewsgta.com.br\/index.php\/wp-json\/wp\/v2\/categories?post=81760"},{"taxonomy":"post_tag","embeddable":true,"href":"https:\/\/portalnewsgta.com.br\/index.php\/wp-json\/wp\/v2\/tags?post=81760"}],"curies":[{"name":"wp","href":"https:\/\/api.w.org\/{rel}","templated":true}]}}