{"id":81087,"date":"2026-03-16T15:21:05","date_gmt":"2026-03-16T18:21:05","guid":{"rendered":"https:\/\/portalnewsgta.com.br\/?p=81087"},"modified":"2026-03-16T15:21:05","modified_gmt":"2026-03-16T18:21:05","slug":"janaina-nega-ter-articulado-expulsao-de-galvan-do-dc-desconheco","status":"publish","type":"post","link":"https:\/\/portalnewsgta.com.br\/index.php\/2026\/03\/16\/janaina-nega-ter-articulado-expulsao-de-galvan-do-dc-desconheco\/","title":{"rendered":"Janaina nega ter articulado \u2018expuls\u00e3o\u2019 de Galvan do DC; &#8216;desconhe\u00e7o&#8217;"},"content":{"rendered":"<div class=\"col-xs-12 col-sm-12 col-md-12 col-lg-12 mb10\">\n<div class=\"row\">\n<div class=\"col-xs-12 col-sm-12 col-md-12 col-lg-12 mb15\">\n<div class=\"row\">\n<div class=\"col-xs-12 col-sm-11 col-md-11 col-lg-11 autorer\"><span class=\"autores_fontes_nome\">Fred Moraes<\/span><\/p>\n<p class=\"autores_fontes_email\">fred.moraes@gazetadigital.com.br<\/p>\n<\/div>\n<\/div>\n<\/div>\n<\/div>\n<\/div>\n<div class=\"col-xs-12 col-sm-12 col-md-12 col-lg-12 mb30\">\n<p class=\"credito-1\">Montagem GD<\/p>\n<p><span class=\"img-conteudo pull-left\"><a href=\"https:\/\/www.gazetadigital.com.br\/storage\/webdisco\/2026\/03\/16\/1200x900\/2f720e39b3c3592d854a859f941a454c.jpg\" data-fancybox=\"gallery\" data-caption=\"Montagem GD \"><img decoding=\"async\" src=\"https:\/\/www.gazetadigital.com.br\/storage\/webdisco\/2026\/03\/16\/431x285\/2f720e39b3c3592d854a859f941a454c.jpg\" alt=\"Montagem GD \" \/><\/a><\/span><\/p>\n<p class=\"img-conteudo-desc\">\n<div id=\"text-content\" class=\"mb20\">\n<p>A deputada estadual Janaina Riva (MDB) negou qualquer participa\u00e7\u00e3o nas articula\u00e7\u00f5es que teriam levado \u00e0 sa\u00edda do produtor rural Ant\u00f4nio Galvan do Democracia Crist\u00e3 (DC) em Mato Grosso. Segundo a parlamentar, ela tomou conhecimento do epis\u00f3dio apenas pela imprensa e nunca foi procurada para tratar do assunto.<\/p>\n<p>&nbsp;<\/p>\n<p>\u201cNunca, nunca. [O Democracia Crist\u00e3] Nunca entraram em contato comigo, nunca falaram comigo. Soube disso pela imprensa. Nem com ele [Ant\u00f4nio Galvan], nem com ningu\u00e9m pr\u00f3ximo a ele\u201d, afirmou.<\/p>\n<p>&nbsp;<\/p>\n<p>Janaina afirmou que sequer iniciou discuss\u00f5es sobre a forma\u00e7\u00e3o da chapa ao Senado, incluindo a defini\u00e7\u00e3o de suplentes. Segundo ela, esse debate dever\u00e1 ocorrer apenas ap\u00f3s o per\u00edodo da chamada janela partid\u00e1ria, iniciada em 5 de mar\u00e7o, quando os partidos come\u00e7am a consolidar as coliga\u00e7\u00f5es.<\/p>\n<p>&nbsp;<\/p>\n<p>\u201cEssa discuss\u00e3o precisa ser feita entre os partidos. Vamos aguardar agora o prazo da janela, que termina no dia 3 de abril, para come\u00e7ar a tratar das coliga\u00e7\u00f5es. Pode acontecer de algum partido exigir ou querer discutir uma das supl\u00eancias\u201d, explicou.<\/p>\n<p>&nbsp;<\/p>\n<p>A parlamentar ainda disse que, neste momento, n\u00e3o pretende excluir nenhum partido das poss\u00edveis alian\u00e7as para a disputa eleitoral de 2026. De acordo com ela, o cen\u00e1rio ainda est\u00e1 aberto e s\u00f3 deve ganhar contornos mais definidos at\u00e9 o per\u00edodo das conven\u00e7\u00f5es partid\u00e1rias.<\/p>\n<p>&nbsp;<\/p>\n<p>\u201cVai depender muito do arco de alian\u00e7as. Eu n\u00e3o quero trabalhar excluindo ningu\u00e9m. Todas as possibilidades ainda est\u00e3o na mesa at\u00e9 o m\u00eas de julho, quando devem ocorrer as conven\u00e7\u00f5es. At\u00e9 l\u00e1, podemos ter diversos partidos caminhando com o MDB\u201d, declarou.<\/p>\n<p>&nbsp;<\/p>\n<p>Principal articulador das chapas do DC em Mato Grosso, Galvan oficializou ainda em fevereiro sua sa\u00edda da sigla ap\u00f3s decis\u00e3o do diret\u00f3rio nacional que, segundo ele, inviabilizou sua pr\u00e9-candidatura ao Senado.<\/p>\n<p>&nbsp;<\/p>\n<p>De acordo com Galvan, o presidente nacional do partido, Jo\u00e3o Caldas, teria informado que a \u00fanica possibilidade para ele permanecer no DC seria disputar uma vaga de deputado federal ou aceitar ser primeiro suplente na chapa ao Senado encabe\u00e7ada por Janaina Riva.<\/p>\n<p>&nbsp;<\/p>\n<p>A proposta teria sido comunicada \u00e0 esposa do produtor rural, Paula Boaventura, que presidia o partido no Estado. O grupo pol\u00edtico, por\u00e9m, rejeitou a condi\u00e7\u00e3o.<\/p>\n<p>&nbsp;<\/p>\n<p>\u201cEle falou para minha esposa que s\u00f3 tinha uma condi\u00e7\u00e3o para a gente ficar com o partido: ou eu sairia candidato a deputado federal ou aceitaria ser primeiro suplente da Jana\u00edna. Essa posi\u00e7\u00e3o n\u00f3s n\u00e3o aceitamos\u201d, declarou.<\/p>\n<p>&nbsp;<\/p>\n<p>Galvan afirmou ainda que pretende manter o projeto de disputar o Senado e que sua candidatura tem como foco representar o campo da direita, defendendo pautas como anistia aos condenados pelos atos de 8 de janeiro e cr\u00edticas ao Supremo Tribunal Federal (STF).<\/p>\n<p>&nbsp;<\/p>\n<p>Nos bastidores, ele tamb\u00e9m avalia um poss\u00edvel novo destino partid\u00e1rio, com conversas em andamento com o Partido Renova\u00e7\u00e3o Democr\u00e1tica (PRD), o que pode redesenhar o cen\u00e1rio da disputa ao Senado em Mato Grosso.<\/p>\n<\/div>\n<\/div>\n","protected":false},"excerpt":{"rendered":"<p>Fred Moraes fred.moraes@gazetadigital.com.br Montagem GD A deputada estadual Janaina Riva (MDB) negou qualquer participa\u00e7\u00e3o nas<\/p>\n","protected":false},"author":2,"featured_media":81088,"comment_status":"open","ping_status":"open","sticky":false,"template":"","format":"standard","meta":{"footnotes":""},"categories":[13,2],"tags":[2312],"aioseo_notices":[],"_links":{"self":[{"href":"https:\/\/portalnewsgta.com.br\/index.php\/wp-json\/wp\/v2\/posts\/81087"}],"collection":[{"href":"https:\/\/portalnewsgta.com.br\/index.php\/wp-json\/wp\/v2\/posts"}],"about":[{"href":"https:\/\/portalnewsgta.com.br\/index.php\/wp-json\/wp\/v2\/types\/post"}],"author":[{"embeddable":true,"href":"https:\/\/portalnewsgta.com.br\/index.php\/wp-json\/wp\/v2\/users\/2"}],"replies":[{"embeddable":true,"href":"https:\/\/portalnewsgta.com.br\/index.php\/wp-json\/wp\/v2\/comments?post=81087"}],"version-history":[{"count":1,"href":"https:\/\/portalnewsgta.com.br\/index.php\/wp-json\/wp\/v2\/posts\/81087\/revisions"}],"predecessor-version":[{"id":81089,"href":"https:\/\/portalnewsgta.com.br\/index.php\/wp-json\/wp\/v2\/posts\/81087\/revisions\/81089"}],"wp:featuredmedia":[{"embeddable":true,"href":"https:\/\/portalnewsgta.com.br\/index.php\/wp-json\/wp\/v2\/media\/81088"}],"wp:attachment":[{"href":"https:\/\/portalnewsgta.com.br\/index.php\/wp-json\/wp\/v2\/media?parent=81087"}],"wp:term":[{"taxonomy":"category","embeddable":true,"href":"https:\/\/portalnewsgta.com.br\/index.php\/wp-json\/wp\/v2\/categories?post=81087"},{"taxonomy":"post_tag","embeddable":true,"href":"https:\/\/portalnewsgta.com.br\/index.php\/wp-json\/wp\/v2\/tags?post=81087"}],"curies":[{"name":"wp","href":"https:\/\/api.w.org\/{rel}","templated":true}]}}