{"id":81084,"date":"2026-03-16T15:19:51","date_gmt":"2026-03-16T18:19:51","guid":{"rendered":"https:\/\/portalnewsgta.com.br\/?p=81084"},"modified":"2026-03-16T15:21:49","modified_gmt":"2026-03-16T18:21:49","slug":"nos-eua-eduardo-bolsonaro-orienta-aliados-de-mt-a-se-unirem-em-torno-de-fagundes-e-medeiros","status":"publish","type":"post","link":"https:\/\/portalnewsgta.com.br\/index.php\/2026\/03\/16\/nos-eua-eduardo-bolsonaro-orienta-aliados-de-mt-a-se-unirem-em-torno-de-fagundes-e-medeiros\/","title":{"rendered":"Nos EUA, Eduardo Bolsonaro orienta aliados de MT a se unirem em torno de Fagundes e Medeiros"},"content":{"rendered":"<div class=\"col-xs-12 col-sm-12 col-md-12 col-lg-12 mb10\">\n<div class=\"row\">\n<div class=\"col-xs-12 col-sm-12 col-md-12 col-lg-12 mb15\">\n<div class=\"row\">\n<div class=\"col-xs-12 col-sm-11 col-md-11 col-lg-11 autorer\">\n<p><span class=\"autores_fontes_nome\">Fred Moraes<\/span><\/p>\n<p class=\"autores_fontes_email\">fred.moraes@gazetadigital.com.br<\/p>\n<\/div>\n<\/div>\n<\/div>\n<\/div>\n<\/div>\n<div class=\"col-xs-12 col-sm-12 col-md-12 col-lg-12 mb30\">\n<p class=\"credito-1\">Montagem GD<\/p>\n<p><span class=\"img-conteudo pull-left\"><a href=\"https:\/\/www.gazetadigital.com.br\/storage\/webdisco\/2026\/03\/16\/1200x900\/c13ae7e00613a2df56bea20a67967607.jpg\" data-fancybox=\"gallery\" data-caption=\"Montagem GD \"><img decoding=\"async\" src=\"https:\/\/www.gazetadigital.com.br\/storage\/webdisco\/2026\/03\/16\/431x285\/c13ae7e00613a2df56bea20a67967607.jpg\" alt=\"Montagem GD \" \/><\/a><\/span><\/p>\n<div id=\"text-content\" class=\"mb20\">\n<p>A reuni\u00e3o entre o ex-deputado federal Eduardo Bolsonaro (PL) e a comitiva de pol\u00edticos de Mato Grosso nos Estados Unidos serviu apenas para refor\u00e7ar as alian\u00e7as j\u00e1 anunciadas pelo irm\u00e3o, senador pelo Rio de Janeiro, Fl\u00e1vio Bolsonaro (PL), e discutir os rumos do grupo bolsonarista no estado para as elei\u00e7\u00f5es de 2026. O encontro foi marcado por conversas reservadas sobre a forma\u00e7\u00e3o de chapas e pela sinaliza\u00e7\u00e3o de apoio a lideran\u00e7as consideradas estrat\u00e9gicas dentro do campo conservador, mas sem muitas novidades.<\/p>\n<p>&nbsp;<\/p>\n<p>Conforme apurado pelo\u00a0<img decoding=\"async\" class=\"content-logo-thumb\" src=\"https:\/\/www.gazetadigital.com.br\/images\/logo-thumb.png\" \/>, Eduardo conversou de forma reservada com representantes de diferentes estados presentes no encontro para discutir o cen\u00e1rio pol\u00edtico local. No di\u00e1logo com o grupo de Mato Grosso, o parlamentar refor\u00e7ou a proximidade pol\u00edtica com o senador Wellington Fagundes e com o deputado federal Jos\u00e9 Medeiros, apontados como aliados hist\u00f3ricos do campo conservador.<\/p>\n<p>&nbsp;<\/p>\n<p>A avalia\u00e7\u00e3o apresentada foi de que Medeiros deveria ter sido escolhido como candidato do grupo bolsonarista em elei\u00e7\u00f5es anteriores, mas acabou preterido em momentos anteriores da disputa. Agora, dentro das articula\u00e7\u00f5es para 2026, o nome do parlamentar volta a ser colocado como prioridade dentro do grupo.<\/p>\n<p>&nbsp;<\/p>\n<p>Durante o encontro, integrantes da comitiva tamb\u00e9m apresentaram a Eduardo Bolsonaro uma pr\u00e9via da chapa de candidatos a deputado federal em Mato Grosso. A composi\u00e7\u00e3o foi considerada competitiva e recebeu sinaliza\u00e7\u00e3o positiva do parlamentar, que incentivou o grupo a trabalhar pela manuten\u00e7\u00e3o de pelo menos quatro cadeiras na C\u00e2mara dos Deputados.<\/p>\n<p>&nbsp;<\/p>\n<p>O ex-deputado tamb\u00e9m teria orientado o grupo a buscar maior unidade interna em torno da lideran\u00e7a de Wellington Fagundes dentro do campo bolsonarista em Mato Grosso, destacando a parceria pol\u00edtica constru\u00edda com o senador em Bras\u00edlia.<\/p>\n<p>&nbsp;<\/p>\n<p>A viagem aos Estados Unidos re\u00fane prefeitos e deputados ligados ao bolsonarismo que buscam alinhar estrat\u00e9gias eleitorais e apresentar nomes ao grupo pol\u00edtico do ex-presidente Jair Bolsonaro. Integram a comitiva os deputados federais Coronel Assis, Rodrigo Zaeli e Jos\u00e9 Medeiros, al\u00e9m de prefeitos Abilio Brunini e Cl\u00e1udio Ferreira.<\/p>\n<p>&nbsp;<\/p>\n<p>Desde fevereiro de 2025, Eduardo Bolsonaro reside na regi\u00e3o de Dallas, no Texas, ap\u00f3s alegar persegui\u00e7\u00e3o pol\u00edtica no Brasil. Mesmo fora do pa\u00eds, ele mant\u00e9m articula\u00e7\u00f5es com aliados e continua participando de discuss\u00f5es estrat\u00e9gicas do campo conservador brasileiro.<\/p>\n<\/div>\n<\/div>\n","protected":false},"excerpt":{"rendered":"<p>Fred Moraes fred.moraes@gazetadigital.com.br Montagem GD A reuni\u00e3o entre o ex-deputado federal Eduardo Bolsonaro (PL) e<\/p>\n","protected":false},"author":2,"featured_media":81085,"comment_status":"open","ping_status":"open","sticky":false,"template":"","format":"standard","meta":{"footnotes":""},"categories":[13,2],"tags":[2311],"aioseo_notices":[],"_links":{"self":[{"href":"https:\/\/portalnewsgta.com.br\/index.php\/wp-json\/wp\/v2\/posts\/81084"}],"collection":[{"href":"https:\/\/portalnewsgta.com.br\/index.php\/wp-json\/wp\/v2\/posts"}],"about":[{"href":"https:\/\/portalnewsgta.com.br\/index.php\/wp-json\/wp\/v2\/types\/post"}],"author":[{"embeddable":true,"href":"https:\/\/portalnewsgta.com.br\/index.php\/wp-json\/wp\/v2\/users\/2"}],"replies":[{"embeddable":true,"href":"https:\/\/portalnewsgta.com.br\/index.php\/wp-json\/wp\/v2\/comments?post=81084"}],"version-history":[{"count":2,"href":"https:\/\/portalnewsgta.com.br\/index.php\/wp-json\/wp\/v2\/posts\/81084\/revisions"}],"predecessor-version":[{"id":81090,"href":"https:\/\/portalnewsgta.com.br\/index.php\/wp-json\/wp\/v2\/posts\/81084\/revisions\/81090"}],"wp:featuredmedia":[{"embeddable":true,"href":"https:\/\/portalnewsgta.com.br\/index.php\/wp-json\/wp\/v2\/media\/81085"}],"wp:attachment":[{"href":"https:\/\/portalnewsgta.com.br\/index.php\/wp-json\/wp\/v2\/media?parent=81084"}],"wp:term":[{"taxonomy":"category","embeddable":true,"href":"https:\/\/portalnewsgta.com.br\/index.php\/wp-json\/wp\/v2\/categories?post=81084"},{"taxonomy":"post_tag","embeddable":true,"href":"https:\/\/portalnewsgta.com.br\/index.php\/wp-json\/wp\/v2\/tags?post=81084"}],"curies":[{"name":"wp","href":"https:\/\/api.w.org\/{rel}","templated":true}]}}