{"id":81048,"date":"2026-03-16T10:56:00","date_gmt":"2026-03-16T13:56:00","guid":{"rendered":"https:\/\/portalnewsgta.com.br\/index.php\/2026\/03\/16\/assembleia-tem-semana-com-audiencias-sessoes-especiais-e-reunioes-de-comissoes\/"},"modified":"2026-03-16T14:54:28","modified_gmt":"2026-03-16T17:54:28","slug":"assembleia-tem-semana-com-audiencias-sessoes-especiais-e-reunioes-de-comissoes","status":"publish","type":"post","link":"https:\/\/portalnewsgta.com.br\/index.php\/2026\/03\/16\/assembleia-tem-semana-com-audiencias-sessoes-especiais-e-reunioes-de-comissoes\/","title":{"rendered":"Assembleia tem semana com audi\u00eancias, sess\u00f5es especiais e reuni\u00f5es de comiss\u00f5es"},"content":{"rendered":"<p><img decoding=\"async\" src=\"https:\/\/odocumento.com.br\/content\/images\/2026\/03\/9d259af04940a4a87b0b5c4053762d1d691b5687a4af5-1.jpg\" alt=\"Assembleia tem semana com audi\u00eancias, sess\u00f5es especiais e reuni\u00f5es de comiss\u00f5es\" \/><\/p>\n<p>A Assembleia Legislativa de Mato Grosso (ALMT) realiza uma s\u00e9rie de atividades institucionais que incluem audi\u00eancias p\u00fablicas, reuni\u00f5es de comiss\u00f5es permanentes e sess\u00f5es especiais. A programa\u00e7\u00e3o come\u00e7a na segunda-feira (16), com audi\u00eancia p\u00fablica em Peixoto de Azevedo para discutir a regulariza\u00e7\u00e3o fundi\u00e1ria e o desembargo de assentamentos na regi\u00e3o. Na ter\u00e7a-feira (17), tem o lan\u00e7amento do Programa Jovem Aprendiz no Parlamento Estadual.<\/p>\n<p><strong>Segunda-feira (16)<\/strong><\/p>\n<p>A Assembleia Legislativa realiza, \u00e0s 9 horas, em Peixoto de Azevedo audi\u00eancia p\u00fablica para discutir a regulariza\u00e7\u00e3o fundi\u00e1ria e os desembargos de assentamentos na regi\u00e3o. O evento, solicitado pelo deputado Valdir Barranco (PT), ser\u00e1 realizado no sal\u00e3o Paroquial da Par\u00f3quia S\u00e3o Jos\u00e9, localizada no Distrito de Uni\u00e3o do Norte, em Peixoto de Azevedo.<\/p>\n<p>\u00c0s 10 horas, a Frente Parlamentar em Defesa do Com\u00e9rcio de Bens e Servi\u00e7os realiza reuni\u00e3o ordin\u00e1ria. O debate ser\u00e1 na sala de reuni\u00f5es das Comiss\u00f5es Deputada Sarita Baracat, 226.<\/p>\n<p>No Plen\u00e1rio das Delibera\u00e7\u00f5es Deputado Ren\u00ea Barbour, \u00e0s 18h30, a Assembleia Legislativa realiza sess\u00e3o solene para comemorar a Campanha da Fraternidade de 2026, cujo tema \u00e9 \u201cFraternidade e Moradia e o lema: Ele veio morar entre n\u00f3s\u201d. O evento foi requerido pelo deputado L\u00fadio Cabral (PT).<\/p>\n<p><strong>Ter\u00e7a-feira (17)\u00a0<\/strong><\/p>\n<p>\u00c0s 9 horas, reuni\u00e3o ordin\u00e1ria da Comiss\u00e3o de Revis\u00e3o Territorial dos Munic\u00edpios e das Cidades. Os debates e delibera\u00e7\u00f5es de proposi\u00e7\u00f5es acontecem na sala de reuni\u00f5es das Comiss\u00f5es Deputado Oscar Soares, 227,<\/p>\n<p>Tamb\u00e9m \u00e0s 9 horas, na sala das Comiss\u00f5es Deputada Sarita Baracat, 226, ser\u00e1 realizada reuni\u00e3o ordin\u00e1ria da Comiss\u00e3o de Meio Ambiente, Recursos H\u00eddricos, Recursos Minerais e Direitos de Animais Dom\u00e9sticos de Companhia.<\/p>\n<p>Concomitante, no audit\u00f3rio Milton Figueiredo da Assembleia Legislativa (\u00e0s 9 horas), acontece o lan\u00e7amento do Programa Jovem Aprendiz no Parlamento estadual. O evento, que tem a parceria do Minist\u00e9rio do Trabalho e Emprego (MTE), vai abordar tamb\u00e9m a campanha de combate ao trabalho escravo em Mato Grosso.<\/p>\n<p>\u00c0s 10 horas, na sala de reuni\u00f5es das Comiss\u00f5es Deputada Sarita Baracat, 226, ser\u00e1 realizada reuni\u00e3o da Comiss\u00e3o de Comiss\u00e3o de Sa\u00fade, Previd\u00eancia e Assist\u00eancia Social.<\/p>\n<p>\u00c0 tarde, \u00e0s 14h30, a Comiss\u00e3o de Constitui\u00e7\u00e3o, Justi\u00e7a e Reda\u00e7\u00e3o realiza reuni\u00e3o ordin\u00e1ria. Ela ser\u00e1 realizada na sala das Comiss\u00f5es Deputada Sarita Baracat, 226.<\/p>\n<p>\u00c0s 16 horas, tem reuni\u00e3o de instala\u00e7\u00e3o da Comiss\u00e3o de Educa\u00e7\u00e3o, Ci\u00eancia, Tecnologia, Cultura e Desporto. Ela ser\u00e1 realizada na sala das Comiss\u00f5es Deputada Sarita Baracat, 226.<\/p>\n<p>O deputado Carlos Avallone (PSDB) realiza sess\u00e3o especial, \u00e0s 19 horas, para homenagear a equipe da Secretaria de Planejamento do Estado de Mato Grosso (Seplan). O evento ser\u00e1 no Plen\u00e1rio das Delibera\u00e7\u00f5es Deputado Ren\u00ea Barbour.<\/p>\n<p><strong>Quarta-feira (18)<\/strong><\/p>\n<p>Nesse dia, duas sess\u00f5es ordin\u00e1rias est\u00e3o previstas para acontecer. Uma com in\u00edcio \u00e0s 9 horas e a outra prevista \u00e0s 13 horas. Elas acontecem no Plen\u00e1rio das Delibera\u00e7\u00f5es Deputado Ren\u00ea Barbour.<\/p>\n<p>\u00c0s 19h30, o deputado Wilson Santos (PSD) realiza sess\u00e3o especial em homenagem ao Dia Nacional da Ordem DeMoley. O evento est\u00e1 marcado para o Plen\u00e1rio das Delibera\u00e7\u00f5es Deputado Ren\u00ea Barbour da Assembleia Legislativa.<\/p>\n<p><strong>Quinta-feira (19)<\/strong><\/p>\n<p>O deputado Diego Guimar\u00e3es (Republicanos) realiza, \u00e0s 14 horas, sess\u00e3o especial para a entrega de Mo\u00e7\u00e3o de Aplausos. As homenagens ser\u00e3o feitas no Plen\u00e1rio das Delibera\u00e7\u00f5es Deputado Ren\u00ea Barbour.<\/p>\n<p>\u00c0s 19 horas, o deputado Paulo Ara\u00fajo (PP) realiza sess\u00e3o especial para entrega de t\u00edtulos, comendas e honrarias. As homenagens tamb\u00e9m acontecem no Plen\u00e1rio de Delibera\u00e7\u00f5es Ren\u00ea Barbour.<\/p>\n<p><strong>Sexta-feira (20)<\/strong><\/p>\n<p>At\u00e9 o fechamento desta edi\u00e7\u00e3o n\u00e3o havia atividades agendadas para esta data.<\/p>\n<p>As atividades definidas na agenda podem sofrer altera\u00e7\u00f5es durante a semana.<\/p>\n<p><strong>Fonte:<\/strong> Pol\u00edtica &#8211; O DOCUMENTO | Confira as principais not\u00edcias de Cuiab\u00e1, Mato Grosso e regi\u00e3o (https:\/\/odocumento.com.br\/assembleia-tem-semana-com-audiencias-sessoes-especiais-e-reunioes-de-comissoes\/)<\/p>\n","protected":false},"excerpt":{"rendered":"<p>A Assembleia Legislativa de Mato Grosso (ALMT) realiza uma s\u00e9rie de atividades institucionais que incluem<\/p>\n","protected":false},"author":2,"featured_media":81049,"comment_status":"open","ping_status":"open","sticky":false,"template":"","format":"standard","meta":{"footnotes":""},"categories":[13,2],"tags":[],"aioseo_notices":[],"_links":{"self":[{"href":"https:\/\/portalnewsgta.com.br\/index.php\/wp-json\/wp\/v2\/posts\/81048"}],"collection":[{"href":"https:\/\/portalnewsgta.com.br\/index.php\/wp-json\/wp\/v2\/posts"}],"about":[{"href":"https:\/\/portalnewsgta.com.br\/index.php\/wp-json\/wp\/v2\/types\/post"}],"author":[{"embeddable":true,"href":"https:\/\/portalnewsgta.com.br\/index.php\/wp-json\/wp\/v2\/users\/2"}],"replies":[{"embeddable":true,"href":"https:\/\/portalnewsgta.com.br\/index.php\/wp-json\/wp\/v2\/comments?post=81048"}],"version-history":[{"count":1,"href":"https:\/\/portalnewsgta.com.br\/index.php\/wp-json\/wp\/v2\/posts\/81048\/revisions"}],"predecessor-version":[{"id":81059,"href":"https:\/\/portalnewsgta.com.br\/index.php\/wp-json\/wp\/v2\/posts\/81048\/revisions\/81059"}],"wp:featuredmedia":[{"embeddable":true,"href":"https:\/\/portalnewsgta.com.br\/index.php\/wp-json\/wp\/v2\/media\/81049"}],"wp:attachment":[{"href":"https:\/\/portalnewsgta.com.br\/index.php\/wp-json\/wp\/v2\/media?parent=81048"}],"wp:term":[{"taxonomy":"category","embeddable":true,"href":"https:\/\/portalnewsgta.com.br\/index.php\/wp-json\/wp\/v2\/categories?post=81048"},{"taxonomy":"post_tag","embeddable":true,"href":"https:\/\/portalnewsgta.com.br\/index.php\/wp-json\/wp\/v2\/tags?post=81048"}],"curies":[{"name":"wp","href":"https:\/\/api.w.org\/{rel}","templated":true}]}}