{"id":81016,"date":"2026-03-15T10:55:57","date_gmt":"2026-03-15T13:55:57","guid":{"rendered":"https:\/\/portalnewsgta.com.br\/index.php\/2026\/03\/15\/apos-sequestro-pm-prende-casal-e-apreende-adolescente-por-trafico-de-drogas-em-mt\/"},"modified":"2026-03-15T10:55:57","modified_gmt":"2026-03-15T13:55:57","slug":"apos-sequestro-pm-prende-casal-e-apreende-adolescente-por-trafico-de-drogas-em-mt","status":"publish","type":"post","link":"https:\/\/portalnewsgta.com.br\/index.php\/2026\/03\/15\/apos-sequestro-pm-prende-casal-e-apreende-adolescente-por-trafico-de-drogas-em-mt\/","title":{"rendered":"Ap\u00f3s sequestro, PM prende casal e apreende adolescente por tr\u00e1fico de drogas em MT"},"content":{"rendered":"<p><img decoding=\"async\" src=\"https:\/\/odocumento.com.br\/content\/images\/2026\/03\/7e4a4056-c188-4e4b-bf4a-67e94791b8a7.jpeg\" alt=\"Ap&#xF3;s sequestro, PM prende casal e apreende adolescente por tr&#xE1;fico de drogas em MT\"><\/p>\n<p>Policiais militares da For&#xE7;a T&#xE1;tica do 9&#xBA; Comando Regional prenderam, neste s&#xE1;bado (14), um homem de 27 anos e uma mulher de 32 anos, al&#xE9;m de apreenderem um adolescente de 17 anos, suspeitos de tr&#xE1;fico il&#xED;cito de drogas no munic&#xED;pio de Alta Floresta.<\/p>\n<p>A a&#xE7;&#xE3;o foi realizada por equipes policiais durante dilig&#xEA;ncias relacionadas a uma ocorr&#xEA;ncia de sequestro, c&#xE1;rcere privado, tortura e associa&#xE7;&#xE3;o criminosa registrada anteriormente.<\/p>\n<p>De acordo com informa&#xE7;&#xF5;es levantadas, a investiga&#xE7;&#xE3;o teve in&#xED;cio ap&#xF3;s uma v&#xED;tima procurar a Pol&#xED;cia Militar relatando que havia sido sequestrada pelo o suspeito. Conforme o relato, o homem havia&#xA0;&#xA0;levado a v&#xED;tima at&#xE9; uma &#xE1;rea afastada na rodovia MT-325, nas proximidades de uma pedreira localizada a cerca de cinco quil&#xF4;metros da cidade.<\/p>\n<p>A partir dessas informa&#xE7;&#xF5;es, os militares se deslocaram at&#xE9; uma resid&#xEA;ncia no bairro Jardim das Oliveiras, onde, diante da situa&#xE7;&#xE3;o de flagrante delito, realizaram a entrada no im&#xF3;vel. No local, os policiais localizaram um suspeito apontado como integrante de uma fac&#xE7;&#xE3;o criminosa.<\/p>\n<p>Durante a abordagem, o suspeito confessou a participa&#xE7;&#xE3;o nos fatos investigados na ocorr&#xEA;ncia anterior. Em buscas no interior da resid&#xEA;ncia, os policiais encontraram grande quantidade de entorpecentes, entre subst&#xE2;ncias an&#xE1;logas &#xE0; maconha, coca&#xED;na e drogas sint&#xE9;ticas, como LSD e ecstasy.<\/p>\n<p>Tamb&#xE9;m foram apreendidos materiais utilizados para o preparo e fracionamento das drogas, entre eles pl&#xE1;stico filme, embalagens do tipo zip lock, frascos utilizados para a fabrica&#xE7;&#xE3;o de lan&#xE7;a-perfume, al&#xE9;m de diversos aparelhos celulares e um r&#xE1;dio comunicador.<\/p>\n<p>Questionado sobre o material, o suspeito assumiu ser o propriet&#xE1;rio das drogas e relatou que o im&#xF3;vel era utilizado como ponto de comercializa&#xE7;&#xE3;o de entorpecentes.<\/p>\n<p>Diante dos fatos, os dois suspeitos receberam voz de pris&#xE3;o e o adolescente foi apreendido, sendo todos encaminhados &#xE0; Delegacia de Pol&#xED;cia Judici&#xE1;ria Civil para registro da ocorr&#xEA;ncia e demais provid&#xEA;ncias cab&#xED;veis.&#xA0;<\/p>\n<p><strong>Fonte:<\/strong> Policial &#8211; O DOCUMENTO | Confira as principais not\u00edcias de Cuiab\u00e1, Mato Grosso e regi\u00e3o (https:\/\/odocumento.com.br\/pm-prende-dois-suspeitos-e-apreende-adolescente-por-trafico-de-drogas\/)<\/p>\n","protected":false},"excerpt":{"rendered":"<p>Policiais militares da For&#xE7;a T&#xE1;tica do 9&#xBA; Comando Regional prenderam, neste s&#xE1;bado (14), um homem<\/p>\n","protected":false},"author":2,"featured_media":81017,"comment_status":"open","ping_status":"open","sticky":false,"template":"","format":"standard","meta":{"footnotes":""},"categories":[8],"tags":[],"aioseo_notices":[],"_links":{"self":[{"href":"https:\/\/portalnewsgta.com.br\/index.php\/wp-json\/wp\/v2\/posts\/81016"}],"collection":[{"href":"https:\/\/portalnewsgta.com.br\/index.php\/wp-json\/wp\/v2\/posts"}],"about":[{"href":"https:\/\/portalnewsgta.com.br\/index.php\/wp-json\/wp\/v2\/types\/post"}],"author":[{"embeddable":true,"href":"https:\/\/portalnewsgta.com.br\/index.php\/wp-json\/wp\/v2\/users\/2"}],"replies":[{"embeddable":true,"href":"https:\/\/portalnewsgta.com.br\/index.php\/wp-json\/wp\/v2\/comments?post=81016"}],"version-history":[{"count":0,"href":"https:\/\/portalnewsgta.com.br\/index.php\/wp-json\/wp\/v2\/posts\/81016\/revisions"}],"wp:featuredmedia":[{"embeddable":true,"href":"https:\/\/portalnewsgta.com.br\/index.php\/wp-json\/wp\/v2\/media\/81017"}],"wp:attachment":[{"href":"https:\/\/portalnewsgta.com.br\/index.php\/wp-json\/wp\/v2\/media?parent=81016"}],"wp:term":[{"taxonomy":"category","embeddable":true,"href":"https:\/\/portalnewsgta.com.br\/index.php\/wp-json\/wp\/v2\/categories?post=81016"},{"taxonomy":"post_tag","embeddable":true,"href":"https:\/\/portalnewsgta.com.br\/index.php\/wp-json\/wp\/v2\/tags?post=81016"}],"curies":[{"name":"wp","href":"https:\/\/api.w.org\/{rel}","templated":true}]}}