{"id":80944,"date":"2026-03-13T21:56:21","date_gmt":"2026-03-14T00:56:21","guid":{"rendered":"https:\/\/portalnewsgta.com.br\/index.php\/2026\/03\/13\/prefeita-apresenta-nova-secretaria-maria-fernanda-aos-servidores-da-educacao\/"},"modified":"2026-03-13T21:56:21","modified_gmt":"2026-03-14T00:56:21","slug":"prefeita-apresenta-nova-secretaria-maria-fernanda-aos-servidores-da-educacao","status":"publish","type":"post","link":"https:\/\/portalnewsgta.com.br\/index.php\/2026\/03\/13\/prefeita-apresenta-nova-secretaria-maria-fernanda-aos-servidores-da-educacao\/","title":{"rendered":"Prefeita apresenta nova secret\u00e1ria Maria Fernanda aos servidores da Educa\u00e7\u00e3o"},"content":{"rendered":"<p><img decoding=\"async\" src=\"https:\/\/odocumento.com.br\/content\/images\/2026\/03\/049b787b89e289afcf38fa2fbf9ad907.jpg\" alt=\"Prefeita apresenta nova secret&#xE1;ria Maria Fernanda aos servidores da Educa&#xE7;&#xE3;o\"><\/p>\n<p>Logo ap&#xF3;s a publica&#xE7;&#xE3;o da nomea&#xE7;&#xE3;o, realizada hoje (13) pela manh&#xE3;, em Di&#xE1;rio Oficial, a prefeita de V&#xE1;rzea Grande, Fl&#xE1;via Moretti (PL), apresentou a educadora Maria Fernanda de Figueiredo, como nova secret&#xE1;ria de Educa&#xE7;&#xE3;o, Cultura, Esporte e Lazer, aos servidores da pasta.&#xA0; A solenidade de posse est&#xE1; marcada para o dia 16 de mar&#xE7;o, &#xE0;s 8h30, no gabinete da prefeita.&#xA0;<\/p>\n<p>Nesta manh&#xE3;, depois de participar do evento em homenagem &#xE0;s mulheres, a prefeita Fl&#xE1;via Moretti e a titular da Pasta foram at&#xE9; a sede da Educa&#xE7;&#xE3;o, percorreram os setores e aproveitaram para conhecer os servidores.&#xA0;<\/p>\n<p>Com vasta experi&#xEA;ncia no setor educacional &#8211; sendo servidora de carreira &#8211; Maria Fernanda ter&#xE1; pela frente o desafio de tocar uma das pastas mais importantes da gest&#xE3;o municipal.&#xA0;<\/p>\n<p>Ela disse que neste primeiro momento estar&#xE1; tomando p&#xE9; da situa&#xE7;&#xE3;o. &#x201C;Precisamos saber quanto funcion&#xE1;rios temos aqui na sede e nos anexos, fazer os nossos organogramas e depois definir as quest&#xF5;es relativas &#xE0; pasta. Todo o trabalho ser&#xE1; feito para desenvolvimento da Educa&#xE7;&#xE3;o e todo o processo ser&#xE1; feito de forma clara e transparente&#x201D;.<\/p>\n<p><strong>QUEM &#xC9; MARIA FERNANDA FIGUEIREDO?<\/strong><\/p>\n<p>Maria Fernanda Figueiredo &#xE9; educadora h&#xE1; 23 anos. Iniciou sua carreira aos 20 anos na rede municipal de ensino de V&#xE1;rzea Grande, onde permanece efetiva at&#xE9; os dias atuais, sempre com a bandeira da educa&#xE7;&#xE3;o e com forte atua&#xE7;&#xE3;o no letramento matem&#xE1;tico e nas garantias dos direitos das meninas e mulheres.<\/p>\n<p>&#xC9; p&#xF3;s-graduada em Educa&#xE7;&#xE3;o Infantil e Gest&#xE3;o Escolar, pesquisadora associada da UFMT, professora da rede p&#xFA;blica e privada, gestora de programas e projetos e j&#xE1; atuou como gerente regional do Instituto Federal de Educa&#xE7;&#xE3;o no Centro-Oeste e na FIEMT. Tamb&#xE9;m coordenou programas de qualifica&#xE7;&#xE3;o na agricultura em parceria com o Minist&#xE9;rio da Agricultura.<\/p>\n<p>Educadora financeira, assessora financeira, palestrante e autora de tr&#xEA;s livros, dedica sua trajet&#xF3;ria &#xE0; forma&#xE7;&#xE3;o de pessoas, ao desenvolvimento social e &#xE0; promo&#xE7;&#xE3;o da autonomia por meio da educa&#xE7;&#xE3;o e do conhecimento.<\/p>\n<p>Al&#xE9;m da carreira como educadora, Maria Fernanda tamb&#xE9;m &#xE9; s&#xF3;cia-fundadora da Liga de Reestrutura&#xE7;&#xE3;o das Irm&#xE3;s Ofendidas no Seu Sentimento (L&#xCD;RIOS), entidade que presidiu at&#xE9; 2023. Atualmente, segue atuando na entidade, mas de forma volunt&#xE1;ria.<\/p>\n<h4 id><\/h4>\n<p><strong>Fonte:<\/strong> Pol\u00edtica &#8211; O DOCUMENTO | Confira as principais not\u00edcias de Cuiab\u00e1, Mato Grosso e regi\u00e3o (https:\/\/odocumento.com.br\/prefeita-apresenta-nova-secretaria-maria-fernanda-aos-servidores-da-educacao\/)<\/p>\n","protected":false},"excerpt":{"rendered":"<p>Logo ap&#xF3;s a publica&#xE7;&#xE3;o da nomea&#xE7;&#xE3;o, realizada hoje (13) pela manh&#xE3;, em Di&#xE1;rio Oficial, a<\/p>\n","protected":false},"author":2,"featured_media":80945,"comment_status":"open","ping_status":"open","sticky":false,"template":"","format":"standard","meta":{"footnotes":""},"categories":[2],"tags":[],"aioseo_notices":[],"_links":{"self":[{"href":"https:\/\/portalnewsgta.com.br\/index.php\/wp-json\/wp\/v2\/posts\/80944"}],"collection":[{"href":"https:\/\/portalnewsgta.com.br\/index.php\/wp-json\/wp\/v2\/posts"}],"about":[{"href":"https:\/\/portalnewsgta.com.br\/index.php\/wp-json\/wp\/v2\/types\/post"}],"author":[{"embeddable":true,"href":"https:\/\/portalnewsgta.com.br\/index.php\/wp-json\/wp\/v2\/users\/2"}],"replies":[{"embeddable":true,"href":"https:\/\/portalnewsgta.com.br\/index.php\/wp-json\/wp\/v2\/comments?post=80944"}],"version-history":[{"count":0,"href":"https:\/\/portalnewsgta.com.br\/index.php\/wp-json\/wp\/v2\/posts\/80944\/revisions"}],"wp:featuredmedia":[{"embeddable":true,"href":"https:\/\/portalnewsgta.com.br\/index.php\/wp-json\/wp\/v2\/media\/80945"}],"wp:attachment":[{"href":"https:\/\/portalnewsgta.com.br\/index.php\/wp-json\/wp\/v2\/media?parent=80944"}],"wp:term":[{"taxonomy":"category","embeddable":true,"href":"https:\/\/portalnewsgta.com.br\/index.php\/wp-json\/wp\/v2\/categories?post=80944"},{"taxonomy":"post_tag","embeddable":true,"href":"https:\/\/portalnewsgta.com.br\/index.php\/wp-json\/wp\/v2\/tags?post=80944"}],"curies":[{"name":"wp","href":"https:\/\/api.w.org\/{rel}","templated":true}]}}