{"id":80936,"date":"2026-03-13T18:56:40","date_gmt":"2026-03-13T21:56:40","guid":{"rendered":"https:\/\/portalnewsgta.com.br\/index.php\/2026\/03\/13\/comper-celebra-data-com-ofertas-especiais-e-distribuicao-de-bolo-de-arroz\/"},"modified":"2026-03-13T18:56:40","modified_gmt":"2026-03-13T21:56:40","slug":"comper-celebra-data-com-ofertas-especiais-e-distribuicao-de-bolo-de-arroz","status":"publish","type":"post","link":"https:\/\/portalnewsgta.com.br\/index.php\/2026\/03\/13\/comper-celebra-data-com-ofertas-especiais-e-distribuicao-de-bolo-de-arroz\/","title":{"rendered":"Comper celebra data com ofertas especiais e distribui\u00e7\u00e3o de bolo de arroz"},"content":{"rendered":"<p><img decoding=\"async\" src=\"https:\/\/odocumento.com.br\/content\/images\/2026\/03\/supermercados-comper-encerra-operacao-de-unidade-em-campo-grande-ms-696539.jpeg\" alt=\"Comper celebra data com ofertas especiais e distribui&#xE7;&#xE3;o de bolo de arroz\"><\/p>\n<p><strong><em>Assessoria<\/em><\/strong> &#8211; Em comemora&#xE7;&#xE3;o ao Dia do Consumidor, 15 de mar&#xE7;o, o Comper preparou uma programa&#xE7;&#xE3;o especial para celebrar a data. Durante a data comemorativa, os consumidores poder&#xE3;o aproveitar ofertas exclusivas em diversos setores da loja.<\/p>\n<p>Al&#xE9;m das promo&#xE7;&#xF5;es, a a&#xE7;&#xE3;o tamb&#xE9;m contar&#xE1; com um momento de confraterniza&#xE7;&#xE3;o: a distribui&#xE7;&#xE3;o de bolo de arroz para os clientes, refor&#xE7;ando o clima de celebra&#xE7;&#xE3;o e proximidade entre o Comper e a comunidade.<\/p>\n<p>De acordo com o gerente Regional de Opera&#xE7;&#xF5;es do Comper em Mato Grosso Alex Oliveira, &#x201C;valorizar o cliente &#xE9; um compromisso permanente da nossa empresa. O Dia do Consumidor refor&#xE7;a esse prop&#xF3;sito, por isso preparamos ofertas especiais e uma a&#xE7;&#xE3;o de confraterniza&#xE7;&#xE3;o como forma de reconhecer a import&#xE2;ncia de cada pessoa que escolhe nossas lojas para fazer suas compras&#x201D;, destaca.<\/p>\n<p>A expectativa &#xE9; que a a&#xE7;&#xE3;o movimente a loja ao longo do dia, reunindo clientes para aproveitar as promo&#xE7;&#xF5;es e participar do momento de celebra&#xE7;&#xE3;o.<\/p>\n<p><strong>Sobre o Grupo Pereira<\/strong><\/p>\n<p>Fundado em 1962, na cidade de Itaja&#xED;, em Santa Catarina, o Grupo Pereira completa 63 anos de hist&#xF3;ria em 2025. Atualmente, conta com 23 mil funcion&#xE1;rios nos estados de Mato Grosso, Mato Grosso do Sul, Goi&#xE1;s, Santa Catarina, S&#xE3;o Paulo, Rio Grande do Sul e no Distrito Federal.<\/p>\n<p>O Grupo Pereira tem 181 unidades de neg&#xF3;cio, incluindo 36 lojas da rede de supermercados Comper, 72 lojas do Fort Atacadista (atacarejo), 1 loja Schmit, 21 unidades do restaurante Trudy&#x2019;s e uma steakhouse, 3 filiais do Atacado Bate Forte (atacadista de distribui&#xE7;&#xE3;o), 29 lojas SempreFort (varejo farmac&#xEA;utico), um Broker &#x2013; distribuidor oficial da Nestl&#xE9; -, 5 ag&#xEA;ncias de viagens, 2 postos de combust&#xED;vel e um Centro de Distribui&#xE7;&#xE3;o.<\/p>\n<p>Al&#xE9;m disso, o Grupo Pereira completa seu ecossistema de solu&#xE7;&#xF5;es ao incluir o bra&#xE7;o log&#xED;stico Perlog e os servi&#xE7;os financeiros do Vuon, que inclui o private label Vuon Card, com mais de 1,6 milh&#xE3;o de cart&#xF5;es emitidos, al&#xE9;m de gift cards, seguros e assist&#xEA;ncia odontol&#xF3;gica.<\/p>\n<p>O Grupo Pereira &#xE9; o primeiro varejista brasileiro a ser contemplado com o selo CAFE (Certified Age Friendly Employer), concedido pelo norte-americano Age Friendly Institute a empresas que promovem a contrata&#xE7;&#xE3;o e reten&#xE7;&#xE3;o de funcion&#xE1;rios 50+.<\/p>\n<p>Com a miss&#xE3;o de oferecer uma experi&#xEA;ncia de compra positiva por meio da excel&#xEA;ncia no relacionamento com clientes, fornecedores e funcion&#xE1;rios, o Grupo Pereira tamb&#xE9;m contribui para a sociedade por meio de diferentes programas socioambientais.<\/p>\n<p><strong>Fonte:<\/strong> Cidades &#8211; O DOCUMENTO | Confira as principais not\u00edcias de Cuiab\u00e1, Mato Grosso e regi\u00e3o (https:\/\/odocumento.com.br\/comper-celebra-data-com-ofertas-especiais-e-distribuicao-de-bolo-de-arroz\/)<\/p>\n","protected":false},"excerpt":{"rendered":"<p>Assessoria &#8211; Em comemora&#xE7;&#xE3;o ao Dia do Consumidor, 15 de mar&#xE7;o, o Comper preparou uma<\/p>\n","protected":false},"author":2,"featured_media":80937,"comment_status":"open","ping_status":"open","sticky":false,"template":"","format":"standard","meta":{"footnotes":""},"categories":[7],"tags":[],"aioseo_notices":[],"_links":{"self":[{"href":"https:\/\/portalnewsgta.com.br\/index.php\/wp-json\/wp\/v2\/posts\/80936"}],"collection":[{"href":"https:\/\/portalnewsgta.com.br\/index.php\/wp-json\/wp\/v2\/posts"}],"about":[{"href":"https:\/\/portalnewsgta.com.br\/index.php\/wp-json\/wp\/v2\/types\/post"}],"author":[{"embeddable":true,"href":"https:\/\/portalnewsgta.com.br\/index.php\/wp-json\/wp\/v2\/users\/2"}],"replies":[{"embeddable":true,"href":"https:\/\/portalnewsgta.com.br\/index.php\/wp-json\/wp\/v2\/comments?post=80936"}],"version-history":[{"count":0,"href":"https:\/\/portalnewsgta.com.br\/index.php\/wp-json\/wp\/v2\/posts\/80936\/revisions"}],"wp:featuredmedia":[{"embeddable":true,"href":"https:\/\/portalnewsgta.com.br\/index.php\/wp-json\/wp\/v2\/media\/80937"}],"wp:attachment":[{"href":"https:\/\/portalnewsgta.com.br\/index.php\/wp-json\/wp\/v2\/media?parent=80936"}],"wp:term":[{"taxonomy":"category","embeddable":true,"href":"https:\/\/portalnewsgta.com.br\/index.php\/wp-json\/wp\/v2\/categories?post=80936"},{"taxonomy":"post_tag","embeddable":true,"href":"https:\/\/portalnewsgta.com.br\/index.php\/wp-json\/wp\/v2\/tags?post=80936"}],"curies":[{"name":"wp","href":"https:\/\/api.w.org\/{rel}","templated":true}]}}