{"id":80912,"date":"2026-03-13T15:56:12","date_gmt":"2026-03-13T18:56:12","guid":{"rendered":"https:\/\/portalnewsgta.com.br\/index.php\/2026\/03\/13\/ex-presidente-jair-bolsonaro-e-levado-a-hospital-em-brasilia-apos-calafrios-e-vomitos\/"},"modified":"2026-03-13T15:56:12","modified_gmt":"2026-03-13T18:56:12","slug":"ex-presidente-jair-bolsonaro-e-levado-a-hospital-em-brasilia-apos-calafrios-e-vomitos","status":"publish","type":"post","link":"https:\/\/portalnewsgta.com.br\/index.php\/2026\/03\/13\/ex-presidente-jair-bolsonaro-e-levado-a-hospital-em-brasilia-apos-calafrios-e-vomitos\/","title":{"rendered":"Ex-presidente Jair Bolsonaro \u00e9 levado a hospital em Bras\u00edlia ap\u00f3s calafrios e v\u00f4mitos"},"content":{"rendered":"<p><img decoding=\"async\" src=\"https:\/\/odocumento.com.br\/content\/images\/2026\/03\/3f52dcc4605f4eb837e0b9dd22602bd3.png\" alt=\"Ex-presidente Jair Bolsonaro &#xE9; levado a hospital em Bras&#xED;lia ap&#xF3;s calafrios e v&#xF4;mitos\"><\/p>\n<p><strong><em>Terra<\/em><\/strong> &#8211; O senador &#x200C;e pr&#xE9;-candidato &#xE0; Presid&#xEA;ncia da Rep&#xFA;blica, Fl&#xE1;vio Bolsonaro (PL-RJ), informou que &#x200C;seu pai, o ex-presidente Jair &#x200C;Bolsonaro, foi levado &#x2060;ao hospital nesta &#x2060;sexta-feira, 13.&#xA0;<\/p>\n<p>&quot;Acabo de receber a &#x200C;not&#xED;cia de que &#x200C;meu pai Jair Bolsonaro &#x2060;est&#xE1; &#x2060;a caminho do &#x2060;hospital, mais &#x200C;uma &#x200C;vez. Informa&#xE7;&#xF5;es preliminares de que acordou com calafrios &#x2060;e vomitou bastante&quot;, escreveu ele em publica&#xE7;&#xE3;o no X.<\/p>\n<p>Jair Bolsonaro&#xA0;cumpre pena de&#xA0;27 anos e tr&#xEA;s meses, condenado&#xA0;por tentativa de golpe de Estado, no complexo da Papudinha, em Bras&#xED;lia.&#xA0;Bolsonaro &#xE9; o primeiro ex-chefe de Estado brasileiro a ser condenado por crimes de tentativa de golpe.<\/p>\n<p><strong>Sa&#xFA;de de Bolsonaro<\/strong><\/p>\n<p>Em abril do ano passado, ele foi internado ap&#xF3;s ser diagnosticado com um quadro de distens&#xE3;o abdominal&#xA0;que provocou dores.&#xA0;De acordo a equipe m&#xE9;dica, a condi&#xE7;&#xE3;o que acometeu o ex-presidente foi uma paralisia intestinal, na qual o intestino deixa de funcionar temporariamente, impedindo a digest&#xE3;o e provocando dores e incha&#xE7;o.<\/p>\n<p>Ainda em 2025, Bolsonaro teve crises de solu&#xE7;os persistentes e precisou passar por cirurgias. A mais recente foi em dezembro.<\/p>\n<p><strong>Fonte:<\/strong> Pol\u00edtica &#8211; O DOCUMENTO | Confira as principais not\u00edcias de Cuiab\u00e1, Mato Grosso e regi\u00e3o (https:\/\/odocumento.com.br\/ex-presidente-jair-bolsonaro-e-levado-a-hospital-apos-calafrios-e-vomitos\/)<\/p>\n","protected":false},"excerpt":{"rendered":"<p>Terra &#8211; O senador &#x200C;e pr&#xE9;-candidato &#xE0; Presid&#xEA;ncia da Rep&#xFA;blica, Fl&#xE1;vio Bolsonaro (PL-RJ), informou que<\/p>\n","protected":false},"author":2,"featured_media":80913,"comment_status":"open","ping_status":"open","sticky":false,"template":"","format":"standard","meta":{"footnotes":""},"categories":[2],"tags":[],"aioseo_notices":[],"_links":{"self":[{"href":"https:\/\/portalnewsgta.com.br\/index.php\/wp-json\/wp\/v2\/posts\/80912"}],"collection":[{"href":"https:\/\/portalnewsgta.com.br\/index.php\/wp-json\/wp\/v2\/posts"}],"about":[{"href":"https:\/\/portalnewsgta.com.br\/index.php\/wp-json\/wp\/v2\/types\/post"}],"author":[{"embeddable":true,"href":"https:\/\/portalnewsgta.com.br\/index.php\/wp-json\/wp\/v2\/users\/2"}],"replies":[{"embeddable":true,"href":"https:\/\/portalnewsgta.com.br\/index.php\/wp-json\/wp\/v2\/comments?post=80912"}],"version-history":[{"count":0,"href":"https:\/\/portalnewsgta.com.br\/index.php\/wp-json\/wp\/v2\/posts\/80912\/revisions"}],"wp:featuredmedia":[{"embeddable":true,"href":"https:\/\/portalnewsgta.com.br\/index.php\/wp-json\/wp\/v2\/media\/80913"}],"wp:attachment":[{"href":"https:\/\/portalnewsgta.com.br\/index.php\/wp-json\/wp\/v2\/media?parent=80912"}],"wp:term":[{"taxonomy":"category","embeddable":true,"href":"https:\/\/portalnewsgta.com.br\/index.php\/wp-json\/wp\/v2\/categories?post=80912"},{"taxonomy":"post_tag","embeddable":true,"href":"https:\/\/portalnewsgta.com.br\/index.php\/wp-json\/wp\/v2\/tags?post=80912"}],"curies":[{"name":"wp","href":"https:\/\/api.w.org\/{rel}","templated":true}]}}