{"id":80865,"date":"2026-03-13T09:56:10","date_gmt":"2026-03-13T12:56:10","guid":{"rendered":"https:\/\/portalnewsgta.com.br\/index.php\/2026\/03\/13\/acusado-de-estupro-e-preso-pela-prf-durante-discalizacao-de-onibus-em-pocone\/"},"modified":"2026-03-13T09:56:10","modified_gmt":"2026-03-13T12:56:10","slug":"acusado-de-estupro-e-preso-pela-prf-durante-discalizacao-de-onibus-em-pocone","status":"publish","type":"post","link":"https:\/\/portalnewsgta.com.br\/index.php\/2026\/03\/13\/acusado-de-estupro-e-preso-pela-prf-durante-discalizacao-de-onibus-em-pocone\/","title":{"rendered":"Acusado de estupro \u00e9 preso pela PRF durante discaliza\u00e7\u00e3o de \u00f4nibus em Pocon\u00e9"},"content":{"rendered":"<p><img decoding=\"async\" src=\"https:\/\/odocumento.com.br\/content\/images\/2026\/03\/1e5682d3-0155-4ec7-8319-aec1e23ac805.jpeg\" alt=\"Acusado de estupro &#xE9; preso pela PRF durante discaliza&#xE7;&#xE3;o de &#xF4;nibus em Pocon&#xE9;\"><\/p>\n<p>A Pol&#xED;cia Rodovi&#xE1;ria Federal (PRF) cumpriu, na manh&#xE3; desta quinta-feira (12), um mandado de pris&#xE3;o durante fiscaliza&#xE7;&#xE3;o de transporte rodovi&#xE1;rio de passageiros na BR-070, em Pocon&#xE9; (MT).<\/p>\n<p>Por volta das 9h, no km 635 da rodovia, os policiais abordaram um &#xF4;nibus que fazia a linha Porto Velho (RO) x Bras&#xED;lia (DF). Durante entrevista com os passageiros, a equipe identificou que um dos ocupantes, um homem de 29 anos, possu&#xED;a um mandado de pris&#xE3;o em aberto pelo crime de estupro de vulner&#xE1;vel, expedido pelo Tribunal de Justi&#xE7;a do Estado do Amazonas.<\/p>\n<p>Diante da constata&#xE7;&#xE3;o, o indiv&#xED;duo foi detido e encaminhado &#xE0; Delegacia da Pol&#xED;cia Judici&#xE1;ria Civil de Pocon&#xE9; (MT) para os procedimentos cab&#xED;veis.<\/p>\n<p><strong>Fonte:<\/strong> Policial &#8211; O DOCUMENTO | Confira as principais not\u00edcias de Cuiab\u00e1, Mato Grosso e regi\u00e3o (https:\/\/odocumento.com.br\/acusado-de-estupro-e-preso-pela-prf-durante-discalizacao-de-onibus-em-pocone\/)<\/p>\n","protected":false},"excerpt":{"rendered":"<p>A Pol&#xED;cia Rodovi&#xE1;ria Federal (PRF) cumpriu, na manh&#xE3; desta quinta-feira (12), um mandado de pris&#xE3;o<\/p>\n","protected":false},"author":2,"featured_media":80866,"comment_status":"open","ping_status":"open","sticky":false,"template":"","format":"standard","meta":{"footnotes":""},"categories":[8],"tags":[],"aioseo_notices":[],"_links":{"self":[{"href":"https:\/\/portalnewsgta.com.br\/index.php\/wp-json\/wp\/v2\/posts\/80865"}],"collection":[{"href":"https:\/\/portalnewsgta.com.br\/index.php\/wp-json\/wp\/v2\/posts"}],"about":[{"href":"https:\/\/portalnewsgta.com.br\/index.php\/wp-json\/wp\/v2\/types\/post"}],"author":[{"embeddable":true,"href":"https:\/\/portalnewsgta.com.br\/index.php\/wp-json\/wp\/v2\/users\/2"}],"replies":[{"embeddable":true,"href":"https:\/\/portalnewsgta.com.br\/index.php\/wp-json\/wp\/v2\/comments?post=80865"}],"version-history":[{"count":0,"href":"https:\/\/portalnewsgta.com.br\/index.php\/wp-json\/wp\/v2\/posts\/80865\/revisions"}],"wp:featuredmedia":[{"embeddable":true,"href":"https:\/\/portalnewsgta.com.br\/index.php\/wp-json\/wp\/v2\/media\/80866"}],"wp:attachment":[{"href":"https:\/\/portalnewsgta.com.br\/index.php\/wp-json\/wp\/v2\/media?parent=80865"}],"wp:term":[{"taxonomy":"category","embeddable":true,"href":"https:\/\/portalnewsgta.com.br\/index.php\/wp-json\/wp\/v2\/categories?post=80865"},{"taxonomy":"post_tag","embeddable":true,"href":"https:\/\/portalnewsgta.com.br\/index.php\/wp-json\/wp\/v2\/tags?post=80865"}],"curies":[{"name":"wp","href":"https:\/\/api.w.org\/{rel}","templated":true}]}}