{"id":80855,"date":"2026-03-12T22:55:47","date_gmt":"2026-03-13T01:55:47","guid":{"rendered":"https:\/\/portalnewsgta.com.br\/index.php\/2026\/03\/12\/garcia-considera-podemos-com-musculatura-para-majoritaria-apos-filiacao-do-grupo-de-max\/"},"modified":"2026-03-12T22:55:47","modified_gmt":"2026-03-13T01:55:47","slug":"garcia-considera-podemos-com-musculatura-para-majoritaria-apos-filiacao-do-grupo-de-max","status":"publish","type":"post","link":"https:\/\/portalnewsgta.com.br\/index.php\/2026\/03\/12\/garcia-considera-podemos-com-musculatura-para-majoritaria-apos-filiacao-do-grupo-de-max\/","title":{"rendered":"Garcia considera Podemos com musculatura para majorit\u00e1ria ap\u00f3s filia\u00e7\u00e3o do grupo de Max"},"content":{"rendered":"<p><img decoding=\"async\" src=\"https:\/\/odocumento.com.br\/content\/images\/2026\/03\/14532.png\" alt=\"Garcia considera Podemos com musculatura para majorit&#xE1;ria ap&#xF3;s filia&#xE7;&#xE3;o do grupo de Max\"><\/p>\n<p><strong><em>Conte&#xFA;do\/ODOC<\/em><\/strong> &#8211; O secret&#xE1;rio-chefe da Casa Civil de Mato Grosso, deputado federal licenciado F&#xE1;bio Garcia (Uni&#xE3;o), em entrevista &#xE0; imprensa, afirmou que o Podemos, depois da filia&#xE7;&#xE3;o do grupo do presidente da Assembleia Legislativa, deputado Max Russi, &#x201C;tem musculatura&#x201D; para discutir &#x201C;espa&#xE7;o&#x201D; na chapa majorit&#xE1;ria para a elei&#xE7;&#xE3;o deste ano.<\/p>\n<p>&#x201C;Tenho certeza de que o Podemos tem musculatura para sentar na mesa e pedir um espa&#xE7;o na majorit&#xE1;ria. Isso faz parte do processo e o Podemos e outros partidos v&#xE3;o colocar suas pretens&#xF5;es no momento certo&#x201D;, disse Garcia.<\/p>\n<p>Para o chefe da Casa Civil, que esteve no ato de filia&#xE7;&#xE3;o do Podemos, no Hotel Fazenda Mato Grosso, &#x201C;o Podemos se torna, a partir de hoje, uma das principais for&#xE7;as pol&#xED;ticas do Estado. Basta ver o tamanho da mobiliza&#xE7;&#xE3;o, com lideran&#xE7;as de todo o Mato Grosso e chapas fortes para a disputa proporcional&#x201D;, afirmou.<\/p>\n<p>&#x201C;&#xC9; um partido de centro-direita, que defende pautas muito pr&#xF3;ximas das defendidas pela maioria dos mato-grossenses. Tem identidade com o Estado e deve continuar crescendo&#x201D;, previu Garcia.<\/p>\n<p><strong>Fonte:<\/strong> Pol\u00edtica &#8211; O DOCUMENTO | Confira as principais not\u00edcias de Cuiab\u00e1, Mato Grosso e regi\u00e3o (https:\/\/odocumento.com.br\/garcia-considera-podemos-com-musculatura-para-majoritaria-apos-filiacao-de-grupo-de-max\/)<\/p>\n","protected":false},"excerpt":{"rendered":"<p>Conte&#xFA;do\/ODOC &#8211; O secret&#xE1;rio-chefe da Casa Civil de Mato Grosso, deputado federal licenciado F&#xE1;bio Garcia<\/p>\n","protected":false},"author":2,"featured_media":80856,"comment_status":"open","ping_status":"open","sticky":false,"template":"","format":"standard","meta":{"footnotes":""},"categories":[2],"tags":[],"aioseo_notices":[],"_links":{"self":[{"href":"https:\/\/portalnewsgta.com.br\/index.php\/wp-json\/wp\/v2\/posts\/80855"}],"collection":[{"href":"https:\/\/portalnewsgta.com.br\/index.php\/wp-json\/wp\/v2\/posts"}],"about":[{"href":"https:\/\/portalnewsgta.com.br\/index.php\/wp-json\/wp\/v2\/types\/post"}],"author":[{"embeddable":true,"href":"https:\/\/portalnewsgta.com.br\/index.php\/wp-json\/wp\/v2\/users\/2"}],"replies":[{"embeddable":true,"href":"https:\/\/portalnewsgta.com.br\/index.php\/wp-json\/wp\/v2\/comments?post=80855"}],"version-history":[{"count":0,"href":"https:\/\/portalnewsgta.com.br\/index.php\/wp-json\/wp\/v2\/posts\/80855\/revisions"}],"wp:featuredmedia":[{"embeddable":true,"href":"https:\/\/portalnewsgta.com.br\/index.php\/wp-json\/wp\/v2\/media\/80856"}],"wp:attachment":[{"href":"https:\/\/portalnewsgta.com.br\/index.php\/wp-json\/wp\/v2\/media?parent=80855"}],"wp:term":[{"taxonomy":"category","embeddable":true,"href":"https:\/\/portalnewsgta.com.br\/index.php\/wp-json\/wp\/v2\/categories?post=80855"},{"taxonomy":"post_tag","embeddable":true,"href":"https:\/\/portalnewsgta.com.br\/index.php\/wp-json\/wp\/v2\/tags?post=80855"}],"curies":[{"name":"wp","href":"https:\/\/api.w.org\/{rel}","templated":true}]}}