{"id":80787,"date":"2026-03-12T10:56:09","date_gmt":"2026-03-12T13:56:09","guid":{"rendered":"https:\/\/portalnewsgta.com.br\/index.php\/2026\/03\/12\/virginia-mendes-teme-ataques-na-campanha-e-ainda-avalia-candidatura-a-deputada\/"},"modified":"2026-03-12T10:56:09","modified_gmt":"2026-03-12T13:56:09","slug":"virginia-mendes-teme-ataques-na-campanha-e-ainda-avalia-candidatura-a-deputada","status":"publish","type":"post","link":"https:\/\/portalnewsgta.com.br\/index.php\/2026\/03\/12\/virginia-mendes-teme-ataques-na-campanha-e-ainda-avalia-candidatura-a-deputada\/","title":{"rendered":"Virginia Mendes teme ataques na campanha e ainda avalia candidatura a deputada"},"content":{"rendered":"<p><img decoding=\"async\" src=\"https:\/\/odocumento.com.br\/content\/images\/2026\/03\/amp-assessoria5.jpeg\" alt=\"Virginia Mendes teme ataques na campanha e ainda avalia candidatura a deputada\"><\/p>\n<p><strong><em>Conte&#xFA;do\/ODOC <\/em><\/strong>&#8211; A primeira-dama de Mato Grosso, Virginia Mendes (Uni&#xE3;o), afirmou que ainda n&#xE3;o tomou uma decis&#xE3;o sobre disputar uma vaga na C&#xE2;mara dos Deputados nas elei&#xE7;&#xF5;es deste ano. Segundo ela, a possibilidade est&#xE1; sendo analisada com cautela, principalmente diante das cr&#xED;ticas e ataques que podem surgir durante o per&#xED;odo eleitoral.<\/p>\n<p>A declara&#xE7;&#xE3;o foi feita no &#xFA;ltimo s&#xE1;bado (7), durante o evento de filia&#xE7;&#xE3;o do Podemos realizado no Hotel Fazenda Mato Grosso, em Cuiab&#xE1;. Na ocasi&#xE3;o, Virginia foi convidada publicamente pelo presidente da Assembleia Legislativa, deputado estadual Max Russi, que tamb&#xE9;m preside o partido no Estado, a integrar a sigla.<\/p>\n<p>Virginia disse que o tema ainda est&#xE1; em avalia&#xE7;&#xE3;o e que n&#xE3;o pretende tomar uma decis&#xE3;o precipitada. &#x201C;&#xC9; uma coisa que n&#xE3;o d&#xE1; para decidir de uma hora para outra. Eu ainda estou analisando. N&#xE3;o tem nada definido&#x201D;, afirmou.<\/p>\n<p>Ela tamb&#xE9;m mencionou preocupa&#xE7;&#xE3;o com a exposi&#xE7;&#xE3;o pol&#xED;tica e a possibilidade de ataques nas redes sociais e durante a campanha. De acordo com a primeira-dama, as cr&#xED;ticas j&#xE1; acontecem mesmo sem que ela tenha cargo pol&#xED;tico.<\/p>\n<p>&#x201C;Eu tenho receio, porque j&#xE1; apanho muito somente sendo volunt&#xE1;ria, se eu viro candidata, v&#xE3;o me bater muito mais. S&#xE3;o muitas fake news. N&#xE3;o sei se estou preparada para isso&#x201D;, declarou.<\/p>\n<p>Virginia ressaltou que a defini&#xE7;&#xE3;o sobre uma eventual candidatura ser&#xE1; discutida com a fam&#xED;lia. Ela citou o marido, o governador Mauro Mendes (Uni&#xE3;o), e os tr&#xEA;s filhos, incluindo a filha mais nova.<\/p>\n<p>&#x201C;Eu gosto do trabalho social. Amo fazer isso. &#xC9; de cora&#xE7;&#xE3;o. Mas tenho que pensar: tenho uma filha pequena, o Mauro est&#xE1; na pol&#xED;tica, tenho dois filhos para cuidar, mais a pequenininha&#x201D;, disse.<\/p>\n<p>Apesar de ainda n&#xE3;o ter decidido sobre uma poss&#xED;vel filia&#xE7;&#xE3;o partid&#xE1;ria, Virginia revelou que recebeu convite da presidente nacional do Podemos, deputada federal Renata Abreu, para integrar a legenda e assumir o comando do Podemos Mulher.<\/p>\n<p>&#x201C;A presidente me convidou para ir para o partido, falou que dava at&#xE9; a presid&#xEA;ncia nacional se eu fosse pro partido do Max, mas ainda estou decidindo. Ainda n&#xE3;o resolvi&#x201D;, afirmou.<\/p>\n<p><strong>Fonte:<\/strong> Pol\u00edtica &#8211; O DOCUMENTO | Confira as principais not\u00edcias de Cuiab\u00e1, Mato Grosso e regi\u00e3o (https:\/\/odocumento.com.br\/virginia-mendes-teme-ataques-na-campanha-e-avalia-candidatura-a-deputada\/)<\/p>\n","protected":false},"excerpt":{"rendered":"<p>Conte&#xFA;do\/ODOC &#8211; A primeira-dama de Mato Grosso, Virginia Mendes (Uni&#xE3;o), afirmou que ainda n&#xE3;o tomou<\/p>\n","protected":false},"author":2,"featured_media":80788,"comment_status":"open","ping_status":"open","sticky":false,"template":"","format":"standard","meta":{"footnotes":""},"categories":[2],"tags":[],"aioseo_notices":[],"_links":{"self":[{"href":"https:\/\/portalnewsgta.com.br\/index.php\/wp-json\/wp\/v2\/posts\/80787"}],"collection":[{"href":"https:\/\/portalnewsgta.com.br\/index.php\/wp-json\/wp\/v2\/posts"}],"about":[{"href":"https:\/\/portalnewsgta.com.br\/index.php\/wp-json\/wp\/v2\/types\/post"}],"author":[{"embeddable":true,"href":"https:\/\/portalnewsgta.com.br\/index.php\/wp-json\/wp\/v2\/users\/2"}],"replies":[{"embeddable":true,"href":"https:\/\/portalnewsgta.com.br\/index.php\/wp-json\/wp\/v2\/comments?post=80787"}],"version-history":[{"count":0,"href":"https:\/\/portalnewsgta.com.br\/index.php\/wp-json\/wp\/v2\/posts\/80787\/revisions"}],"wp:featuredmedia":[{"embeddable":true,"href":"https:\/\/portalnewsgta.com.br\/index.php\/wp-json\/wp\/v2\/media\/80788"}],"wp:attachment":[{"href":"https:\/\/portalnewsgta.com.br\/index.php\/wp-json\/wp\/v2\/media?parent=80787"}],"wp:term":[{"taxonomy":"category","embeddable":true,"href":"https:\/\/portalnewsgta.com.br\/index.php\/wp-json\/wp\/v2\/categories?post=80787"},{"taxonomy":"post_tag","embeddable":true,"href":"https:\/\/portalnewsgta.com.br\/index.php\/wp-json\/wp\/v2\/tags?post=80787"}],"curies":[{"name":"wp","href":"https:\/\/api.w.org\/{rel}","templated":true}]}}