{"id":80783,"date":"2026-03-12T10:56:07","date_gmt":"2026-03-12T13:56:07","guid":{"rendered":"https:\/\/portalnewsgta.com.br\/index.php\/2026\/03\/12\/idoso-descumpre-protetiva-ameaca-dar-um-salve-na-ex-companheira-e-e-preso-pela-pc\/"},"modified":"2026-03-12T10:56:07","modified_gmt":"2026-03-12T13:56:07","slug":"idoso-descumpre-protetiva-ameaca-dar-um-salve-na-ex-companheira-e-e-preso-pela-pc","status":"publish","type":"post","link":"https:\/\/portalnewsgta.com.br\/index.php\/2026\/03\/12\/idoso-descumpre-protetiva-ameaca-dar-um-salve-na-ex-companheira-e-e-preso-pela-pc\/","title":{"rendered":"Idoso descumpre protetiva, amea\u00e7a \u201cdar um salve\u201d na ex-companheira e \u00e9 preso pela PC"},"content":{"rendered":"<p><img decoding=\"async\" src=\"https:\/\/odocumento.com.br\/content\/images\/2026\/03\/DEDM-Cuiab---fachada-2.jpg\" alt=\"Idoso descumpre protetiva, amea&#xE7;a &#x201C;dar um salve&#x201D; na ex-companheira e &#xE9; preso pela PC\"><\/p>\n<p>A Pol&#xED;cia Civil cumpriu, nestas ter&#xE7;a e quarta-feira (10 e 11), em Cuiab&#xE1;, dois mandados de pris&#xE3;o preventiva contra investigados por descumprimento reiterado de medidas protetivas de urg&#xEA;ncia concedidas em favor de suas ex-companheiras.<\/p>\n<p>Os mandados foram cumpridos por equipes da Delegacia Especializada de Defesa da Mulher (DEDM) de Cuiab&#xE1;, ap&#xF3;s representa&#xE7;&#xE3;o da Pol&#xED;cia Civil e deferimento da Justi&#xE7;a.<\/p>\n<p>No primeiro caso, a v&#xED;tima, de 51 anos, solicitou as medidas protetivas ap&#xF3;s sofrer inj&#xFA;rias, amea&#xE7;as e viol&#xEA;ncia psicol&#xF3;gica por parte do suspeito, de 72 anos.<\/p>\n<p>Por&#xE9;m, mesmo ap&#xF3;s o deferimento das medidas pelo Poder Judici&#xE1;rio, o investigado passou a perseguir a v&#xED;tima e a pression&#xE1;-la para que retirasse as medidas, chegando a afirmar que iria &#x201C;dar um salve&#x201D; nela, express&#xE3;o interpretada como amea&#xE7;a &#xE0; sua integridade.<\/p>\n<p>Diante da gravidade dos fatos, da persist&#xEA;ncia do comportamento intimidat&#xF3;rio e do risco &#xE0; seguran&#xE7;a da v&#xED;tima, a delegada Jud&#xE1; Marcondes representou pela pris&#xE3;o preventiva do investigado, medida que foi acolhida pelo Poder Judici&#xE1;rio.<\/p>\n<p>De posse do mandado judicial, na ter&#xE7;a-feira, as equipes da Delegacia Especializada de Defesa da Mulher de Cuiab&#xE1; realizaram dilig&#xEA;ncias, localizaram o suspeito e o prenderam. Ele foi encaminhado &#xE0; unidade prisional competente, onde permanece &#xE0; disposi&#xE7;&#xE3;o da Justi&#xE7;a.<\/p>\n<p><strong>Amea&#xE7;as e les&#xE3;o corporal<\/strong><\/p>\n<p>No segundo caso, o suspeito, de 57 anos, &#xE9; investigado por descumprimento de medidas protetivas de urg&#xEA;ncia e les&#xE3;o corporal, praticados contra sua ex-companheira, de 31 anos.<\/p>\n<p>Segundo as apura&#xE7;&#xF5;es, mesmo ap&#xF3;s a concess&#xE3;o das medidas protetivas pelo Poder Judici&#xE1;rio, o suspeito continuou a perseguir a v&#xED;tima, ainda que j&#xE1; estivesse em outro relacionamento.<\/p>\n<p>Em determinado momento, ao ser confrontado pela ex-companheira, que afirmou que contaria &#xE0; atual esposa dele sobre a constante persegui&#xE7;&#xE3;o, o investigado passou a agredi-la com socos, quebrou o celular na cabe&#xE7;a da v&#xED;tima e, em seguida, colocou uma faca em seu pesco&#xE7;o, proferindo a amea&#xE7;a: &#x201C;Se eu n&#xE3;o te matar, vou mandar algu&#xE9;m te matar&#x201D;.<\/p>\n<p>Diante da gravidade dos fatos, da reitera&#xE7;&#xE3;o das condutas violentas e do risco concreto &#xE0; integridade f&#xED;sica da v&#xED;tima, a delegada Jud&#xE1; Marcondes representou pela pris&#xE3;o preventiva do investigado, medida que foi deferida pelo Poder Judici&#xE1;rio.<\/p>\n<p>De posse do mandado judicial, equipes da DEDM de Cuiab&#xE1; realizaram buscas e localizaram o suspeito no in&#xED;cio da tarde desta quarta-feira. Ele foi encaminhado &#xE0; unidade prisional competente, onde permanece &#xE0; disposi&#xE7;&#xE3;o da Justi&#xE7;a.<\/p>\n<p>&#x201C;As pris&#xF5;es refor&#xE7;am o compromisso da Pol&#xED;cia Civil no enfrentamento &#xE0; viol&#xEA;ncia dom&#xE9;stica e familiar contra a mulher, adotando medidas firmes para garantir a prote&#xE7;&#xE3;o das v&#xED;timas e a responsabiliza&#xE7;&#xE3;o dos agressores, em conformidade com a Lei Maria da Penha&#x201D;, afirmou a delegada Jud&#xE1; Marcondes.<\/p>\n<p><strong>Fonte:<\/strong> Policial &#8211; O DOCUMENTO | Confira as principais not\u00edcias de Cuiab\u00e1, Mato Grosso e regi\u00e3o (https:\/\/odocumento.com.br\/idoso-descumpre-protetiva-ameaca-dar-um-salve-na-ex-companheira-e-e-preso-pela-pc\/)<\/p>\n","protected":false},"excerpt":{"rendered":"<p>A Pol&#xED;cia Civil cumpriu, nestas ter&#xE7;a e quarta-feira (10 e 11), em Cuiab&#xE1;, dois mandados<\/p>\n","protected":false},"author":2,"featured_media":80784,"comment_status":"open","ping_status":"open","sticky":false,"template":"","format":"standard","meta":{"footnotes":""},"categories":[8],"tags":[],"aioseo_notices":[],"_links":{"self":[{"href":"https:\/\/portalnewsgta.com.br\/index.php\/wp-json\/wp\/v2\/posts\/80783"}],"collection":[{"href":"https:\/\/portalnewsgta.com.br\/index.php\/wp-json\/wp\/v2\/posts"}],"about":[{"href":"https:\/\/portalnewsgta.com.br\/index.php\/wp-json\/wp\/v2\/types\/post"}],"author":[{"embeddable":true,"href":"https:\/\/portalnewsgta.com.br\/index.php\/wp-json\/wp\/v2\/users\/2"}],"replies":[{"embeddable":true,"href":"https:\/\/portalnewsgta.com.br\/index.php\/wp-json\/wp\/v2\/comments?post=80783"}],"version-history":[{"count":0,"href":"https:\/\/portalnewsgta.com.br\/index.php\/wp-json\/wp\/v2\/posts\/80783\/revisions"}],"wp:featuredmedia":[{"embeddable":true,"href":"https:\/\/portalnewsgta.com.br\/index.php\/wp-json\/wp\/v2\/media\/80784"}],"wp:attachment":[{"href":"https:\/\/portalnewsgta.com.br\/index.php\/wp-json\/wp\/v2\/media?parent=80783"}],"wp:term":[{"taxonomy":"category","embeddable":true,"href":"https:\/\/portalnewsgta.com.br\/index.php\/wp-json\/wp\/v2\/categories?post=80783"},{"taxonomy":"post_tag","embeddable":true,"href":"https:\/\/portalnewsgta.com.br\/index.php\/wp-json\/wp\/v2\/tags?post=80783"}],"curies":[{"name":"wp","href":"https:\/\/api.w.org\/{rel}","templated":true}]}}