{"id":80749,"date":"2026-03-11T17:55:47","date_gmt":"2026-03-11T20:55:47","guid":{"rendered":"https:\/\/portalnewsgta.com.br\/index.php\/2026\/03\/11\/ninguem-se-elege-sozinho-em-chapa-proporcional-diz-mauro-sobre-veto-a-saida-de-vereadora\/"},"modified":"2026-03-11T17:55:47","modified_gmt":"2026-03-11T20:55:47","slug":"ninguem-se-elege-sozinho-em-chapa-proporcional-diz-mauro-sobre-veto-a-saida-de-vereadora","status":"publish","type":"post","link":"https:\/\/portalnewsgta.com.br\/index.php\/2026\/03\/11\/ninguem-se-elege-sozinho-em-chapa-proporcional-diz-mauro-sobre-veto-a-saida-de-vereadora\/","title":{"rendered":"\u201cNingu\u00e9m se elege sozinho em chapa proporcional\u201d, diz Mauro sobre veto \u00e0 sa\u00edda de vereadora"},"content":{"rendered":"<p><img decoding=\"async\" src=\"https:\/\/odocumento.com.br\/content\/images\/2026\/03\/9A3A9259.jpg\" alt=\"&#x201C;Ningu&#xE9;m se elege sozinho em chapa proporcional&#x201D;, diz Mauro sobre veto &#xE0; sa&#xED;da de vereadora\"><\/p>\n<p><strong><em>Conte&#xFA;do\/ODOC<\/em><\/strong> &#8211; O governador de Mato Grosso, Mauro Mendes (Uni&#xE3;o Brasil), respondeu &#xE0;s cr&#xED;ticas feitas pela vereadora de Cuiab&#xE1; Michelly Alencar (Uni&#xE3;o Brasil) e afirmou que a decis&#xE3;o de impedir a desfilia&#xE7;&#xE3;o de parlamentares eleitos pela sigla segue as regras da legisla&#xE7;&#xE3;o eleitoral.<\/p>\n<p>A declara&#xE7;&#xE3;o foi dada &#xE0; imprensa nesta quarta-feira (11), ap&#xF3;s Michelly afirmar que estaria sendo boicotada dentro do partido depois de ter o pedido para deixar a legenda negado pela dire&#xE7;&#xE3;o estadual. A vereadora tenta se transferir para o partido Novo com o objetivo de disputar uma vaga na Assembleia Legislativa.<\/p>\n<p>Segundo Mauro Mendes, a orienta&#xE7;&#xE3;o adotada pela sigla n&#xE3;o foi direcionada especificamente &#xE0; parlamentar, mas vale para todos os pol&#xED;ticos eleitos em cargos proporcionais pelo partido.<\/p>\n<p>&#x201C;Olha, na verdade, n&#xE3;o &#xE9; para ela, vai para todo mundo. V&#xE1;rios deputados estaduais, v&#xE1;rios vereadores, v&#xE1;rios deputados federais. Existe uma lei federal. N&#xE3;o &#xE9; o Mauro Mendes ou um deputado individualmente que vai mudar isso. A lei &#xE9; muito clara, ningu&#xE9;m se elege sozinho numa chapa proporcional&#x201D;, afirmou.<\/p>\n<p>O governador explicou que, no sistema proporcional, os votos obtidos por cada candidato s&#xE3;o somados aos demais integrantes da chapa, o que cria v&#xED;nculo entre o mandato e o partido.<\/p>\n<p>&#x201C;Esse cidad&#xE3;o, essa cidad&#xE3; que se elege dentro de um partido tem um v&#xED;nculo com esse partido. Ele n&#xE3;o se elegeu com o voto s&#xF3; dele. Ela n&#xE3;o pode ir embora do partido, sendo que aquela elei&#xE7;&#xE3;o foi conquistada pelo voto de todos os demais membros do partido&#x201D;, declarou.<\/p>\n<p>Mauro tamb&#xE9;m rejeitou a acusa&#xE7;&#xE3;o de que haveria resist&#xEA;ncia interna ou tentativa de isolamento da vereadora dentro da legenda. &#x201C;N&#xE3;o existe isso em lugar nenhum. O espa&#xE7;o est&#xE1; aberto. Ela e outras pessoas manifestaram, por conveni&#xEA;ncia pessoal, por exemplo, sair e buscar outra agremia&#xE7;&#xE3;o. E o partido afirma que o Brasil inteiro decidiu que n&#xE3;o vai liberar ningu&#xE9;m. O espa&#xE7;o est&#xE1; aberto para homens, mulheres, qualquer um participar&#x201D;, disse.<\/p>\n<p>A controv&#xE9;rsia ganhou repercuss&#xE3;o depois que Michelly criticou o partido durante sess&#xE3;o na C&#xE2;mara Municipal de Cuiab&#xE1;, realizada na ter&#xE7;a-feira (10). Na ocasi&#xE3;o, a parlamentar afirmou que mulheres ainda s&#xE3;o utilizadas apenas para cumprir a cota m&#xED;nima de candidaturas exigida pela legisla&#xE7;&#xE3;o eleitoral.<\/p>\n<p>&#x201C;As mulheres n&#xE3;o podem mais ser apenas aquele n&#xFA;mero de cota necess&#xE1;rio para os partidos. Eu estou vivendo isso. N&#xE3;o fui e n&#xE3;o vou aceitar ser apenas um n&#xFA;mero no meu partido para cumprir cota&#x201D;, afirmou.<\/p>\n<p>A decis&#xE3;o do Uni&#xE3;o Brasil foi discutida em reuni&#xE3;o realizada na casa do senador Jayme Campos (Uni&#xE3;o Brasil), que contou com integrantes da executiva estadual e parlamentares da federa&#xE7;&#xE3;o Uni&#xE3;o Progressista. Ap&#xF3;s o encontro, Mauro Mendes afirmou que houve consenso entre os dirigentes para n&#xE3;o autorizar a sa&#xED;da de vereadores eleitos pela chapa partid&#xE1;ria, sob o argumento de que o mandato pertence ao conjunto de votos obtidos pela legenda.<\/p>\n<p><strong>Fonte:<\/strong> Pol\u00edtica &#8211; O DOCUMENTO | Confira as principais not\u00edcias de Cuiab\u00e1, Mato Grosso e regi\u00e3o (https:\/\/odocumento.com.br\/ninguem-se-elege-sozinho-em-chapa-proporcional-diz-mauro-sobre-veto-a-saida-de-vereadora\/)<\/p>\n","protected":false},"excerpt":{"rendered":"<p>Conte&#xFA;do\/ODOC &#8211; O governador de Mato Grosso, Mauro Mendes (Uni&#xE3;o Brasil), respondeu &#xE0;s cr&#xED;ticas feitas<\/p>\n","protected":false},"author":2,"featured_media":80750,"comment_status":"open","ping_status":"open","sticky":false,"template":"","format":"standard","meta":{"footnotes":""},"categories":[2],"tags":[],"aioseo_notices":[],"_links":{"self":[{"href":"https:\/\/portalnewsgta.com.br\/index.php\/wp-json\/wp\/v2\/posts\/80749"}],"collection":[{"href":"https:\/\/portalnewsgta.com.br\/index.php\/wp-json\/wp\/v2\/posts"}],"about":[{"href":"https:\/\/portalnewsgta.com.br\/index.php\/wp-json\/wp\/v2\/types\/post"}],"author":[{"embeddable":true,"href":"https:\/\/portalnewsgta.com.br\/index.php\/wp-json\/wp\/v2\/users\/2"}],"replies":[{"embeddable":true,"href":"https:\/\/portalnewsgta.com.br\/index.php\/wp-json\/wp\/v2\/comments?post=80749"}],"version-history":[{"count":0,"href":"https:\/\/portalnewsgta.com.br\/index.php\/wp-json\/wp\/v2\/posts\/80749\/revisions"}],"wp:featuredmedia":[{"embeddable":true,"href":"https:\/\/portalnewsgta.com.br\/index.php\/wp-json\/wp\/v2\/media\/80750"}],"wp:attachment":[{"href":"https:\/\/portalnewsgta.com.br\/index.php\/wp-json\/wp\/v2\/media?parent=80749"}],"wp:term":[{"taxonomy":"category","embeddable":true,"href":"https:\/\/portalnewsgta.com.br\/index.php\/wp-json\/wp\/v2\/categories?post=80749"},{"taxonomy":"post_tag","embeddable":true,"href":"https:\/\/portalnewsgta.com.br\/index.php\/wp-json\/wp\/v2\/tags?post=80749"}],"curies":[{"name":"wp","href":"https:\/\/api.w.org\/{rel}","templated":true}]}}