{"id":80745,"date":"2026-03-11T17:55:45","date_gmt":"2026-03-11T20:55:45","guid":{"rendered":"https:\/\/portalnewsgta.com.br\/index.php\/2026\/03\/11\/prefeito-confirma-enfermeiro-na-saude-e-advogado-no-planejamento-e-avalia-nome-para-educacao\/"},"modified":"2026-03-11T17:55:45","modified_gmt":"2026-03-11T20:55:45","slug":"prefeito-confirma-enfermeiro-na-saude-e-advogado-no-planejamento-e-avalia-nome-para-educacao","status":"publish","type":"post","link":"https:\/\/portalnewsgta.com.br\/index.php\/2026\/03\/11\/prefeito-confirma-enfermeiro-na-saude-e-advogado-no-planejamento-e-avalia-nome-para-educacao\/","title":{"rendered":"Prefeito confirma enfermeiro na Sa\u00fade e advogado no Planejamento, e avalia nome para Educa\u00e7\u00e3o"},"content":{"rendered":"<p><img decoding=\"async\" src=\"https:\/\/odocumento.com.br\/content\/images\/2026\/03\/2025-09-15-11-44-imgl9978-68c83458247db.jpg\" alt=\"Prefeito confirma enfermeiro na Sa&#xFA;de e advogado no Planejamento, e avalia nome para Educa&#xE7;&#xE3;o\"><\/p>\n<p>O prefeito de Cuiab&#xE1;, Abilio Brunini, anunciou mudan&#xE7;as no primeiro escal&#xE3;o da administra&#xE7;&#xE3;o municipal com a defini&#xE7;&#xE3;o de novos nomes para as secretarias de Sa&#xFA;de e Planejamento Estrat&#xE9;gico. As altera&#xE7;&#xF5;es ocorrem em meio &#xE0; reorganiza&#xE7;&#xE3;o administrativa motivada pelo calend&#xE1;rio eleitoral de 2026.<\/p>\n<p>Para a Secretaria Municipal de Sa&#xFA;de, o prefeito confirmou a nomea&#xE7;&#xE3;o do enfermeiro Odair Mendon&#xE7;a, servidor de carreira da Prefeitura de Cuiab&#xE1; e atual secret&#xE1;rio-adjunto de Aten&#xE7;&#xE3;o Secund&#xE1;ria. A oficializa&#xE7;&#xE3;o da mudan&#xE7;a est&#xE1; prevista para o pr&#xF3;ximo dia 31 de mar&#xE7;o.<\/p>\n<p>Odair &#xE9; profissional da rede p&#xFA;blica municipal, com atua&#xE7;&#xE3;o direta na gest&#xE3;o e no funcionamento das Unidades de Pronto Atendimento (UPAs). Ao longo da carreira, participou da organiza&#xE7;&#xE3;o dos servi&#xE7;os de m&#xE9;dia complexidade e da gest&#xE3;o de unidades estrat&#xE9;gicas da rede de urg&#xEA;ncia e emerg&#xEA;ncia da capital.<\/p>\n<figure class=\"kg-card kg-image-card kg-card-hascaption\"><img decoding=\"async\" src=\"https:\/\/odocumento.com.br\/content\/images\/2026\/03\/2026-03-11-10-57-whatsapp-image-2026-03-11-at-105657-69b182f4e6c11.jpeg\" class=\"kg-image\" alt=\"Prefeito confirma enfermeiro na Sa&#xFA;de e advogado no Planejamento, e avalia nome para Educa&#xE7;&#xE3;o\" loading=\"lazy\" width=\"1600\" height=\"1066\"><figcaption><span>Atual adjunto, Odair Mendon&#xE7;a comandar&#xE1; a Sa&#xFA;de<\/span><\/figcaption><\/figure>\n<p>J&#xE1; a Secretaria Municipal de Planejamento Estrat&#xE9;gico ter&#xE1; como novo titular Rafael Iacovacci, que assume a fun&#xE7;&#xE3;o ap&#xF3;s a sa&#xED;da de Murilo Bianchini. Advogado, ele passar&#xE1; a integrar a equipe respons&#xE1;vel pelo acompanhamento de projetos estrat&#xE9;gicos, planejamento de metas e articula&#xE7;&#xE3;o das pol&#xED;ticas p&#xFA;blicas da gest&#xE3;o municipal.<\/p>\n<p>No caso da Secretaria Municipal de Educa&#xE7;&#xE3;o, a defini&#xE7;&#xE3;o do novo titular ainda est&#xE1; em avalia&#xE7;&#xE3;o. Segundo o prefeito, a escolha dever&#xE1; priorizar um perfil t&#xE9;cnico e algu&#xE9;m que j&#xE1; atue dentro da pr&#xF3;pria estrutura da secretaria, garantindo continuidade aos programas e projetos em andamento.<\/p>\n<figure class=\"kg-card kg-image-card kg-card-hascaption\"><img decoding=\"async\" src=\"https:\/\/odocumento.com.br\/content\/images\/2026\/03\/2026-03-11-14-12-whatsapp-image-2026-03-11-at-124612-69b1b07a0128f.jpeg\" class=\"kg-image\" alt=\"Prefeito confirma enfermeiro na Sa&#xFA;de e advogado no Planejamento, e avalia nome para Educa&#xE7;&#xE3;o\" loading=\"lazy\" width=\"960\" height=\"1280\"><figcaption><span>Rafael Iacovacci vai comandar a Secretaria de Planejamento<\/span><\/figcaption><\/figure>\n<p>A orienta&#xE7;&#xE3;o da gest&#xE3;o &#xE9; manter a linha de trabalho j&#xE1; desenvolvida pela equipe da pasta, preservando o andamento das pol&#xED;ticas educacionais implementadas nos &#xFA;ltimos meses.<\/p>\n<p>As mudan&#xE7;as fazem parte do processo de reorganiza&#xE7;&#xE3;o administrativa da Prefeitura de Cuiab&#xE1; diante do novo cen&#xE1;rio pol&#xED;tico que se aproxima com as elei&#xE7;&#xF5;es de 2026.<\/p>\n<p><strong>Fonte:<\/strong> Pol\u00edtica &#8211; O DOCUMENTO | Confira as principais not\u00edcias de Cuiab\u00e1, Mato Grosso e regi\u00e3o (https:\/\/odocumento.com.br\/prefeito-confirma-enfermeiro-na-saude-e-advogado-no-planejamento-e-avalia-nome-para-educacao\/)<\/p>\n","protected":false},"excerpt":{"rendered":"<p>O prefeito de Cuiab&#xE1;, Abilio Brunini, anunciou mudan&#xE7;as no primeiro escal&#xE3;o da administra&#xE7;&#xE3;o municipal com<\/p>\n","protected":false},"author":2,"featured_media":80746,"comment_status":"open","ping_status":"open","sticky":false,"template":"","format":"standard","meta":{"footnotes":""},"categories":[2],"tags":[],"aioseo_notices":[],"_links":{"self":[{"href":"https:\/\/portalnewsgta.com.br\/index.php\/wp-json\/wp\/v2\/posts\/80745"}],"collection":[{"href":"https:\/\/portalnewsgta.com.br\/index.php\/wp-json\/wp\/v2\/posts"}],"about":[{"href":"https:\/\/portalnewsgta.com.br\/index.php\/wp-json\/wp\/v2\/types\/post"}],"author":[{"embeddable":true,"href":"https:\/\/portalnewsgta.com.br\/index.php\/wp-json\/wp\/v2\/users\/2"}],"replies":[{"embeddable":true,"href":"https:\/\/portalnewsgta.com.br\/index.php\/wp-json\/wp\/v2\/comments?post=80745"}],"version-history":[{"count":0,"href":"https:\/\/portalnewsgta.com.br\/index.php\/wp-json\/wp\/v2\/posts\/80745\/revisions"}],"wp:featuredmedia":[{"embeddable":true,"href":"https:\/\/portalnewsgta.com.br\/index.php\/wp-json\/wp\/v2\/media\/80746"}],"wp:attachment":[{"href":"https:\/\/portalnewsgta.com.br\/index.php\/wp-json\/wp\/v2\/media?parent=80745"}],"wp:term":[{"taxonomy":"category","embeddable":true,"href":"https:\/\/portalnewsgta.com.br\/index.php\/wp-json\/wp\/v2\/categories?post=80745"},{"taxonomy":"post_tag","embeddable":true,"href":"https:\/\/portalnewsgta.com.br\/index.php\/wp-json\/wp\/v2\/tags?post=80745"}],"curies":[{"name":"wp","href":"https:\/\/api.w.org\/{rel}","templated":true}]}}