{"id":80684,"date":"2026-03-10T23:56:01","date_gmt":"2026-03-11T02:56:01","guid":{"rendered":"https:\/\/portalnewsgta.com.br\/index.php\/2026\/03\/10\/medeiros-quer-ser-nome-unico-e-ameaca-desistir-se-janaina-riva-integrar-chapa-ao-senado\/"},"modified":"2026-03-10T23:56:01","modified_gmt":"2026-03-11T02:56:01","slug":"medeiros-quer-ser-nome-unico-e-ameaca-desistir-se-janaina-riva-integrar-chapa-ao-senado","status":"publish","type":"post","link":"https:\/\/portalnewsgta.com.br\/index.php\/2026\/03\/10\/medeiros-quer-ser-nome-unico-e-ameaca-desistir-se-janaina-riva-integrar-chapa-ao-senado\/","title":{"rendered":"Medeiros quer ser nome \u00fanico e amea\u00e7a desistir se Janaina Riva integrar chapa ao Senado"},"content":{"rendered":"<p><img decoding=\"async\" src=\"https:\/\/odocumento.com.br\/content\/images\/2026\/03\/JOSE-MEDEIROS.jpg\" alt=\"Medeiros quer ser nome &#xFA;nico e amea&#xE7;a desistir se Janaina Riva integrar chapa ao Senado\"><\/p>\n<p><strong><em>Conte&#xFA;do\/ODOC<\/em><\/strong> &#8211; Deputado federal Jos&#xE9; Medeiros (PL), em entrevista na <strong>TV<\/strong> <strong>Vila Real<\/strong>, nesta segunda-feira (9), questionado sobre os rumores de que a deputada estadual Jana&#xED;na Riva tem a simpatia do senador Fl&#xE1;vio Bolsonaro (PL), pr&#xE9;-candidato &#xE0; Presid&#xEA;ncia da Rep&#xFA;blica para disputar o Senado, disse que n&#xE3;o tem essa informa&#xE7;&#xE3;o, que n&#xE3;o foi isso que ouviu do filho do ex-presidente Jair Bolsonaro e que se isso for real, &#x201C;ela&#x201D; tem que ser a candidata.<\/p>\n<p>&#x201C;Diz o ditado que nunca se mente tanto depois de uma guerra como durante uma elei&#xE7;&#xE3;o. O Fl&#xE1;vio n&#xE3;o me passou isso&#8230;porqu&#xEA;, se for isso, a&#xED; tem que escolher e por ela como candidata n&#xE9; (?), n&#xE3;o pode dizer que o Medeiros &#xE9; o candidato do PL, &#xE9; a prioridade do partido&#x201D;, disse o federal.<\/p>\n<p>&#x201C;Porque o que o presidente havia me dito e o Fl&#xE1;vio tinha me passado &#xE9; o seguinte: olha, a nossa prioridade, n&#xF3;s vamos ter o cuidado de lan&#xE7;ar s&#xF3; um candidato do PL, inclusive nem do PL vai se lan&#xE7;ar outro, justamente pra gente ter um foco de eleger uma bancada grande&#x201D;, recordou.<\/p>\n<p>&#x201C;N&#xE3;o vamos ter um segundo nome. Ent&#xE3;o, se a simpatia &#xE9; por outro candidato, ent&#xE3;o tem que trocar. A&#xED; sim, o partido precisa ser muito decente comigo, chegar e falar: olha, a simpatia n&#xE3;o &#xE9; por voc&#xEA;, &#xE9; por fulano de tal, porque da&#xED; eu vou dar um jeito de me adequar&quot;.<\/p>\n<p>Perguntado se est&#xE1; fora caso tenha outro candidato ao Senado na chapa do Partido Liberal, Medeiros foi afirmativo: &#x201C;L&#xF3;gico, n&#xE3;o tem como num cen&#xE1;rio disputado desse, a simpatia do PL &#xE9; por outro candidato e voc&#xEA; vai a&#xED; disputar o que cair da mesa n&#xE9; (?)&#8230;n&#xE3;o d&#xE1; pra entrar numa disputa dessa assim em d&#xFA;vida. Ou a gente entra fechado ou n&#xE3;o d&#xE1;&#x201D;, argumentou o deputado.<\/p>\n<p><strong>Fonte:<\/strong> Pol\u00edtica &#8211; O DOCUMENTO | Confira as principais not\u00edcias de Cuiab\u00e1, Mato Grosso e regi\u00e3o (https:\/\/odocumento.com.br\/medeiros-quer-ser-nome-unico-e-ameaca-desistir-se-janaina-riva-integrar-chapa-ao-senado\/)<\/p>\n","protected":false},"excerpt":{"rendered":"<p>Conte&#xFA;do\/ODOC &#8211; Deputado federal Jos&#xE9; Medeiros (PL), em entrevista na TV Vila Real, nesta segunda-feira<\/p>\n","protected":false},"author":2,"featured_media":80685,"comment_status":"open","ping_status":"open","sticky":false,"template":"","format":"standard","meta":{"footnotes":""},"categories":[2],"tags":[],"aioseo_notices":[],"_links":{"self":[{"href":"https:\/\/portalnewsgta.com.br\/index.php\/wp-json\/wp\/v2\/posts\/80684"}],"collection":[{"href":"https:\/\/portalnewsgta.com.br\/index.php\/wp-json\/wp\/v2\/posts"}],"about":[{"href":"https:\/\/portalnewsgta.com.br\/index.php\/wp-json\/wp\/v2\/types\/post"}],"author":[{"embeddable":true,"href":"https:\/\/portalnewsgta.com.br\/index.php\/wp-json\/wp\/v2\/users\/2"}],"replies":[{"embeddable":true,"href":"https:\/\/portalnewsgta.com.br\/index.php\/wp-json\/wp\/v2\/comments?post=80684"}],"version-history":[{"count":0,"href":"https:\/\/portalnewsgta.com.br\/index.php\/wp-json\/wp\/v2\/posts\/80684\/revisions"}],"wp:featuredmedia":[{"embeddable":true,"href":"https:\/\/portalnewsgta.com.br\/index.php\/wp-json\/wp\/v2\/media\/80685"}],"wp:attachment":[{"href":"https:\/\/portalnewsgta.com.br\/index.php\/wp-json\/wp\/v2\/media?parent=80684"}],"wp:term":[{"taxonomy":"category","embeddable":true,"href":"https:\/\/portalnewsgta.com.br\/index.php\/wp-json\/wp\/v2\/categories?post=80684"},{"taxonomy":"post_tag","embeddable":true,"href":"https:\/\/portalnewsgta.com.br\/index.php\/wp-json\/wp\/v2\/tags?post=80684"}],"curies":[{"name":"wp","href":"https:\/\/api.w.org\/{rel}","templated":true}]}}