{"id":80001,"date":"2026-03-03T10:55:46","date_gmt":"2026-03-03T13:55:46","guid":{"rendered":"https:\/\/portalnewsgta.com.br\/index.php\/2026\/03\/03\/forum-mantem-terminal-da-ferrovia-senador-vuolo-em-cuiaba-apos-debate-na-almt\/"},"modified":"2026-03-03T10:55:46","modified_gmt":"2026-03-03T13:55:46","slug":"forum-mantem-terminal-da-ferrovia-senador-vuolo-em-cuiaba-apos-debate-na-almt","status":"publish","type":"post","link":"https:\/\/portalnewsgta.com.br\/index.php\/2026\/03\/03\/forum-mantem-terminal-da-ferrovia-senador-vuolo-em-cuiaba-apos-debate-na-almt\/","title":{"rendered":"F\u00f3rum mant\u00e9m terminal da Ferrovia Senador Vuolo em Cuiab\u00e1 ap\u00f3s debate na ALMT"},"content":{"rendered":"<p><img decoding=\"async\" src=\"https:\/\/odocumento.com.br\/content\/images\/2026\/03\/1f5e6afe148ef8d5e31e4c2370ccf72e69a5f0fd99b0c.JPG\" alt=\"F&#xF3;rum mant&#xE9;m terminal da Ferrovia Senador Vuolo em Cuiab&#xE1; ap&#xF3;s debate na ALMT\"><\/p>\n<p>A mudan&#xE7;a na localiza&#xE7;&#xE3;o do terminal da Ferrovia Estadual Senador Vicente Em&#xED;lio Vuolo foi descartada durante reuni&#xE3;o do F&#xF3;rum Pr&#xF3;-Ferrovia, realizada nesta segunda-feira (2), na Assembleia Legislativa de Mato Grosso (ALMT). A discuss&#xE3;o surgiu ap&#xF3;s altera&#xE7;&#xF5;es na legisla&#xE7;&#xE3;o que redefiniu os limites municipais no estado, fazendo com que a &#xE1;rea inicialmente prevista para o terminal, em Cuiab&#xE1;, passasse a integrar o munic&#xED;pio de Santo Ant&#xF4;nio de Leverger.<\/p>\n<p>O deputado Wilson Santos (PSD) chegou a defender que a estrutura ferrovi&#xE1;ria ficasse em Santo Ant&#xF4;nio, &#x201C;como forma de compensa&#xE7;&#xE3;o financeira para o munic&#xED;pio, que, nos &#xFA;ltimos anos, vem perdendo muitas &#xE1;reas para os munic&#xED;pios vizinhos&#x201D;.<\/p>\n<p>&#x201C;Enquanto Cuiab&#xE1; est&#xE1; entre os 100 melhores &#xCD;ndices de Desenvolvimento Humano (IDHs) do Brasil, Santo Ant&#xF4;nio ocupa a 4.000&#xAA; posi&#xE7;&#xE3;o no ranking nacional. Na capital est&#xE1; havendo muito desenvolvimento, enquanto munic&#xED;pios que comp&#xF5;em a regi&#xE3;o metropolitana est&#xE3;o completamente esquecidos&#x201D;, argumentou.<\/p>\n<p>No entanto, segundo ele, ap&#xF3;s di&#xE1;logo com o presidente do F&#xF3;rum e secret&#xE1;rio de Desenvolvimento Econ&#xF4;mico de Cuiab&#xE1;, Francisco Vuolo, e com o presidente da Assembleia Legislativa, deputado Max Russi (PSB), a hip&#xF3;tese foi afastada. O parlamentar ponderou, contudo, que o trecho atualmente est&#xE1; sob jurisdi&#xE7;&#xE3;o de Santo Ant&#xF4;nio de Leverger e que qualquer altera&#xE7;&#xE3;o depende de altera&#xE7;&#xE3;o na lei que define os limites municipais.<\/p>\n<p>Francisco Vuolo afirmou que a defini&#xE7;&#xE3;o da &#xE1;rea escolhida para a ferrovia atende a crit&#xE9;rios t&#xE9;cnicos e estrat&#xE9;gicos e ir&#xE1; beneficiar os munic&#xED;pios da Baixada Cuiabana, como Santo Ant&#xF4;nio de Leverger e V&#xE1;rzea Grande.<\/p>\n<p>Segundo ele, os estudos apontam que a implanta&#xE7;&#xE3;o do terminal vai fortalecer o desenvolvimento regional. &#x201C;A chegada dos trilhos deve impulsionar o crescimento econ&#xF4;mico da Capital e das cidades vizinhas, ao reduzir custos log&#xED;sticos e atrair novos investimentos para as empresas j&#xE1; instaladas na regi&#xE3;o. A expectativa &#xE9; de que o empreendimento estimule a gera&#xE7;&#xE3;o de empregos e fortale&#xE7;a a Baixada Cuiabana como polo intermodal de alta competitividade no cen&#xE1;rio global&#x201D;, diz trecho da apresenta&#xE7;&#xE3;o.<\/p>\n<p>Conforme Vuolo, o projeto do terminal ferrovi&#xE1;rio est&#xE1; na fase de consolida&#xE7;&#xE3;o dos licenciamentos e tr&#xE2;mites t&#xE9;cnicos, com previs&#xE3;o de avan&#xE7;os ainda em 2026. Nesta segunda-feira (2), a concession&#xE1;ria Rumo Log&#xED;stica, respons&#xE1;vel pela execu&#xE7;&#xE3;o das obras, protocolou a documenta&#xE7;&#xE3;o complementar necess&#xE1;ria para dar sequ&#xEA;ncia &#xE0; primeira fase da ferrovia at&#xE9; Cuiab&#xE1;.&#xA0;<\/p>\n<p>&#x201C;A inaugura&#xE7;&#xE3;o do terminal no munic&#xED;pio de Dom Aquino est&#xE1; prevista para o segundo semestre de 2026&#x201D;, acrescentou Vuolo.<\/p>\n<p>O secret&#xE1;rio de Meio Ambiente e Desenvolvimento Urbano de Cuiab&#xE1;, Jos&#xE9; Afonso Botura Portocarrero, afirmou que o projeto da ferrovia na capital &#xE9; uma pauta hist&#xF3;rica e ressaltou os investimentos j&#xE1; realizados ao longo dos anos. &#x201C;A ferrovia faz parte do ide&#xE1;rio cuiabano desde que o senador Vuolo iniciou esse movimento, e estamos muito pr&#xF3;ximos de concretizar essa iniciativa. Este n&#xE3;o &#xE9; o momento de discutir mudan&#xE7;as na localiza&#xE7;&#xE3;o da estrutura prevista&#x201D;, declarou.<\/p>\n<p>Os representantes da concession&#xE1;ria Rumo, da Federa&#xE7;&#xE3;o das Ind&#xFA;strias de Mato Grosso (Fiemt) e da C&#xE2;mara de Dirigentes Lojistas de Cuiab&#xE1; (CDL Cuiab&#xE1;) tamb&#xE9;m defenderam a manuten&#xE7;&#xE3;o do tra&#xE7;ado original da ferrovia at&#xE9; o ponto j&#xE1; definido na regi&#xE3;o do Distrito Industrial de Cuiab&#xE1;.<\/p>\n<p>&#x201C;O Distrito Industrial j&#xE1; disp&#xF5;e de infraestrutura, como o g&#xE1;s natural, que vai favorecer a industrializa&#xE7;&#xE3;o e criar condi&#xE7;&#xF5;es para o avan&#xE7;o do setor em Cuiab&#xE1;. &#xC9; preciso respeitar as voca&#xE7;&#xF5;es naturais de cada munic&#xED;pio. A de Santo Ant&#xF4;nio &#xE9; o desenvolvimento sustent&#xE1;vel e o turismo, e &#xE9; nisso que devemos investir&#x201D;, frisou o presidente da CDL Cuiab&#xE1;, Junior Macagnam.<\/p>\n<p>O engenheiro civil e ferrovi&#xE1;rio Silvio Tupinamb&#xE1;, integrante do F&#xF3;rum Pr&#xF3;-Ferrovia, afirmou que a altera&#xE7;&#xE3;o do local do terminal n&#xE3;o encontra justificativa t&#xE9;cnica. &#x201C;Participei dos estudos de tra&#xE7;ado e posso assegurar que, do ponto de vista log&#xED;stico e locacional, essa hip&#xF3;tese &#xE9; invi&#xE1;vel&#x201D;, pontuou.<\/p>\n<p>A reuni&#xE3;o contou com a participa&#xE7;&#xE3;o de representantes de entidades de classe, lideran&#xE7;as empresariais e integrantes da sociedade civil organizada que comp&#xF5;em o F&#xF3;rum Pr&#xF3;-Ferrovia, entre eles membros da Associa&#xE7;&#xE3;o das Empresas do Distrito Industrial de Cuiab&#xE1; (Aedic), do Conselho Regional de Engenharia e Agronomia de Mato Grosso (Crea-MT) e da Federa&#xE7;&#xE3;o Mato-grossense das Associa&#xE7;&#xF5;es de Moradores de Bairros (Femab).<\/p>\n<p><strong>Fonte:<\/strong> Pol\u00edtica &#8211; O DOCUMENTO | Confira as principais not\u00edcias de Cuiab\u00e1, Mato Grosso e regi\u00e3o (https:\/\/odocumento.com.br\/forum-mantem-terminal-da-ferrovia-senador-vuolo-em-cuiaba-apos-debate-na-almt\/)<\/p>\n","protected":false},"excerpt":{"rendered":"<p>A mudan&#xE7;a na localiza&#xE7;&#xE3;o do terminal da Ferrovia Estadual Senador Vicente Em&#xED;lio Vuolo foi descartada<\/p>\n","protected":false},"author":2,"featured_media":80002,"comment_status":"open","ping_status":"open","sticky":false,"template":"","format":"standard","meta":{"footnotes":""},"categories":[2],"tags":[],"aioseo_notices":[],"_links":{"self":[{"href":"https:\/\/portalnewsgta.com.br\/index.php\/wp-json\/wp\/v2\/posts\/80001"}],"collection":[{"href":"https:\/\/portalnewsgta.com.br\/index.php\/wp-json\/wp\/v2\/posts"}],"about":[{"href":"https:\/\/portalnewsgta.com.br\/index.php\/wp-json\/wp\/v2\/types\/post"}],"author":[{"embeddable":true,"href":"https:\/\/portalnewsgta.com.br\/index.php\/wp-json\/wp\/v2\/users\/2"}],"replies":[{"embeddable":true,"href":"https:\/\/portalnewsgta.com.br\/index.php\/wp-json\/wp\/v2\/comments?post=80001"}],"version-history":[{"count":0,"href":"https:\/\/portalnewsgta.com.br\/index.php\/wp-json\/wp\/v2\/posts\/80001\/revisions"}],"wp:featuredmedia":[{"embeddable":true,"href":"https:\/\/portalnewsgta.com.br\/index.php\/wp-json\/wp\/v2\/media\/80002"}],"wp:attachment":[{"href":"https:\/\/portalnewsgta.com.br\/index.php\/wp-json\/wp\/v2\/media?parent=80001"}],"wp:term":[{"taxonomy":"category","embeddable":true,"href":"https:\/\/portalnewsgta.com.br\/index.php\/wp-json\/wp\/v2\/categories?post=80001"},{"taxonomy":"post_tag","embeddable":true,"href":"https:\/\/portalnewsgta.com.br\/index.php\/wp-json\/wp\/v2\/tags?post=80001"}],"curies":[{"name":"wp","href":"https:\/\/api.w.org\/{rel}","templated":true}]}}