{"id":76824,"date":"2026-01-28T09:00:35","date_gmt":"2026-01-28T12:00:35","guid":{"rendered":"https:\/\/portalnewsgta.com.br\/?p=76824"},"modified":"2026-01-28T09:00:35","modified_gmt":"2026-01-28T12:00:35","slug":"lula-decreta-desapropriacao-de-area-para-criacao-de-assentamento-da-reforma-agraria-no-medio-norte","status":"publish","type":"post","link":"https:\/\/portalnewsgta.com.br\/index.php\/2026\/01\/28\/lula-decreta-desapropriacao-de-area-para-criacao-de-assentamento-da-reforma-agraria-no-medio-norte\/","title":{"rendered":"Lula decreta desapropria\u00e7\u00e3o de \u00e1rea para cria\u00e7\u00e3o de assentamento da reforma agr\u00e1ria no M\u00e9dio Norte"},"content":{"rendered":"<p>O governo federal decretou sete fazendas como de interesse social para fins de reforma agr\u00e1ria que somam, aproximadamente, 5,7 mil hectares. O an\u00fancio da a\u00e7\u00e3o havia sido feito pelo presidente Lu\u00eds In\u00e1cio Lula da Silva durante o encerramento do 14\u00ba Encontro Nacional do Movimento dos Trabalhadores Rurais Sem Terra, na \u00faltima sexta-feira (23),+.<\/p>\n<p>Em Mato Grosso, \u00e9 a Fazenda Santa Cec\u00edlia I e II, em Nova Ol\u00edmpia (215 quil\u00f4metros a M\u00e9dio Norte de Cuiab\u00e1). A \u00e1rea \u00e9 de, aproximadamente, 2,3 mil hectares. A partir dos decretos, o Incra come\u00e7ar\u00e1 os procedimentos administrativos para vistoria e an\u00e1lise das \u00e1reas, assim como os estudos para calcular o valor da terra nua e eventuais indeniza\u00e7\u00f5es por benfeitorias feitas de boa f\u00e9, conforme prev\u00ea a Constitui\u00e7\u00e3o Federal.<\/p>\n<p>O instituto ainda far\u00e1 a avalia\u00e7\u00e3o agron\u00f4mica, ambiental e econ\u00f4mica de viabilidade. Ser\u00e3o analisados os locais para a cria\u00e7\u00e3o de lotes nos futuros assentamentos que abrigar\u00e3o as fam\u00edlias benefici\u00e1rias do Programa Nacional de Reforma Agr\u00e1ria (PNRA).<\/p>\n<p>Al\u00e9m de Mato Grosso, as publica\u00e7\u00f5es declaram de interesse social im\u00f3veis rurais de mais quatro estados . No Sudeste, os decretos desapropriat\u00f3rios s\u00e3o em S\u00e3o Paulo e Minas Gerais.<\/p>\n","protected":false},"excerpt":{"rendered":"<p>O governo federal decretou sete fazendas como de interesse social para fins de reforma agr\u00e1ria<\/p>\n","protected":false},"author":2,"featured_media":76825,"comment_status":"open","ping_status":"open","sticky":false,"template":"","format":"standard","meta":{"footnotes":""},"categories":[13,2],"tags":[],"aioseo_notices":[],"_links":{"self":[{"href":"https:\/\/portalnewsgta.com.br\/index.php\/wp-json\/wp\/v2\/posts\/76824"}],"collection":[{"href":"https:\/\/portalnewsgta.com.br\/index.php\/wp-json\/wp\/v2\/posts"}],"about":[{"href":"https:\/\/portalnewsgta.com.br\/index.php\/wp-json\/wp\/v2\/types\/post"}],"author":[{"embeddable":true,"href":"https:\/\/portalnewsgta.com.br\/index.php\/wp-json\/wp\/v2\/users\/2"}],"replies":[{"embeddable":true,"href":"https:\/\/portalnewsgta.com.br\/index.php\/wp-json\/wp\/v2\/comments?post=76824"}],"version-history":[{"count":1,"href":"https:\/\/portalnewsgta.com.br\/index.php\/wp-json\/wp\/v2\/posts\/76824\/revisions"}],"predecessor-version":[{"id":76826,"href":"https:\/\/portalnewsgta.com.br\/index.php\/wp-json\/wp\/v2\/posts\/76824\/revisions\/76826"}],"wp:featuredmedia":[{"embeddable":true,"href":"https:\/\/portalnewsgta.com.br\/index.php\/wp-json\/wp\/v2\/media\/76825"}],"wp:attachment":[{"href":"https:\/\/portalnewsgta.com.br\/index.php\/wp-json\/wp\/v2\/media?parent=76824"}],"wp:term":[{"taxonomy":"category","embeddable":true,"href":"https:\/\/portalnewsgta.com.br\/index.php\/wp-json\/wp\/v2\/categories?post=76824"},{"taxonomy":"post_tag","embeddable":true,"href":"https:\/\/portalnewsgta.com.br\/index.php\/wp-json\/wp\/v2\/tags?post=76824"}],"curies":[{"name":"wp","href":"https:\/\/api.w.org\/{rel}","templated":true}]}}