{"id":76386,"date":"2026-01-23T09:46:07","date_gmt":"2026-01-23T12:46:07","guid":{"rendered":"https:\/\/portalnewsgta.com.br\/?p=76386"},"modified":"2026-01-23T09:46:07","modified_gmt":"2026-01-23T12:46:07","slug":"nota-de-pesar-pelo-falecimento-do-pioneiro-expedito-candido-do-carmo","status":"publish","type":"post","link":"https:\/\/portalnewsgta.com.br\/index.php\/2026\/01\/23\/nota-de-pesar-pelo-falecimento-do-pioneiro-expedito-candido-do-carmo\/","title":{"rendered":"NOTA DE PESAR PELO FALECIMENTO DO PIONEIRO EXPEDITO C\u00c2NDIDO DO CARMO"},"content":{"rendered":"<div dir=\"auto\">A C\u00e2mara Municipal de Guarant\u00e3 do Norte, por meio de seu presidente, Celso Henrique Batista, manifesta profundo pesar pelo falecimento do pioneiro e ex-vereador Expedito C\u00e2ndido do Carmo, ocorrido na madrugada desta sexta-feira, dia 23 aos 89 anos de idade.<\/div>\n<div dir=\"auto\"><\/div>\n<div class=\"x14z9mp xat24cr x1lziwak x1vvkbs xtlvy1s x126k92a\">\n<div dir=\"auto\">Expedito foi um importante l\u00edder comunit\u00e1rio rural e exerceu com dedica\u00e7\u00e3o uma cadeira no Poder Legislativo Municipal no per\u00edodo de 1989 a 1992. Homem \u00edntegro, trabalhador e comprometido com os interesses coletivos, destacou-se como um incans\u00e1vel defensor do homem do campo, deixando um legado de servi\u00e7o e compromisso com a comunidade.<\/div>\n<div dir=\"auto\"><\/div>\n<\/div>\n<div class=\"x14z9mp xat24cr x1lziwak x1vvkbs xtlvy1s x126k92a\">\n<div dir=\"auto\">Neste momento de dor e saudade, a Presid\u00eancia, juntamente com todos os vereadores e servidores do Poder Legislativo Municipal, estende seus mais fraternos e solid\u00e1rios abra\u00e7os aos familiares e amigos.<\/div>\n<div dir=\"auto\"><\/div>\n<\/div>\n<div class=\"x14z9mp xat24cr x1lziwak x1vvkbs xtlvy1s x126k92a\">\n<div dir=\"auto\">Rogamos a Deus que acolha Expedito em sua morada eterna e que Jesus Misericordioso conforte os cora\u00e7\u00f5es enlutados, concedendo paz e serenidade a todos os seus familiares.<\/div>\n<div dir=\"auto\"><\/div>\n<\/div>\n<div class=\"x14z9mp xat24cr x1lziwak x1vvkbs xtlvy1s x126k92a\">\n<div dir=\"auto\">O corpo est\u00e1 sendo velado na Igreja Adventista do S\u00e9timo dia na Rua dos Ciprestes, 156, Bairro Cidade Nova, o sepultamento ocorrer\u00e1 neste s\u00e1bado dia 24 \u00e0s 08:00 horas no Cemit\u00e9rio Municipal.<\/div>\n<div dir=\"auto\"><\/div>\n<\/div>\n<div class=\"x14z9mp xat24cr x1lziwak x1vvkbs xtlvy1s x126k92a\">\n<div dir=\"auto\">Celso Henrique Batista<\/div>\n<div dir=\"auto\">Presidente da C\u00e2mara Municipal de Guarant\u00e3 do Norte<\/div>\n<\/div>\n","protected":false},"excerpt":{"rendered":"<p>A C\u00e2mara Municipal de Guarant\u00e3 do Norte, por meio de seu presidente, Celso Henrique Batista,<\/p>\n","protected":false},"author":2,"featured_media":76387,"comment_status":"open","ping_status":"open","sticky":false,"template":"","format":"standard","meta":{"footnotes":""},"categories":[7,13,14],"tags":[],"aioseo_notices":[],"_links":{"self":[{"href":"https:\/\/portalnewsgta.com.br\/index.php\/wp-json\/wp\/v2\/posts\/76386"}],"collection":[{"href":"https:\/\/portalnewsgta.com.br\/index.php\/wp-json\/wp\/v2\/posts"}],"about":[{"href":"https:\/\/portalnewsgta.com.br\/index.php\/wp-json\/wp\/v2\/types\/post"}],"author":[{"embeddable":true,"href":"https:\/\/portalnewsgta.com.br\/index.php\/wp-json\/wp\/v2\/users\/2"}],"replies":[{"embeddable":true,"href":"https:\/\/portalnewsgta.com.br\/index.php\/wp-json\/wp\/v2\/comments?post=76386"}],"version-history":[{"count":1,"href":"https:\/\/portalnewsgta.com.br\/index.php\/wp-json\/wp\/v2\/posts\/76386\/revisions"}],"predecessor-version":[{"id":76388,"href":"https:\/\/portalnewsgta.com.br\/index.php\/wp-json\/wp\/v2\/posts\/76386\/revisions\/76388"}],"wp:featuredmedia":[{"embeddable":true,"href":"https:\/\/portalnewsgta.com.br\/index.php\/wp-json\/wp\/v2\/media\/76387"}],"wp:attachment":[{"href":"https:\/\/portalnewsgta.com.br\/index.php\/wp-json\/wp\/v2\/media?parent=76386"}],"wp:term":[{"taxonomy":"category","embeddable":true,"href":"https:\/\/portalnewsgta.com.br\/index.php\/wp-json\/wp\/v2\/categories?post=76386"},{"taxonomy":"post_tag","embeddable":true,"href":"https:\/\/portalnewsgta.com.br\/index.php\/wp-json\/wp\/v2\/tags?post=76386"}],"curies":[{"name":"wp","href":"https:\/\/api.w.org\/{rel}","templated":true}]}}