{"id":76373,"date":"2026-01-23T09:29:56","date_gmt":"2026-01-23T12:29:56","guid":{"rendered":"https:\/\/portalnewsgta.com.br\/?p=76373"},"modified":"2026-01-23T09:29:56","modified_gmt":"2026-01-23T12:29:56","slug":"eduardo-bolsonaro-tarcisio-nao-tem-a-opcao-de-ir-contra-candidatura-de-flavio","status":"publish","type":"post","link":"https:\/\/portalnewsgta.com.br\/index.php\/2026\/01\/23\/eduardo-bolsonaro-tarcisio-nao-tem-a-opcao-de-ir-contra-candidatura-de-flavio\/","title":{"rendered":"Eduardo Bolsonaro; &#8216;Tarc\u00edsio n\u00e3o tem a op\u00e7\u00e3o de ir contra candidatura de Fl\u00e1vio&#8217;"},"content":{"rendered":"<p class=\"credito-1\">Marcelo Camargo\/Ag\u00eancia Brasil<\/p>\n<p><span class=\"img-conteudo pull-left\"><a href=\"https:\/\/www.gazetadigital.com.br\/storage\/webdisco\/2025\/07\/31\/1200x900\/2209fcdcf1e80713e0c356351e8d77cb.jpg\" data-fancybox=\"gallery\" data-caption=\"Marcelo Camargo\/Ag\u00eancia Brasil\"><img decoding=\"async\" src=\"https:\/\/www.gazetadigital.com.br\/storage\/webdisco\/2025\/07\/31\/431x285\/2209fcdcf1e80713e0c356351e8d77cb.jpg\" alt=\"Marcelo Camargo\/Ag\u00eancia Brasil\" \/><\/a><\/span><\/p>\n<p class=\"img-conteudo-desc\">\n<p><img decoding=\"async\" class=\"pull-left img-responsive\" src=\"https:\/\/www.gazetadigital.com.br\/storage\/webdisco\/2018\/09\/11\/120x80\/c10c88c6ae9ade049b00d53e2c1493c8.jpg\" alt=\"\" \/><\/p>\n<div id=\"text-content\" class=\"mb20\">\n<p>O ex-deputado federal Eduardo Bolsonaro (PL-SP) afirmou nesta quinta-feira, 22, que o governador de S\u00e3o Paulo, Tarc\u00edsio de Freitas (Republicanos), \u201cn\u00e3o tem a op\u00e7\u00e3o de ir contra\u201d a candidatura do senador Fl\u00e1vio Bolsonaro (PL-RJ) \u00e0 Presid\u00eancia da Rep\u00fablica. Em entrevista ao portal Jornal Raz\u00e3o, o ex-parlamentar disse que, se seguir caminho distinto, Tarc\u00edsio pode se equiparar ao ex-governador paulista Jo\u00e3o Doria.<\/p>\n<p>&nbsp;<\/p>\n<p>\u201cAcho que ele n\u00e3o tem nem muito o que aceitar, porque \u00e9 dif\u00edcil voc\u00ea mudar essa conduta\u201d, disse Eduardo. \u201cO Tarc\u00edsio, at\u00e9 ontem, \u00e9 um servidor p\u00fablico, um desconhecido da sociedade (sic), que ganhou notoriedade sendo ministro da Infraestrutura e depois foi eleito em S\u00e3o Paulo gra\u00e7as ao presidente Jair Bolsonaro. Ele n\u00e3o tem a op\u00e7\u00e3o de ir contra o Bolsonaro.\u201d<\/p>\n<p>&nbsp;<\/p>\n<p>Segundo Eduardo, \u201cTarc\u00edsio \u00e9 inteligente\u201d e, por isso, \u201cn\u00e3o tomar\u00e1 esse caminho\u201d. Ele afirmou ainda que o cargo de governador de S\u00e3o Paulo \u00e9 estrat\u00e9gico e que qualquer gestor que cumpra dois mandatos bem avaliados no Estado projeta seu nome como presidenci\u00e1vel por d\u00e9cadas. Na avalia\u00e7\u00e3o do ex-deputado, o arranjo pol\u00edtico de Fl\u00e1vio j\u00e1 est\u00e1 definido e o jogo de bastidores, encerrado. Acrescentou que o irm\u00e3o \u00e9 um pol\u00edtico habilidoso e articulado e que, mais cedo ou mais tarde, \u201cpara um n\u00famero cada vez menor de c\u00e9ticos\u201d, ficar\u00e1 claro ao eleitorado que ele \u00e9 o candidato.<\/p>\n<p>&nbsp;<\/p>\n<p>\u201cPara presidente, vai ser Lula contra Fl\u00e1vio Bolsonaro\u201d, prosseguiu. \u201cSe ele tentar qualquer medida para fazer alguma coisa diferente e sair candidato, no barato ele vai se equiparar ao Jo\u00e3o Doria.\u201d O ex-chefe do Executivo paulista passou a ser visto como um \u201ctraidor\u201d no bolsonarismo ap\u00f3s se posicionar contra Jair Bolsonaro na pandemia de covid-19, visando as elei\u00e7\u00f5es presidenciais de 2022.<\/p>\n<p>&nbsp;<\/p>\n<p>Eduardo enfatizou que, no desenho atual, Fl\u00e1vio ser\u00e1 o candidato \u00e0 Presid\u00eancia, enquanto Tarc\u00edsio disputar\u00e1 a reelei\u00e7\u00e3o ao governo paulista. Afirmou ainda que o governador do Paran\u00e1, Ratinho J\u00fanior (PSD), tamb\u00e9m deve entrar na corrida presidencial, mas com \u201cchances reduzidas\u201d, ressalvando o trabalho realizado pelo paranaense. Para ele, o cen\u00e1rio eleitoral j\u00e1 se encontra polarizado.<\/p>\n<p>&nbsp;<\/p>\n<p><strong>Visita<\/strong><\/p>\n<p>As declara\u00e7\u00f5es ocorreram ap\u00f3s a visita de Tarc\u00edsio ao ex-presidente &#8211; prevista entre 8h e 10h no 19\u00ba Batalh\u00e3o da Pol\u00edcia Militar do Distrito Federal, no Complexo Penitenci\u00e1rio da Papuda &#8211; ser adiada sob a justificativa de \u201ccompromissos\u201d no Estado. Na agenda oficial do governador, entretanto, constam apenas despachos internos.<\/p>\n<p>&nbsp;<\/p>\n<p>De acordo com interlocutores do governador ouvidos pelo Estad\u00e3o\/Broadcast, o recuo ocorreu ap\u00f3s Tarc\u00edsio ponderar que a conversa poderia abrir espa\u00e7o para cobran\u00e7as por um posicionamento mais enf\u00e1tico em favor da candidatura presidencial de Fl\u00e1vio. Embora sustente publicamente o projeto de disputar a reelei\u00e7\u00e3o em S\u00e3o Paulo, o chefe do Executivo paulista \u00e9 citado nos bastidores como um potencial nome da direita para a corrida ao Pal\u00e1cio do Planalto este ano.<\/p>\n<p>&nbsp;<\/p>\n<p>A pessoas pr\u00f3ximas, Tarc\u00edsio tem externado desconforto diante das press\u00f5es reiteradas de segmentos do bolsonarismo por um apoio mais expl\u00edcito ao projeto presidencial de Fl\u00e1vio. Em conversas reservadas, relatou a percep\u00e7\u00e3o de que, para esse grupo, nenhuma demonstra\u00e7\u00e3o de alinhamento tem sido suficiente. Ap\u00f3s o recuo, o governador passou a ser alvo de cr\u00edticas de bolsonaristas, inclusive de forma aberta pelo vice-prefeito da capital, Mello Ara\u00fajo (PL).<\/p>\n<p>&nbsp;<\/p>\n<p>Em seus discursos, Tarc\u00edsio passou a focar no Estado que governa, ap\u00f3s Bolsonaro aben\u00e7oar o filho mais velho como candidato do grupo pol\u00edtico. O movimento busca afastar qualquer leitura de concorr\u00eancia com o senador e evitar ataques dos filhos do ex-presidente. O chamado \u201cfogo amigo\u201d, ali\u00e1s, sempre figurou entre os principais fatores de cautela do governador em rela\u00e7\u00e3o a uma eventual disputa pelo Planalto. Tarc\u00edsio nunca contou com apoio un\u00e2nime do cl\u00e3, em especial do ex-deputado federal Eduardo Bolsonaro.<\/p>\n<p>&nbsp;<\/p>\n<p>O desconforto foi refor\u00e7ado em epis\u00f3dio recente envolvendo Eduardo e o pastor Silas Malafaia. Ap\u00f3s o l\u00edder religioso afirmar preferir Tarc\u00edsio como candidato da direita \u00e0 Presid\u00eancia, com a ex-primeira-dama Michelle Bolsonaro (PL) como vice, o ex-parlamentar reagiu nas redes sociais. Na plataforma X, publicou uma sequ\u00eancia de imagens do governador cumprimentando o presidente Luiz In\u00e1cio Lula da Silva (PT), gesto interpretado como tentativa de constranger o aliado e refor\u00e7ar cr\u00edticas \u00e0 sua postura institucional. Eduardo j\u00e1 afirmou, inclusive, que Tarc\u00edsio \u201cn\u00e3o \u00e9 de direita\u201d.<\/p>\n<p>&nbsp;<\/p>\n<p>A rusga entre os dois \u00e9 anterior ao aquecimento do debate presidencial de 2026, mas se intensificou ap\u00f3s a atua\u00e7\u00e3o de Eduardo nos Estados Unidos em defesa de san\u00e7\u00f5es do presidente americano Donald Trump contra o Brasil. \u0090 \u00e9poca, Tarc\u00edsio afirmou a aliados que o ex-deputado se tornou o \u201cmaior cabo eleitoral de Lula\u201d e estaria \u201cfazendo gol contra\u201d de forma recorrente.<\/p>\n<\/div>\n","protected":false},"excerpt":{"rendered":"<p>Marcelo Camargo\/Ag\u00eancia Brasil O ex-deputado federal Eduardo Bolsonaro (PL-SP) afirmou nesta quinta-feira, 22, que o<\/p>\n","protected":false},"author":2,"featured_media":76374,"comment_status":"open","ping_status":"open","sticky":false,"template":"","format":"standard","meta":{"footnotes":""},"categories":[13,2],"tags":[2166],"aioseo_notices":[],"_links":{"self":[{"href":"https:\/\/portalnewsgta.com.br\/index.php\/wp-json\/wp\/v2\/posts\/76373"}],"collection":[{"href":"https:\/\/portalnewsgta.com.br\/index.php\/wp-json\/wp\/v2\/posts"}],"about":[{"href":"https:\/\/portalnewsgta.com.br\/index.php\/wp-json\/wp\/v2\/types\/post"}],"author":[{"embeddable":true,"href":"https:\/\/portalnewsgta.com.br\/index.php\/wp-json\/wp\/v2\/users\/2"}],"replies":[{"embeddable":true,"href":"https:\/\/portalnewsgta.com.br\/index.php\/wp-json\/wp\/v2\/comments?post=76373"}],"version-history":[{"count":1,"href":"https:\/\/portalnewsgta.com.br\/index.php\/wp-json\/wp\/v2\/posts\/76373\/revisions"}],"predecessor-version":[{"id":76375,"href":"https:\/\/portalnewsgta.com.br\/index.php\/wp-json\/wp\/v2\/posts\/76373\/revisions\/76375"}],"wp:featuredmedia":[{"embeddable":true,"href":"https:\/\/portalnewsgta.com.br\/index.php\/wp-json\/wp\/v2\/media\/76374"}],"wp:attachment":[{"href":"https:\/\/portalnewsgta.com.br\/index.php\/wp-json\/wp\/v2\/media?parent=76373"}],"wp:term":[{"taxonomy":"category","embeddable":true,"href":"https:\/\/portalnewsgta.com.br\/index.php\/wp-json\/wp\/v2\/categories?post=76373"},{"taxonomy":"post_tag","embeddable":true,"href":"https:\/\/portalnewsgta.com.br\/index.php\/wp-json\/wp\/v2\/tags?post=76373"}],"curies":[{"name":"wp","href":"https:\/\/api.w.org\/{rel}","templated":true}]}}