{"id":76274,"date":"2026-01-22T09:04:38","date_gmt":"2026-01-22T12:04:38","guid":{"rendered":"https:\/\/portalnewsgta.com.br\/?p=76274"},"modified":"2026-01-22T09:04:38","modified_gmt":"2026-01-22T12:04:38","slug":"cerimonia-de-posse-de-17-novos-policiais-militares-do-15o-comando-regional-e-realizada-na-camara-municipal","status":"publish","type":"post","link":"https:\/\/portalnewsgta.com.br\/index.php\/2026\/01\/22\/cerimonia-de-posse-de-17-novos-policiais-militares-do-15o-comando-regional-e-realizada-na-camara-municipal\/","title":{"rendered":"Cerim\u00f4nia de posse de 17 novos policiais militares do 15\u00ba Comando Regional \u00e9 realizada na C\u00e2mara Municipal"},"content":{"rendered":"<p>A C\u00e2mara Municipal foi palco da cerim\u00f4nia oficial de posse de 17 novos policiais militares que passam a integrar o efetivo do 15\u00ba Comando Regional da Pol\u00edcia Militar.<\/p>\n<p>O ato marcou um importante refor\u00e7o para a seguran\u00e7a p\u00fablica da regi\u00e3o, com destaque para o munic\u00edpio de Guarant\u00e3 do Norte.<br \/>\nDo total de policiais empossados, seis foram incorporados \u00e0 13\u00aa Companhia Independente de Pol\u00edcia Militar de Guarant\u00e3 do Norte. Com a chegada dos novos integrantes, o efetivo local passa a contar agora com 22 policiais, fortalecendo a atua\u00e7\u00e3o da PM no combate \u00e0 criminalidade, na preven\u00e7\u00e3o e na promo\u00e7\u00e3o da seguran\u00e7a da popula\u00e7\u00e3o.<\/p>\n<p>Durante a solenidade, o presidente da C\u00e2mara Municipal, vereador Celso Henrique Batista, ressaltou a relev\u00e2ncia do refor\u00e7o no efetivo policial para o munic\u00edpio e regi\u00e3o. Celso destacou que a chegada dos novos policiais representa um avan\u00e7o significativo para a seguran\u00e7a p\u00fablica, contribuindo para mais tranquilidade e prote\u00e7\u00e3o \u00e0s fam\u00edlias guarantanhenses.<br \/>\nO parlamentar tamb\u00e9m parabenizou o comandante regional, tenente-coronel F\u00e1bio Mota, pelo trabalho desenvolvido \u00e0 frente do 15\u00ba Comando Regional, bem como o governador do Estado, Mauro Mendes, pelos investimentos e pol\u00edticas voltadas ao fortalecimento da seguran\u00e7a p\u00fablica em Mato Grosso.<\/p>\n<p>Celso Henrique Batista ainda enfatizou a necessidade de continuidade desses avan\u00e7os, defendendo novos investimentos e a amplia\u00e7\u00e3o do efetivo policial. \u201c\u00c9 fundamental que o Estado continue priorizando a seguran\u00e7a p\u00fablica, com a contrata\u00e7\u00e3o de mais policiais, para garantir melhores condi\u00e7\u00f5es de trabalho \u00e0 Pol\u00edcia Militar e mais seguran\u00e7a para a nossa popula\u00e7\u00e3o\u201d, afirmou.<\/p>\n<p>A cerim\u00f4nia reafirmou o compromisso das autoridades com a valoriza\u00e7\u00e3o da Pol\u00edcia Militar e com o fortalecimento das a\u00e7\u00f5es de seguran\u00e7a p\u00fablica, consolidando a C\u00e2mara Municipal como espa\u00e7o de di\u00e1logo e apoio \u00e0s iniciativas que beneficiam diretamente a comunidade.<\/p>\n<p><strong><em>Da Assessoria<\/em><\/strong><\/p>\n<figure class=\"wp-block-image size-large\"><img loading=\"lazy\" decoding=\"async\" class=\"wp-image-208010\" src=\"https:\/\/n.roteironoticias.com.br\/wp-content\/uploads\/2026\/01\/WhatsApp-Image-2026-01-20-at-13.37.43-1024x576.jpeg\" sizes=\"(max-width: 1024px) 100vw, 1024px\" srcset=\"https:\/\/n.roteironoticias.com.br\/wp-content\/uploads\/2026\/01\/WhatsApp-Image-2026-01-20-at-13.37.43-1024x576.jpeg 1024w, https:\/\/n.roteironoticias.com.br\/wp-content\/uploads\/2026\/01\/WhatsApp-Image-2026-01-20-at-13.37.43-300x169.jpeg 300w, https:\/\/n.roteironoticias.com.br\/wp-content\/uploads\/2026\/01\/WhatsApp-Image-2026-01-20-at-13.37.43-768x432.jpeg 768w, https:\/\/n.roteironoticias.com.br\/wp-content\/uploads\/2026\/01\/WhatsApp-Image-2026-01-20-at-13.37.43-800x450.jpeg 800w, https:\/\/n.roteironoticias.com.br\/wp-content\/uploads\/2026\/01\/WhatsApp-Image-2026-01-20-at-13.37.43.jpeg 1280w\" alt=\"\" width=\"1024\" height=\"576\" \/><\/figure>\n<figure class=\"wp-block-image size-large\"><img loading=\"lazy\" decoding=\"async\" class=\"wp-image-208013\" src=\"https:\/\/n.roteironoticias.com.br\/wp-content\/uploads\/2026\/01\/WhatsApp-Image-2026-01-20-at-13.37.44-1024x576.jpeg\" sizes=\"(max-width: 1024px) 100vw, 1024px\" srcset=\"https:\/\/n.roteironoticias.com.br\/wp-content\/uploads\/2026\/01\/WhatsApp-Image-2026-01-20-at-13.37.44-1024x576.jpeg 1024w, https:\/\/n.roteironoticias.com.br\/wp-content\/uploads\/2026\/01\/WhatsApp-Image-2026-01-20-at-13.37.44-300x169.jpeg 300w, https:\/\/n.roteironoticias.com.br\/wp-content\/uploads\/2026\/01\/WhatsApp-Image-2026-01-20-at-13.37.44-768x432.jpeg 768w, https:\/\/n.roteironoticias.com.br\/wp-content\/uploads\/2026\/01\/WhatsApp-Image-2026-01-20-at-13.37.44-800x450.jpeg 800w, https:\/\/n.roteironoticias.com.br\/wp-content\/uploads\/2026\/01\/WhatsApp-Image-2026-01-20-at-13.37.44.jpeg 1280w\" alt=\"\" width=\"1024\" height=\"576\" \/><\/figure>\n<p><center><\/p>\n<div class=\"banner_wrapper\"><\/div>\n<p><\/center><\/p>\n","protected":false},"excerpt":{"rendered":"<p>A C\u00e2mara Municipal foi palco da cerim\u00f4nia oficial de posse de 17 novos policiais militares<\/p>\n","protected":false},"author":2,"featured_media":76275,"comment_status":"open","ping_status":"open","sticky":false,"template":"","format":"standard","meta":{"footnotes":""},"categories":[7,13],"tags":[],"aioseo_notices":[],"_links":{"self":[{"href":"https:\/\/portalnewsgta.com.br\/index.php\/wp-json\/wp\/v2\/posts\/76274"}],"collection":[{"href":"https:\/\/portalnewsgta.com.br\/index.php\/wp-json\/wp\/v2\/posts"}],"about":[{"href":"https:\/\/portalnewsgta.com.br\/index.php\/wp-json\/wp\/v2\/types\/post"}],"author":[{"embeddable":true,"href":"https:\/\/portalnewsgta.com.br\/index.php\/wp-json\/wp\/v2\/users\/2"}],"replies":[{"embeddable":true,"href":"https:\/\/portalnewsgta.com.br\/index.php\/wp-json\/wp\/v2\/comments?post=76274"}],"version-history":[{"count":1,"href":"https:\/\/portalnewsgta.com.br\/index.php\/wp-json\/wp\/v2\/posts\/76274\/revisions"}],"predecessor-version":[{"id":76276,"href":"https:\/\/portalnewsgta.com.br\/index.php\/wp-json\/wp\/v2\/posts\/76274\/revisions\/76276"}],"wp:featuredmedia":[{"embeddable":true,"href":"https:\/\/portalnewsgta.com.br\/index.php\/wp-json\/wp\/v2\/media\/76275"}],"wp:attachment":[{"href":"https:\/\/portalnewsgta.com.br\/index.php\/wp-json\/wp\/v2\/media?parent=76274"}],"wp:term":[{"taxonomy":"category","embeddable":true,"href":"https:\/\/portalnewsgta.com.br\/index.php\/wp-json\/wp\/v2\/categories?post=76274"},{"taxonomy":"post_tag","embeddable":true,"href":"https:\/\/portalnewsgta.com.br\/index.php\/wp-json\/wp\/v2\/tags?post=76274"}],"curies":[{"name":"wp","href":"https:\/\/api.w.org\/{rel}","templated":true}]}}