{"id":76262,"date":"2026-01-22T08:57:37","date_gmt":"2026-01-22T11:57:37","guid":{"rendered":"https:\/\/portalnewsgta.com.br\/?p=76262"},"modified":"2026-01-22T08:57:37","modified_gmt":"2026-01-22T11:57:37","slug":"moraes-autoriza-tarcisio-a-visitar-jair-bolsonaro-na-papudinha-na-quinta-feira","status":"publish","type":"post","link":"https:\/\/portalnewsgta.com.br\/index.php\/2026\/01\/22\/moraes-autoriza-tarcisio-a-visitar-jair-bolsonaro-na-papudinha-na-quinta-feira\/","title":{"rendered":"Moraes autoriza Tarc\u00edsio a visitar Jair Bolsonaro na Papudinha na quinta-feira"},"content":{"rendered":"<p class=\"credito-1\">PAULO PINTO\/AG\u00caNCIA BRASIL<\/p>\n<p><span class=\"img-conteudo pull-left\"><a href=\"https:\/\/www.gazetadigital.com.br\/storage\/webdisco\/2026\/01\/20\/1200x900\/d0648f3b697529ec05a0656e68d49e92.jpg\" data-fancybox=\"gallery\" data-caption=\"PAULO PINTO\/AG\u00caNCIA BRASIL\"><img decoding=\"async\" src=\"https:\/\/www.gazetadigital.com.br\/storage\/webdisco\/2026\/01\/20\/431x285\/d0648f3b697529ec05a0656e68d49e92.jpg\" alt=\"PAULO PINTO\/AG\u00caNCIA BRASIL\" \/><\/a><\/span><\/p>\n<p class=\"img-conteudo-desc\">\n<p><img decoding=\"async\" class=\"pull-left img-responsive\" src=\"https:\/\/www.gazetadigital.com.br\/storage\/webdisco\/2018\/09\/11\/120x80\/1989f6f1bda0a00b820ece8296bb5d50.jpg\" alt=\"\" \/><\/p>\n<div id=\"text-content\" class=\"mb20\">\n<p>O ministro Alexandre de Moraes, do Supremo Tribunal Federal (STF), autorizou o governador de S\u00e3o Paulo, Tarc\u00edsio de Freitas, a visitar o ex-presidente Jair Bolsonaro na Papudinha, como \u00e9 conhecida a Sala de Estado Maior do 19\u00ba Batalh\u00e3o da Pol\u00edcia Militar do Distrito Federal (PMDF), no Complexo Penitenci\u00e1rio da Papuda, em Bras\u00edlia. O ex-presidente cumpre a pena 27 anos e tr\u00eas meses de pris\u00e3o por ter liderado uma tentativa de golpe de Estado.<\/p>\n<p>&nbsp;<\/p>\n<p>Moraes autorizou o encontro para a pr\u00f3xima quinta-feira (11), com dura\u00e7\u00e3o de at\u00e9 tr\u00eas horas, entre as 8h e as 11h, conforme as regras da Papudinha.<\/p>\n<p>&nbsp;<\/p>\n<p>Todas as visitas a Bolsonaro dependem de autoriza\u00e7\u00e3o de Moraes, que foi relator da a\u00e7\u00e3o em que o ex-presidente foi condenado pelo Supremo. As exce\u00e7\u00f5es s\u00e3o advogados, m\u00e9dicos e a ex-primeira-dama Michelle Bolsonaro, que foram autorizados a se reunir com o ex-presidente sempre que necess\u00e1rio, de acordo com os hor\u00e1rios da unidade prisional.<\/p>\n<p>&nbsp;<\/p>\n<p><strong>Cen\u00e1rio eleitoral<\/strong><br \/>\nA visita ser\u00e1 o primeiro encontro Tarc\u00edsio e Bolsonaro neste ano. Ambos estiveram juntos pela \u00faltima vez em setembro do ano passado, quando o ex-presidente se encontrava em pris\u00e3o domiciliar. Desde ent\u00e3o, o antigo mandat\u00e1rio lan\u00e7ou seu filho, o senador Fl\u00e1vio Bolsonaro (PL-RJ), como pr\u00e9-candidato \u00e0 Presid\u00eancia em seu lugar.<\/p>\n<p>&nbsp;<\/p>\n<p>A expectativa agora \u00e9 que Bolsonaro e Tarc\u00edsio rediscutam o cen\u00e1rio eleitoral ap\u00f3s o movimento da fam\u00edlia Bolsonaro. O governador \u00e9 um dos mais cotados como representante da direita na corrida presidencial de outubro, sendo o candidato favorito de uma ampla ala de pol\u00edticos conservadores.<\/p>\n<p>&nbsp;<\/p>\n<p>Tarc\u00edsio, por\u00e9m, ainda n\u00e3o lan\u00e7ou formalmente sua candidatura, dando a entender que, em vez disso, poder\u00e1 concorrer \u00e0 reelei\u00e7\u00e3o em S\u00e3o Paulo. A expectativa \u00e9 que ele anuncie em breve se apostar\u00e1 na corrida presidencial ou se, como aliado do ex-presidente, anunciar\u00e1 apoio a Fl\u00e1vio Bolsonaro.<\/p>\n<p>&nbsp;<\/p>\n<p>Pelo calend\u00e1rio eleitoral, os partidos t\u00eam at\u00e9 5 de agosto para definir em conven\u00e7\u00f5es partid\u00e1rias seus candidatos para as elei\u00e7\u00f5es de 2026, e at\u00e9 15 de agosto para registrar as candidaturas. O primeiro turno de vota\u00e7\u00e3o ocorrer\u00e1 em 3 de outubro, enquanto o segundo est\u00e1 marcado para 31 de outubro, se houver.<\/p>\n<\/div>\n","protected":false},"excerpt":{"rendered":"<p>PAULO PINTO\/AG\u00caNCIA BRASIL O ministro Alexandre de Moraes, do Supremo Tribunal Federal (STF), autorizou o<\/p>\n","protected":false},"author":2,"featured_media":76263,"comment_status":"open","ping_status":"open","sticky":false,"template":"","format":"standard","meta":{"footnotes":""},"categories":[13,2],"tags":[2160],"aioseo_notices":[],"_links":{"self":[{"href":"https:\/\/portalnewsgta.com.br\/index.php\/wp-json\/wp\/v2\/posts\/76262"}],"collection":[{"href":"https:\/\/portalnewsgta.com.br\/index.php\/wp-json\/wp\/v2\/posts"}],"about":[{"href":"https:\/\/portalnewsgta.com.br\/index.php\/wp-json\/wp\/v2\/types\/post"}],"author":[{"embeddable":true,"href":"https:\/\/portalnewsgta.com.br\/index.php\/wp-json\/wp\/v2\/users\/2"}],"replies":[{"embeddable":true,"href":"https:\/\/portalnewsgta.com.br\/index.php\/wp-json\/wp\/v2\/comments?post=76262"}],"version-history":[{"count":1,"href":"https:\/\/portalnewsgta.com.br\/index.php\/wp-json\/wp\/v2\/posts\/76262\/revisions"}],"predecessor-version":[{"id":76264,"href":"https:\/\/portalnewsgta.com.br\/index.php\/wp-json\/wp\/v2\/posts\/76262\/revisions\/76264"}],"wp:featuredmedia":[{"embeddable":true,"href":"https:\/\/portalnewsgta.com.br\/index.php\/wp-json\/wp\/v2\/media\/76263"}],"wp:attachment":[{"href":"https:\/\/portalnewsgta.com.br\/index.php\/wp-json\/wp\/v2\/media?parent=76262"}],"wp:term":[{"taxonomy":"category","embeddable":true,"href":"https:\/\/portalnewsgta.com.br\/index.php\/wp-json\/wp\/v2\/categories?post=76262"},{"taxonomy":"post_tag","embeddable":true,"href":"https:\/\/portalnewsgta.com.br\/index.php\/wp-json\/wp\/v2\/tags?post=76262"}],"curies":[{"name":"wp","href":"https:\/\/api.w.org\/{rel}","templated":true}]}}