{"id":76256,"date":"2026-01-22T08:53:13","date_gmt":"2026-01-22T11:53:13","guid":{"rendered":"https:\/\/portalnewsgta.com.br\/?p=76256"},"modified":"2026-01-22T08:53:13","modified_gmt":"2026-01-22T11:53:13","slug":"prefeitura-de-colider-reforca-unidades-de-saude-com-novos-equipamentos","status":"publish","type":"post","link":"https:\/\/portalnewsgta.com.br\/index.php\/2026\/01\/22\/prefeitura-de-colider-reforca-unidades-de-saude-com-novos-equipamentos\/","title":{"rendered":"Prefeitura de Col\u00edder refor\u00e7a unidades de sa\u00fade com novos equipamentos"},"content":{"rendered":"<div class=\"td_block_wrap tdb_single_featured_image tdi_53 tdb-content-horiz-left td-pb-border-top td_block_template_1\" data-td-block-uid=\"tdi_53\">\n<div class=\"tdb-block-inner td-fix-index\">\n<figure><figcaption class=\"tdb-caption-text\">Foto: Assessoria<\/figcaption><\/figure>\n<\/div>\n<\/div>\n<div class=\"td_block_wrap tdb_single_content tdi_54 td-pb-border-top td_block_template_1 td-post-content tagdiv-type\" data-td-block-uid=\"tdi_54\">\n<div class=\"tdb-block-inner td-fix-index\">\n<p>A Prefeitura de Col\u00edder realizou a entrega de novos equipamentos e mobili\u00e1rios \u00e0 Secretaria Municipal de Sa\u00fade, contemplando camas hospitalares, camas infantis, ber\u00e7os, cadeira de hidrata\u00e7\u00e3o, novas m\u00e1quinas, mesas, cadeiras e diversos itens destinados ao reequipamento das unidades de sa\u00fade do munic\u00edpio. A iniciativa atende uma necessidade antiga, considerando que por anos essas unidades n\u00e3o receberam investimentos cont\u00ednuos voltados \u00e0 substitui\u00e7\u00e3o e atualiza\u00e7\u00e3o de seus equipamentos.<\/p>\n<p>O investimento de aproximadamente\u00a0R$ 500 mil\u00a0foi aplicado na renova\u00e7\u00e3o de materiais essenciais para o funcionamento da rede municipal de sa\u00fade, proporcionando melhores condi\u00e7\u00f5es estruturais para o atendimento \u00e0 popula\u00e7\u00e3o e mais dignidade ao trabalho desenvolvido pelos profissionais da \u00e1rea. A substitui\u00e7\u00e3o dos equipamentos contribui para a organiza\u00e7\u00e3o dos servi\u00e7os e para a melhoria do fluxo de atendimentos nas unidades.<\/p>\n<p>O prefeito\u00a0Rodrigo Benassi\u00a0ressaltou que o investimento est\u00e1 diretamente ligado \u00e0 miss\u00e3o da atual gest\u00e3o na \u00e1rea da sa\u00fade. Segundo ele, Col\u00edder avan\u00e7ou de um cen\u00e1rio de defasagem para uma condi\u00e7\u00e3o de maior estabilidade, compat\u00edvel com um munic\u00edpio que busca se consolidar como\u00a0um dos polos de sa\u00fade do Nort\u00e3o do Estado, ao lado de outras cidades que exercem papel regional.<\/p>\n<p>A a\u00e7\u00e3o integra o conjunto de medidas adotadas pela gest\u00e3o municipal para fortalecer a estrutura da sa\u00fade p\u00fablica, garantindo que as unidades estejam melhor preparadas para atender \u00e0s demandas da popula\u00e7\u00e3o, com mais qualidade, seguran\u00e7a e respeito ao cidad\u00e3o.<\/p>\n<\/div>\n<\/div>\n","protected":false},"excerpt":{"rendered":"<p>Foto: Assessoria A Prefeitura de Col\u00edder realizou a entrega de novos equipamentos e mobili\u00e1rios \u00e0<\/p>\n","protected":false},"author":2,"featured_media":76257,"comment_status":"open","ping_status":"open","sticky":false,"template":"","format":"standard","meta":{"footnotes":""},"categories":[7,13],"tags":[416],"aioseo_notices":[],"_links":{"self":[{"href":"https:\/\/portalnewsgta.com.br\/index.php\/wp-json\/wp\/v2\/posts\/76256"}],"collection":[{"href":"https:\/\/portalnewsgta.com.br\/index.php\/wp-json\/wp\/v2\/posts"}],"about":[{"href":"https:\/\/portalnewsgta.com.br\/index.php\/wp-json\/wp\/v2\/types\/post"}],"author":[{"embeddable":true,"href":"https:\/\/portalnewsgta.com.br\/index.php\/wp-json\/wp\/v2\/users\/2"}],"replies":[{"embeddable":true,"href":"https:\/\/portalnewsgta.com.br\/index.php\/wp-json\/wp\/v2\/comments?post=76256"}],"version-history":[{"count":1,"href":"https:\/\/portalnewsgta.com.br\/index.php\/wp-json\/wp\/v2\/posts\/76256\/revisions"}],"predecessor-version":[{"id":76258,"href":"https:\/\/portalnewsgta.com.br\/index.php\/wp-json\/wp\/v2\/posts\/76256\/revisions\/76258"}],"wp:featuredmedia":[{"embeddable":true,"href":"https:\/\/portalnewsgta.com.br\/index.php\/wp-json\/wp\/v2\/media\/76257"}],"wp:attachment":[{"href":"https:\/\/portalnewsgta.com.br\/index.php\/wp-json\/wp\/v2\/media?parent=76256"}],"wp:term":[{"taxonomy":"category","embeddable":true,"href":"https:\/\/portalnewsgta.com.br\/index.php\/wp-json\/wp\/v2\/categories?post=76256"},{"taxonomy":"post_tag","embeddable":true,"href":"https:\/\/portalnewsgta.com.br\/index.php\/wp-json\/wp\/v2\/tags?post=76256"}],"curies":[{"name":"wp","href":"https:\/\/api.w.org\/{rel}","templated":true}]}}