{"id":76253,"date":"2026-01-22T08:51:41","date_gmt":"2026-01-22T11:51:41","guid":{"rendered":"https:\/\/portalnewsgta.com.br\/?p=76253"},"modified":"2026-01-22T08:51:41","modified_gmt":"2026-01-22T11:51:41","slug":"motociclista-bebado-mobiliza-pm-e-bombeiros-na-mt-320-em-colider","status":"publish","type":"post","link":"https:\/\/portalnewsgta.com.br\/index.php\/2026\/01\/22\/motociclista-bebado-mobiliza-pm-e-bombeiros-na-mt-320-em-colider\/","title":{"rendered":"Motociclista b\u00eabado mobiliza PM e Bombeiros na MT-320 em Col\u00edder"},"content":{"rendered":"<p>Por: Angela Foga\u00e7a\/Nort\u00e3o Online<\/p>\n<figure class=\"mb-2\" data-v-70493042=\"\"><figcaption class=\"text-body-2 font-weight-bold grey--text text--darken-2\" data-v-70493042=\"\">Foto por: Reprodu\u00e7\u00e3o<\/figcaption><\/figure>\n<div class=\"ck-content font-weight-medium mb-4\" data-v-70493042=\"\">\n<p>Na madrugada desta quinta-feira, 21, por volta das 00h30, a Pol\u00edcia Militar de Col\u00edder atendeu uma ocorr\u00eancia de condu\u00e7\u00e3o de ve\u00edculo automotor sob a influ\u00eancia de \u00e1lcool, registrada na rodovia MT-320, em frente ao Atacado Machado.<\/p>\n<p>A guarni\u00e7\u00e3o foi acionada ap\u00f3s solicita\u00e7\u00e3o do Corpo de Bombeiros, que havia encontrado um homem de 61 anos ca\u00eddo ao solo no local. Durante o atendimento, os bombeiros constataram que o indiv\u00edduo havia sofrido a queda enquanto conduzia uma motocicleta sob efeito de bebida alco\u00f3lica e que, ap\u00f3s receber atendimento, tentou se evadir do local.<\/p>\n<p>Com a chegada da Pol\u00edcia Militar, o homem foi encontrado em estado visivelmente alterado, apresentando voz alta, comportamento exaltado, olhos vermelhos, odor et\u00edlico, roupas em desordem e dificuldade de equil\u00edbrio, sinais claros de embriaguez alco\u00f3lica. Questionado pelos policiais, o homem confirmou ter ingerido bebida alco\u00f3lica.<\/p>\n<p>Diante dos fatos, o suspeito foi detido e encaminhado \u00e0 Delegacia de Pol\u00edcia Civil para as provid\u00eancias cab\u00edveis.<\/p>\n<p>A motocicleta foi removida ao p\u00e1tio do Detran, onde foi lavrado o auto de apreens\u00e3o, al\u00e9m da confec\u00e7\u00e3o do auto de constata\u00e7\u00e3o de embriaguez alco\u00f3lica.<\/p>\n<p>&nbsp;<\/p>\n<\/div>\n<div class=\"font-weight-bold grey--text text--darken-2 mb-4\" data-v-70493042=\"\">Fonte: Angela Foga\u00e7a\/Nort\u00e3o Online<\/div>\n","protected":false},"excerpt":{"rendered":"<p>Por: Angela Foga\u00e7a\/Nort\u00e3o Online Foto por: Reprodu\u00e7\u00e3o Na madrugada desta quinta-feira, 21, por volta das<\/p>\n","protected":false},"author":2,"featured_media":76254,"comment_status":"open","ping_status":"open","sticky":false,"template":"","format":"standard","meta":{"footnotes":""},"categories":[13,8],"tags":[],"aioseo_notices":[],"_links":{"self":[{"href":"https:\/\/portalnewsgta.com.br\/index.php\/wp-json\/wp\/v2\/posts\/76253"}],"collection":[{"href":"https:\/\/portalnewsgta.com.br\/index.php\/wp-json\/wp\/v2\/posts"}],"about":[{"href":"https:\/\/portalnewsgta.com.br\/index.php\/wp-json\/wp\/v2\/types\/post"}],"author":[{"embeddable":true,"href":"https:\/\/portalnewsgta.com.br\/index.php\/wp-json\/wp\/v2\/users\/2"}],"replies":[{"embeddable":true,"href":"https:\/\/portalnewsgta.com.br\/index.php\/wp-json\/wp\/v2\/comments?post=76253"}],"version-history":[{"count":1,"href":"https:\/\/portalnewsgta.com.br\/index.php\/wp-json\/wp\/v2\/posts\/76253\/revisions"}],"predecessor-version":[{"id":76255,"href":"https:\/\/portalnewsgta.com.br\/index.php\/wp-json\/wp\/v2\/posts\/76253\/revisions\/76255"}],"wp:featuredmedia":[{"embeddable":true,"href":"https:\/\/portalnewsgta.com.br\/index.php\/wp-json\/wp\/v2\/media\/76254"}],"wp:attachment":[{"href":"https:\/\/portalnewsgta.com.br\/index.php\/wp-json\/wp\/v2\/media?parent=76253"}],"wp:term":[{"taxonomy":"category","embeddable":true,"href":"https:\/\/portalnewsgta.com.br\/index.php\/wp-json\/wp\/v2\/categories?post=76253"},{"taxonomy":"post_tag","embeddable":true,"href":"https:\/\/portalnewsgta.com.br\/index.php\/wp-json\/wp\/v2\/tags?post=76253"}],"curies":[{"name":"wp","href":"https:\/\/api.w.org\/{rel}","templated":true}]}}