{"id":76250,"date":"2026-01-22T08:50:15","date_gmt":"2026-01-22T11:50:15","guid":{"rendered":"https:\/\/portalnewsgta.com.br\/?p=76250"},"modified":"2026-01-22T08:50:15","modified_gmt":"2026-01-22T11:50:15","slug":"mauro-e-pivetta-vistoriam-entregam-e-lancam-novas-obras-em-10-municipios-nesta-quinta-e-sexta-na-regiao-araguaia","status":"publish","type":"post","link":"https:\/\/portalnewsgta.com.br\/index.php\/2026\/01\/22\/mauro-e-pivetta-vistoriam-entregam-e-lancam-novas-obras-em-10-municipios-nesta-quinta-e-sexta-na-regiao-araguaia\/","title":{"rendered":"Mauro e Pivetta vistoriam, entregam e lan\u00e7am novas obras em 10 munic\u00edpios nesta quinta e sexta na regi\u00e3o Araguaia"},"content":{"rendered":"<p>O governador Mauro Mendes, acompanhado da primeira-dama Virginia Mendes e do vice-governador Otaviano Pivetta, cumpre agendas na regi\u00e3o do Vale do Araguaia, nesta quinta e sexta-feira, com inaugura\u00e7\u00f5es, vistorias t\u00e9cnicas e assinatura para novas obras e investimentos.<\/p>\n<p>A agenda passa pelos munic\u00edpios de Alto Taquari, Alto Araguaia, Alto Gar\u00e7as, General Carneiro, Pontal do Araguaia, Barra do Gar\u00e7as, Novo S\u00e3o Joaquim, Campin\u00e1polis, Nova Xavantina e \u00c1gua Boa, com investimentos nas \u00e1reas de infraestrutura, habita\u00e7\u00e3o, sa\u00fade, educa\u00e7\u00e3o, seguran\u00e7a p\u00fablica e social.<\/p>\n<p>Desde o in\u00edcio da gest\u00e3o, a regi\u00e3o do Araguaia j\u00e1 recebeu mais de R$ 2,5 bilh\u00f5es, destinados a melhorias para a popula\u00e7\u00e3o e o desenvolvimento da regi\u00e3o.<\/p>\n<p>Confira abaixo a agenda completa para a regi\u00e3o:<\/p>\n<p>Quinta-feira<\/p>\n<p>7h30 \u2013 Chegada em Alto Taquari<\/p>\n<ul class=\"wp-block-list\">\n<li>Inaugura\u00e7\u00e3o de 26 km da MT-465<\/li>\n<li>Ato de assinaturas \u2013 Local: Lago Municipal<br \/>\nAutoriza\u00e7\u00f5es para: constru\u00e7\u00e3o de 200 unidades habitacionais, cobertura da piscina da Escola Municipal Elzinha Nunes e constru\u00e7\u00e3o de pra\u00e7a<br \/>\nEntrega da reforma da Escola Municipal Jos\u00e9 In\u00e1cio<\/li>\n<li>Lan\u00e7amento da constru\u00e7\u00e3o do Centro de Eventos<\/li>\n<\/ul>\n<p>10h \u2013 Chegada em Alto Araguaia<\/p>\n<ul class=\"wp-block-list\">\n<li>Ato de assinaturas \u2013 Local: C\u00e2mara de Vereadores<br \/>\nAutoriza\u00e7\u00f5es para: recupera\u00e7\u00e3o de ruas e avenidas, constru\u00e7\u00e3o de aer\u00f3dromo, repasse de R$ 5 milh\u00f5es para a Sa\u00fade<\/li>\n<li>Vistoria \u00e0s obras da Escola Estadual Arlinda Morbeck<\/li>\n<li>Lan\u00e7amento da constru\u00e7\u00e3o da ponte sobre o C\u00f3rrego Gato Preto, na MT-481<\/li>\n<\/ul>\n<p>12h30 \u2013 Chegada em Alto Gar\u00e7as<\/p>\n<ul class=\"wp-block-list\">\n<li>Ato de assinaturas \u2013 Local: Centro de Conviv\u00eancia da Terceira Idade<br \/>\nAutoriza\u00e7\u00e3o para constru\u00e7\u00e3o de ETA e lan\u00e7amento da constru\u00e7\u00e3o da ponte sobre o Ribeir\u00e3o Caf\u00e9, na MT-107<\/li>\n<\/ul>\n<p>14h30 \u2013 Chegada em Barra do Gar\u00e7as e deslocamento para General Carneiro<\/p>\n<p>15h \u2013 Chegada em General Carneiro<\/p>\n<ul class=\"wp-block-list\">\n<li>Vistoria \u00e0s obras de casas populares pelo SER Fam\u00edlia Habita\u00e7\u00e3o<\/li>\n<li>Ato de assinaturas \u2013 Local: CRAS<br \/>\nAutoriza\u00e7\u00e3o para recupera\u00e7\u00e3o de ruas e avenidas e constru\u00e7\u00e3o de quadras nas Escolas Estaduais Jo\u00e3o Ponce de Arruda, Ind\u00edgena S\u00e3o Jos\u00e9 Sangradouro e Ind\u00edgena Sagrado Cora\u00e7\u00e3o de Jesus<\/li>\n<\/ul>\n<p>17h30 \u2013 Chegada em Pontal do Araguaia<\/p>\n<ul class=\"wp-block-list\">\n<li>Vistoria \u00e0s obras de casas populares pelo SER Fam\u00edlia Habita\u00e7\u00e3o das obras de asfaltamento da Avenida Universit\u00e1ria<\/li>\n<\/ul>\n<p>18h \u2013 Chegada em Barra do Gar\u00e7as<\/p>\n<ul class=\"wp-block-list\">\n<li>Ato de assinaturas \u2013 Local: Anfiteatro Municipal<br \/>\nAutoriza\u00e7\u00f5es para: recupera\u00e7\u00e3o do asfalto de ruas e avenidas, constru\u00e7\u00e3o da Escola Estadual Jardim dos Yp\u00eas, asfaltamento de ruas e avenidas de Pontal do Araguaia, constru\u00e7\u00e3o de pontes em Pontal do Araguaia, constru\u00e7\u00e3o de quadras em escolas estaduais e constru\u00e7\u00e3o de nova creche<\/li>\n<\/ul>\n<p>Sexta-feira<\/p>\n<p>8h \u2013 Chegada em Novo S\u00e3o Joaquim<\/p>\n<ul class=\"wp-block-list\">\n<li>Ato de assinaturas \u2013 Local: C\u00e2mara de Vereadores<br \/>\nAutoriza\u00e7oes para recupera\u00e7\u00e3o de ruas e avenidas, asfaltamento de ruas e avenidas, constru\u00e7\u00e3o de 120 casas populares pelo SER Fam\u00edlia Habita\u00e7\u00e3o e constru\u00e7\u00e3o de quadra poliesportiva na nova Escola Municipal<\/li>\n<\/ul>\n<p>10h \u2013 Chegada em Campin\u00e1polis<\/p>\n<ul class=\"wp-block-list\">\n<li>Vistoria \u00e0s obras de asfaltamento de ruas e avenidas<\/li>\n<li>Ato de assinaturas \u2013 Local: C\u00e2mara de Vereadores<br \/>\nAutoriza\u00e7\u00e3o para constru\u00e7\u00e3o de ETA e constru\u00e7\u00e3o de quadras poliesportivas em escolas ind\u00edgenas<br \/>\nAssinatura da ordem de servi\u00e7o para constru\u00e7\u00e3o de 50 casas populares pelo SER Fam\u00edlia Habita\u00e7\u00e3o<\/li>\n<\/ul>\n<p>12h30 \u2013 Chegada em Nova Xavantina<\/p>\n<ul class=\"wp-block-list\">\n<li>Ato de assinaturas \u2013 Local: Escola Deus \u00e9 Amor<br \/>\nAutoriza\u00e7\u00e3o para: amplia\u00e7\u00e3o do Hospital Municipal, constru\u00e7\u00e3o do novo Quartel da Pol\u00edcia Militar, constru\u00e7\u00e3o do novo pr\u00e9dio da Escola Estadual Juscelino Kubitschek, constru\u00e7\u00e3o de quadra na Escola Estadual Arlindo Estilac Leal<\/li>\n<li>Vistorias \u00e0s obras de casas populares pelo SER Fam\u00edlia Habita\u00e7\u00e3o e ao Hospital Municipal<\/li>\n<\/ul>\n<p>15h \u2013 Chegada em \u00c1gua Boa<\/p>\n<ul class=\"wp-block-list\">\n<li>Ato de assinaturas \u2013 Local: Associa\u00e7\u00e3o Comercial<br \/>\n\u2013 Autoriza\u00e7\u00f5es para: melhorias no Hospital Regional, constru\u00e7\u00e3o da Creche Ermindo Mendel , constru\u00e7\u00e3o de 1.200 apartamentos pelo SER Fam\u00edlia Habita\u00e7\u00e3o, constru\u00e7\u00e3o do Lar do Idoso e constru\u00e7\u00e3o de quadra na Escola Estadual Jaragu\u00e1<br \/>\nVistoria \u00e0s obras da Politec<\/li>\n<\/ul>\n<p>17h30 \u2013 Retorno para Cuiab\u00e1<\/p>\n","protected":false},"excerpt":{"rendered":"<p>O governador Mauro Mendes, acompanhado da primeira-dama Virginia Mendes e do vice-governador Otaviano Pivetta, cumpre<\/p>\n","protected":false},"author":2,"featured_media":76251,"comment_status":"open","ping_status":"open","sticky":false,"template":"","format":"standard","meta":{"footnotes":""},"categories":[13,2],"tags":[],"aioseo_notices":[],"_links":{"self":[{"href":"https:\/\/portalnewsgta.com.br\/index.php\/wp-json\/wp\/v2\/posts\/76250"}],"collection":[{"href":"https:\/\/portalnewsgta.com.br\/index.php\/wp-json\/wp\/v2\/posts"}],"about":[{"href":"https:\/\/portalnewsgta.com.br\/index.php\/wp-json\/wp\/v2\/types\/post"}],"author":[{"embeddable":true,"href":"https:\/\/portalnewsgta.com.br\/index.php\/wp-json\/wp\/v2\/users\/2"}],"replies":[{"embeddable":true,"href":"https:\/\/portalnewsgta.com.br\/index.php\/wp-json\/wp\/v2\/comments?post=76250"}],"version-history":[{"count":1,"href":"https:\/\/portalnewsgta.com.br\/index.php\/wp-json\/wp\/v2\/posts\/76250\/revisions"}],"predecessor-version":[{"id":76252,"href":"https:\/\/portalnewsgta.com.br\/index.php\/wp-json\/wp\/v2\/posts\/76250\/revisions\/76252"}],"wp:featuredmedia":[{"embeddable":true,"href":"https:\/\/portalnewsgta.com.br\/index.php\/wp-json\/wp\/v2\/media\/76251"}],"wp:attachment":[{"href":"https:\/\/portalnewsgta.com.br\/index.php\/wp-json\/wp\/v2\/media?parent=76250"}],"wp:term":[{"taxonomy":"category","embeddable":true,"href":"https:\/\/portalnewsgta.com.br\/index.php\/wp-json\/wp\/v2\/categories?post=76250"},{"taxonomy":"post_tag","embeddable":true,"href":"https:\/\/portalnewsgta.com.br\/index.php\/wp-json\/wp\/v2\/tags?post=76250"}],"curies":[{"name":"wp","href":"https:\/\/api.w.org\/{rel}","templated":true}]}}