{"id":76202,"date":"2026-01-21T14:45:38","date_gmt":"2026-01-21T17:45:38","guid":{"rendered":"https:\/\/portalnewsgta.com.br\/?p=76202"},"modified":"2026-01-21T14:45:38","modified_gmt":"2026-01-21T17:45:38","slug":"dr-waner-neves-assume-delegacia-regional-de-alta-floresta","status":"publish","type":"post","link":"https:\/\/portalnewsgta.com.br\/index.php\/2026\/01\/21\/dr-waner-neves-assume-delegacia-regional-de-alta-floresta\/","title":{"rendered":"Dr. Waner Neves assume Delegacia Regional de Alta Floresta"},"content":{"rendered":"<div class=\"td_block_wrap tdb_single_featured_image tdi_53 tdb-content-horiz-left td-pb-border-top td_block_template_1\" data-td-block-uid=\"tdi_53\">\n<div class=\"tdb-block-inner td-fix-index\">\n<figure><figcaption class=\"tdb-caption-text\">Foto: TV Nativa<\/figcaption><\/figure>\n<\/div>\n<\/div>\n<div class=\"td_block_wrap tdb_single_content tdi_54 td-pb-border-top td_block_template_1 td-post-content tagdiv-type\" data-td-block-uid=\"tdi_54\">\n<div class=\"tdb-block-inner td-fix-index\">\n<div id=\"model-response-message-contentr_ef708df7b0c0884a\" class=\"markdown markdown-main-panel enable-updated-hr-color\" dir=\"ltr\" aria-live=\"polite\" aria-busy=\"false\">\n<p data-start=\"77\" data-end=\"445\">Alta Floresta passou a contar oficialmente com um novo delegado regional da Pol\u00edcia Civil. Dr. Waner dos Santos Neves assumiu o cargo deixado pela delegada Ana Paula Reveles Carvalho, que foi transferida para a capital do estado, Cuiab\u00e1. A posse marca a continuidade e o fortalecimento das a\u00e7\u00f5es de seguran\u00e7a p\u00fablica em toda a regi\u00e3o norte de Mato Grosso.<\/p>\n<p data-start=\"447\" data-end=\"966\">Com vasta experi\u00eancia na carreira policial, o delegado Waner chega a Alta Floresta ap\u00f3s atuar em Guarant\u00e3 do Norte, al\u00e9m de j\u00e1 ter passado por outras regi\u00f5es do estado. O novo delegado regional \u00e9 reconhecido principalmente pela condu\u00e7\u00e3o de opera\u00e7\u00f5es de combate ao crime organizado e ao tr\u00e1fico de drogas. Em Guarant\u00e3 do Norte, ele esteve \u00e0 frente de a\u00e7\u00f5es de grande impacto, como a Opera\u00e7\u00e3o Joia Rara, que resultou na pris\u00e3o de uma das principais suspeitas, localizada em Alta Floresta com apoio das equipes locais.<\/p>\n<p data-start=\"968\" data-end=\"1430\">Ao assumir o comando regional, Waner destacou a import\u00e2ncia estrat\u00e9gica de Alta Floresta para o estado e refor\u00e7ou o compromisso de dar sequ\u00eancia ao trabalho desenvolvido pela delegada Ana Paula Reveles. \u201cChegando agora em Alta Floresta, uma cidade de suma import\u00e2ncia e muito pujante, nossa expectativa \u00e9 continuar o trabalho que j\u00e1 vinha sendo realizado e intensificar o combate ao crime organizado, sempre com integra\u00e7\u00e3o entre as for\u00e7as de seguran\u00e7a\u201d, afirmou.<\/p>\n<p data-start=\"1432\" data-end=\"1876\">Segundo o novo delegado regional, sua atua\u00e7\u00e3o n\u00e3o ficar\u00e1 restrita \u00e0 \u00e1rea administrativa. O trabalho operacional far\u00e1 parte do dia a dia da Pol\u00edcia Civil na regi\u00e3o, com foco especial na redu\u00e7\u00e3o dos crimes contra o patrim\u00f4nio e no enfrentamento direto \u00e0s fac\u00e7\u00f5es criminosas. \u201cVamos atuar junto \u00e0s delegacias de Alta Floresta para diminuir significativamente os \u00edndices de criminalidade e extirpar da cidade esses meliantes faccionados\u201d, refor\u00e7ou.<\/p>\n<p data-start=\"2217\" data-end=\"2646\">Outro eixo priorit\u00e1rio da nova gest\u00e3o ser\u00e1 o combate \u00e0 viol\u00eancia contra a mulher. O delegado elogiou o trabalho j\u00e1 desenvolvido pela Pol\u00edcia Civil no munic\u00edpio, citando a recente pris\u00e3o, no estado de Goi\u00e1s, de um homem que tentou matar a ex-companheira em Alta Floresta.<\/p>\n<p data-start=\"2648\" data-end=\"2968\" data-is-last-node=\"\" data-is-only-node=\"\">A chegada de Waner dos Santos Neves ao comando regional refor\u00e7a a expectativa de intensifica\u00e7\u00e3o das a\u00e7\u00f5es de seguran\u00e7a p\u00fablica, mantendo a continuidade do trabalho realizado e ampliando o enfrentamento ao crime organizado e \u00e0 viol\u00eancia, com apoio da popula\u00e7\u00e3o por meio de den\u00fancias e colabora\u00e7\u00e3o com as for\u00e7as policiais.<\/p>\n<\/div>\n<p data-start=\"2648\" data-end=\"2968\" data-is-last-node=\"\" data-is-only-node=\"\">*com informa\u00e7\u00f5es de Ar\u00e3o Leite \u2013 TV Nativa<\/p>\n<\/div>\n<\/div>\n","protected":false},"excerpt":{"rendered":"<p>Foto: TV Nativa Alta Floresta passou a contar oficialmente com um novo delegado regional da<\/p>\n","protected":false},"author":2,"featured_media":76203,"comment_status":"open","ping_status":"open","sticky":false,"template":"","format":"standard","meta":{"footnotes":""},"categories":[13,8],"tags":[2153],"aioseo_notices":[],"_links":{"self":[{"href":"https:\/\/portalnewsgta.com.br\/index.php\/wp-json\/wp\/v2\/posts\/76202"}],"collection":[{"href":"https:\/\/portalnewsgta.com.br\/index.php\/wp-json\/wp\/v2\/posts"}],"about":[{"href":"https:\/\/portalnewsgta.com.br\/index.php\/wp-json\/wp\/v2\/types\/post"}],"author":[{"embeddable":true,"href":"https:\/\/portalnewsgta.com.br\/index.php\/wp-json\/wp\/v2\/users\/2"}],"replies":[{"embeddable":true,"href":"https:\/\/portalnewsgta.com.br\/index.php\/wp-json\/wp\/v2\/comments?post=76202"}],"version-history":[{"count":1,"href":"https:\/\/portalnewsgta.com.br\/index.php\/wp-json\/wp\/v2\/posts\/76202\/revisions"}],"predecessor-version":[{"id":76204,"href":"https:\/\/portalnewsgta.com.br\/index.php\/wp-json\/wp\/v2\/posts\/76202\/revisions\/76204"}],"wp:featuredmedia":[{"embeddable":true,"href":"https:\/\/portalnewsgta.com.br\/index.php\/wp-json\/wp\/v2\/media\/76203"}],"wp:attachment":[{"href":"https:\/\/portalnewsgta.com.br\/index.php\/wp-json\/wp\/v2\/media?parent=76202"}],"wp:term":[{"taxonomy":"category","embeddable":true,"href":"https:\/\/portalnewsgta.com.br\/index.php\/wp-json\/wp\/v2\/categories?post=76202"},{"taxonomy":"post_tag","embeddable":true,"href":"https:\/\/portalnewsgta.com.br\/index.php\/wp-json\/wp\/v2\/tags?post=76202"}],"curies":[{"name":"wp","href":"https:\/\/api.w.org\/{rel}","templated":true}]}}