{"id":76185,"date":"2026-01-21T14:41:22","date_gmt":"2026-01-21T17:41:22","guid":{"rendered":"https:\/\/portalnewsgta.com.br\/?p=76185"},"modified":"2026-01-21T14:41:22","modified_gmt":"2026-01-21T17:41:22","slug":"colider-profissionais-da-educacao-aprovados-em-processo-seletivo-sao-convocados","status":"publish","type":"post","link":"https:\/\/portalnewsgta.com.br\/index.php\/2026\/01\/21\/colider-profissionais-da-educacao-aprovados-em-processo-seletivo-sao-convocados\/","title":{"rendered":"Col\u00edder: Profissionais da Educa\u00e7\u00e3o aprovados em processo seletivo s\u00e3o convocados"},"content":{"rendered":"<p>Por: Assessoria<\/p>\n<figure class=\"mb-2\" data-v-70493042=\"\"><figcaption class=\"text-body-2 font-weight-bold grey--text text--darken-2\" data-v-70493042=\"\">Foto por: Reprodu\u00e7\u00e3o<\/figcaption><\/figure>\n<div class=\"ck-content font-weight-medium mb-4\" data-v-70493042=\"\">\n<p>A Prefeitura de Col\u00edder, por meio da Secretaria Municipal de Educa\u00e7\u00e3o, informa o cronograma de atribui\u00e7\u00e3o para os profissionais aprovados no Processo Seletivo 2026. As atividades ocorrer\u00e3o nos dias 21 e 22 de janeiro de 2026, com organiza\u00e7\u00e3o por categoria e hor\u00e1rios espec\u00edficos.<\/p>\n<p>O objetivo \u00e9 garantir transpar\u00eancia, ordem e seguran\u00e7a no processo, permitindo que cada profissional seja atendido conforme sua fun\u00e7\u00e3o e classifica\u00e7\u00e3o.<\/p>\n<h3>Dia 21 de janeiro (quarta-feira)<\/h3>\n<p>Professores da Educa\u00e7\u00e3o Infantil e Ensino Fundamental (urbano e rural)<\/p>\n<p>7h \u2014 Abertura no Centro de Eventos<\/p>\n<p>Em seguida \u2014 Atribui\u00e7\u00e3o na Secretaria Municipal de Educa\u00e7\u00e3o<\/p>\n<p>Faixas de atendimento:<\/p>\n<p>8h \u00e0s 8h30 \u2014 Classifica\u00e7\u00e3o 01 a 20<\/p>\n<p>8h30 \u00e0s 9h \u2014 Classifica\u00e7\u00e3o 21 a 40<\/p>\n<p>9h \u00e0s 9h30 \u2014 Classifica\u00e7\u00e3o 41 a 60<\/p>\n<p>10h \u00e0s 10h30 \u2014 Classifica\u00e7\u00e3o 61 a 88<\/p>\n<p>10h30 \u00e0s 11h \u2014 Professores de Ingl\u00eas e Computa\u00e7\u00e3o<\/p>\n<p>T\u00e9cnico Administrativo Educacional (TAE), zelador e cozinheiro (urbano e rural)<\/p>\n<p>13h \u2014 Atribui\u00e7\u00e3o na Secretaria Municipal de Educa\u00e7\u00e3o<\/p>\n<p>&nbsp;<\/p>\n<h3>Dia 22 de janeiro (quinta-feira)<\/h3>\n<p>Apoio ao Desenvolvimento Escolar (ADE)<\/p>\n<p>7h \u2014 Abertura no Centro de Eventos<\/p>\n<p>8h \u2014 Atribui\u00e7\u00e3o na Secretaria Municipal de Educa\u00e7\u00e3o<\/p>\n<p>Motorista (urbano e rural)<\/p>\n<p>13h \u2014 Atribui\u00e7\u00e3o na Secretaria Municipal de Educa\u00e7\u00e3o<\/p>\n<p>&nbsp;<\/p>\n<h3>Organiza\u00e7\u00e3o e orienta\u00e7\u00e3o<\/h3>\n<p>A Secretaria refor\u00e7a que os profissionais devem comparecer aos locais indicados dentro do hor\u00e1rio estabelecido para garantir o andamento do processo. Os procedimentos seguem as normas previstas no Edital do Seletivo 2026 e visam atender \u00e0 demanda da rede municipal de ensino para o ano letivo de 2026, cujo in\u00edcio est\u00e1 previsto para fevereiro.<\/p>\n<p>Para o secret\u00e1rio municipal de Educa\u00e7\u00e3o, Adriano Camilo, o processo tem impacto direto no funcionamento da rede. \u201cA atribui\u00e7\u00e3o \u00e9 uma etapa fundamental para iniciar o ano letivo com planejamento, responsabilidade e valoriza\u00e7\u00e3o dos profissionais da educa\u00e7\u00e3o\u201d, afirmou.<\/p>\n<p>Informa\u00e7\u00f5es adicionais podem ser obtidas diretamente na Secretaria Municipal de Educa\u00e7\u00e3o.<\/p>\n<\/div>\n","protected":false},"excerpt":{"rendered":"<p>Por: Assessoria Foto por: Reprodu\u00e7\u00e3o A Prefeitura de Col\u00edder, por meio da Secretaria Municipal de<\/p>\n","protected":false},"author":2,"featured_media":76186,"comment_status":"open","ping_status":"open","sticky":false,"template":"","format":"standard","meta":{"footnotes":""},"categories":[7,13],"tags":[],"aioseo_notices":[],"_links":{"self":[{"href":"https:\/\/portalnewsgta.com.br\/index.php\/wp-json\/wp\/v2\/posts\/76185"}],"collection":[{"href":"https:\/\/portalnewsgta.com.br\/index.php\/wp-json\/wp\/v2\/posts"}],"about":[{"href":"https:\/\/portalnewsgta.com.br\/index.php\/wp-json\/wp\/v2\/types\/post"}],"author":[{"embeddable":true,"href":"https:\/\/portalnewsgta.com.br\/index.php\/wp-json\/wp\/v2\/users\/2"}],"replies":[{"embeddable":true,"href":"https:\/\/portalnewsgta.com.br\/index.php\/wp-json\/wp\/v2\/comments?post=76185"}],"version-history":[{"count":1,"href":"https:\/\/portalnewsgta.com.br\/index.php\/wp-json\/wp\/v2\/posts\/76185\/revisions"}],"predecessor-version":[{"id":76187,"href":"https:\/\/portalnewsgta.com.br\/index.php\/wp-json\/wp\/v2\/posts\/76185\/revisions\/76187"}],"wp:featuredmedia":[{"embeddable":true,"href":"https:\/\/portalnewsgta.com.br\/index.php\/wp-json\/wp\/v2\/media\/76186"}],"wp:attachment":[{"href":"https:\/\/portalnewsgta.com.br\/index.php\/wp-json\/wp\/v2\/media?parent=76185"}],"wp:term":[{"taxonomy":"category","embeddable":true,"href":"https:\/\/portalnewsgta.com.br\/index.php\/wp-json\/wp\/v2\/categories?post=76185"},{"taxonomy":"post_tag","embeddable":true,"href":"https:\/\/portalnewsgta.com.br\/index.php\/wp-json\/wp\/v2\/tags?post=76185"}],"curies":[{"name":"wp","href":"https:\/\/api.w.org\/{rel}","templated":true}]}}