{"id":75986,"date":"2026-01-19T08:22:58","date_gmt":"2026-01-19T11:22:58","guid":{"rendered":"https:\/\/portalnewsgta.com.br\/?p=75986"},"modified":"2026-01-19T08:22:58","modified_gmt":"2026-01-19T11:22:58","slug":"sinop-obra-da-politec-tem-atrasos-vandalismo-e-deterioracao-a-espera-de-nova-licitacao","status":"publish","type":"post","link":"https:\/\/portalnewsgta.com.br\/index.php\/2026\/01\/19\/sinop-obra-da-politec-tem-atrasos-vandalismo-e-deterioracao-a-espera-de-nova-licitacao\/","title":{"rendered":"Sinop: obra da Politec tem atrasos, vandalismo e deteriora\u00e7\u00e3o \u00e0 espera de nova licita\u00e7\u00e3o"},"content":{"rendered":"<p>O coordenador regional da Per\u00edcia Oficial e Identifica\u00e7\u00e3o T\u00e9cnica (Politec), M\u00e1rcio Monteiro, informou, ao\u00a0<em>S\u00f3 Not\u00edcias<\/em>, que o t\u00e9rmino das obras da nova sede do \u00f3rg\u00e3o continua dependendo de nova licita\u00e7\u00e3o para contratar empresa com compet\u00eancia t\u00e9cnica para instalar c\u00e2mara fria, transformadores especiais, redes de tratamento de res\u00edduos l\u00edquidos e mesas de necropsia. Segundo M\u00e1rcio, a nova licita\u00e7\u00e3o \u00e9 de responsabilidade da prefeitura, que administra o projeto em conv\u00eanio com o governo do Estado.<\/p>\n<p>O valor total investido \u00e9 estimado em R$ 7,6 milh\u00f5es, com recursos estaduais, municipais e de emendas parlamentares. A obra foi iniciada em 2023 e tinha previs\u00e3o inicial para ser conclu\u00edda em 300 dias. Em mar\u00e7o do ano passado, a nova data informada pela Politec para finaliza\u00e7\u00e3o seria no segundo semestre de 2025, j\u00e1 contando com a necessidade da nova licita\u00e7\u00e3o, o que n\u00e3o aconteceu.<\/p>\n<p><em>S\u00f3 Not\u00edcias<\/em>\u00a0constatou que partes do forro est\u00e3o caindo, a sujeira se acumula nas paredes e piso, e materiais el\u00e9tricos e cabos de internet est\u00e3o jogados, a grama come\u00e7a a avan\u00e7ar sobre a cal\u00e7ada e estacionamento. H\u00e1 ind\u00edcios que a obra podes estar sendo danificada por v\u00e2ndalos atrav\u00e9s de marcas de cal\u00e7ados na poeira que se acumula no ch\u00e3o, peda\u00e7os de madeiras jogadas e sinais de pequenas fogueiras.<\/p>\n<p>M\u00e1rcio informou que entrou em contato com a prefeitura que se comprometeu a limpar o terreno no in\u00edcio deste ano. Ainda segundo o coordenador, ap\u00f3s a nova licita\u00e7\u00e3o, a empresa contratada tem 120 dias para fazer as instala\u00e7\u00f5es que faltam.<\/p>\n<p>Procurada pela<em>\u00a0S\u00f3 Not\u00edcias<\/em>, a assessoria da prefeitura informou que se manifestar\u00e1 sobre o assunto nesta semana.<\/p>\n<p>Conforme S\u00f3 Not\u00edcias j\u00e1 informou, a nova sede ter\u00e1 estrutura para os servi\u00e7os de per\u00edcia, criminal\u00edstica, identifica\u00e7\u00e3o t\u00e9cnica e medicina legal, em \u00e1rea total de 1,4 mil m\u00b2, situada no terreno ao lado da sede anterior, na avenida dos Jequitib\u00e1s, Parque das Araras. A unidade de Sinop atende tamb\u00e9m os munic\u00edpios de Ita\u00faba, Cl\u00e1udia, Tabapor\u00e3, Marcel\u00e2ndia, Claudia, Vera, Feliz Natal e Uni\u00e3o do Sul.<\/p>\n<div class=\"wp-block-image\">\n<figure class=\"aligncenter size-large is-resized\"><img loading=\"lazy\" decoding=\"async\" class=\"wp-image-1309448 entered lazyloaded td-animation-stack-type0-2\" src=\"https:\/\/www.sonoticias.com.br\/wp-content\/uploads\/2026\/01\/Predio-Politec-Sinop-vandalizado-7-janeiro-2026-So-NOticiasGuilherme-Araujo-1024x654.jpg\" sizes=\"(max-width: 1024px) 100vw, 1024px\" srcset=\"https:\/\/www.sonoticias.com.br\/wp-content\/uploads\/2026\/01\/Predio-Politec-Sinop-vandalizado-7-janeiro-2026-So-NOticiasGuilherme-Araujo-1024x654.jpg 1024w, https:\/\/www.sonoticias.com.br\/wp-content\/uploads\/2026\/01\/Predio-Politec-Sinop-vandalizado-7-janeiro-2026-So-NOticiasGuilherme-Araujo-300x192.jpg 300w, https:\/\/www.sonoticias.com.br\/wp-content\/uploads\/2026\/01\/Predio-Politec-Sinop-vandalizado-7-janeiro-2026-So-NOticiasGuilherme-Araujo-768x491.jpg 768w, https:\/\/www.sonoticias.com.br\/wp-content\/uploads\/2026\/01\/Predio-Politec-Sinop-vandalizado-7-janeiro-2026-So-NOticiasGuilherme-Araujo-150x96.jpg 150w, https:\/\/www.sonoticias.com.br\/wp-content\/uploads\/2026\/01\/Predio-Politec-Sinop-vandalizado-7-janeiro-2026-So-NOticiasGuilherme-Araujo-696x445.jpg 696w, https:\/\/www.sonoticias.com.br\/wp-content\/uploads\/2026\/01\/Predio-Politec-Sinop-vandalizado-7-janeiro-2026-So-NOticiasGuilherme-Araujo-1068x683.jpg 1068w, https:\/\/www.sonoticias.com.br\/wp-content\/uploads\/2026\/01\/Predio-Politec-Sinop-vandalizado-7-janeiro-2026-So-NOticiasGuilherme-Araujo.jpg 1100w\" alt=\"\" width=\"1024\" height=\"654\" data-lazy-srcset=\"https:\/\/www.sonoticias.com.br\/wp-content\/uploads\/2026\/01\/Predio-Politec-Sinop-vandalizado-7-janeiro-2026-So-NOticiasGuilherme-Araujo-1024x654.jpg 1024w, https:\/\/www.sonoticias.com.br\/wp-content\/uploads\/2026\/01\/Predio-Politec-Sinop-vandalizado-7-janeiro-2026-So-NOticiasGuilherme-Araujo-300x192.jpg 300w, https:\/\/www.sonoticias.com.br\/wp-content\/uploads\/2026\/01\/Predio-Politec-Sinop-vandalizado-7-janeiro-2026-So-NOticiasGuilherme-Araujo-768x491.jpg 768w, https:\/\/www.sonoticias.com.br\/wp-content\/uploads\/2026\/01\/Predio-Politec-Sinop-vandalizado-7-janeiro-2026-So-NOticiasGuilherme-Araujo-150x96.jpg 150w, https:\/\/www.sonoticias.com.br\/wp-content\/uploads\/2026\/01\/Predio-Politec-Sinop-vandalizado-7-janeiro-2026-So-NOticiasGuilherme-Araujo-696x445.jpg 696w, https:\/\/www.sonoticias.com.br\/wp-content\/uploads\/2026\/01\/Predio-Politec-Sinop-vandalizado-7-janeiro-2026-So-NOticiasGuilherme-Araujo-1068x683.jpg 1068w, https:\/\/www.sonoticias.com.br\/wp-content\/uploads\/2026\/01\/Predio-Politec-Sinop-vandalizado-7-janeiro-2026-So-NOticiasGuilherme-Araujo.jpg 1100w\" data-lazy-sizes=\"(max-width: 1024px) 100vw, 1024px\" data-lazy-src=\"https:\/\/www.sonoticias.com.br\/wp-content\/uploads\/2026\/01\/Predio-Politec-Sinop-vandalizado-7-janeiro-2026-So-NOticiasGuilherme-Araujo-1024x654.jpg\" data-ll-status=\"loaded\" \/><\/figure>\n<\/div>\n<div class=\"wp-block-image\">\n<figure class=\"aligncenter size-large is-resized\"><img loading=\"lazy\" decoding=\"async\" class=\"wp-image-1309447 entered lazyloaded td-animation-stack-type0-2\" src=\"https:\/\/www.sonoticias.com.br\/wp-content\/uploads\/2026\/01\/Predio-Politec-Sinop-vandalizado-6-janeiro-2026-So-NOticiasGuilherme-Araujo-1024x656.jpg\" sizes=\"(max-width: 1024px) 100vw, 1024px\" srcset=\"https:\/\/www.sonoticias.com.br\/wp-content\/uploads\/2026\/01\/Predio-Politec-Sinop-vandalizado-6-janeiro-2026-So-NOticiasGuilherme-Araujo-1024x656.jpg 1024w, https:\/\/www.sonoticias.com.br\/wp-content\/uploads\/2026\/01\/Predio-Politec-Sinop-vandalizado-6-janeiro-2026-So-NOticiasGuilherme-Araujo-300x192.jpg 300w, https:\/\/www.sonoticias.com.br\/wp-content\/uploads\/2026\/01\/Predio-Politec-Sinop-vandalizado-6-janeiro-2026-So-NOticiasGuilherme-Araujo-768x492.jpg 768w, https:\/\/www.sonoticias.com.br\/wp-content\/uploads\/2026\/01\/Predio-Politec-Sinop-vandalizado-6-janeiro-2026-So-NOticiasGuilherme-Araujo-150x96.jpg 150w, https:\/\/www.sonoticias.com.br\/wp-content\/uploads\/2026\/01\/Predio-Politec-Sinop-vandalizado-6-janeiro-2026-So-NOticiasGuilherme-Araujo-696x446.jpg 696w, https:\/\/www.sonoticias.com.br\/wp-content\/uploads\/2026\/01\/Predio-Politec-Sinop-vandalizado-6-janeiro-2026-So-NOticiasGuilherme-Araujo-1068x684.jpg 1068w, https:\/\/www.sonoticias.com.br\/wp-content\/uploads\/2026\/01\/Predio-Politec-Sinop-vandalizado-6-janeiro-2026-So-NOticiasGuilherme-Araujo.jpg 1100w\" alt=\"\" width=\"1024\" height=\"656\" data-lazy-srcset=\"https:\/\/www.sonoticias.com.br\/wp-content\/uploads\/2026\/01\/Predio-Politec-Sinop-vandalizado-6-janeiro-2026-So-NOticiasGuilherme-Araujo-1024x656.jpg 1024w, https:\/\/www.sonoticias.com.br\/wp-content\/uploads\/2026\/01\/Predio-Politec-Sinop-vandalizado-6-janeiro-2026-So-NOticiasGuilherme-Araujo-300x192.jpg 300w, https:\/\/www.sonoticias.com.br\/wp-content\/uploads\/2026\/01\/Predio-Politec-Sinop-vandalizado-6-janeiro-2026-So-NOticiasGuilherme-Araujo-768x492.jpg 768w, https:\/\/www.sonoticias.com.br\/wp-content\/uploads\/2026\/01\/Predio-Politec-Sinop-vandalizado-6-janeiro-2026-So-NOticiasGuilherme-Araujo-150x96.jpg 150w, https:\/\/www.sonoticias.com.br\/wp-content\/uploads\/2026\/01\/Predio-Politec-Sinop-vandalizado-6-janeiro-2026-So-NOticiasGuilherme-Araujo-696x446.jpg 696w, https:\/\/www.sonoticias.com.br\/wp-content\/uploads\/2026\/01\/Predio-Politec-Sinop-vandalizado-6-janeiro-2026-So-NOticiasGuilherme-Araujo-1068x684.jpg 1068w, https:\/\/www.sonoticias.com.br\/wp-content\/uploads\/2026\/01\/Predio-Politec-Sinop-vandalizado-6-janeiro-2026-So-NOticiasGuilherme-Araujo.jpg 1100w\" data-lazy-sizes=\"(max-width: 1024px) 100vw, 1024px\" data-lazy-src=\"https:\/\/www.sonoticias.com.br\/wp-content\/uploads\/2026\/01\/Predio-Politec-Sinop-vandalizado-6-janeiro-2026-So-NOticiasGuilherme-Araujo-1024x656.jpg\" data-ll-status=\"loaded\" \/><\/figure>\n<\/div>\n<div class=\"wp-block-image\">\n<figure class=\"aligncenter size-large is-resized\"><img loading=\"lazy\" decoding=\"async\" class=\"wp-image-1309446 entered lazyloaded td-animation-stack-type0-2\" src=\"https:\/\/www.sonoticias.com.br\/wp-content\/uploads\/2026\/01\/Predio-Politec-Sinop-vandalizado-5-janeiro-2026-So-NOticiasGuilherme-Araujo-862x1024.jpg\" sizes=\"(max-width: 862px) 100vw, 862px\" srcset=\"https:\/\/www.sonoticias.com.br\/wp-content\/uploads\/2026\/01\/Predio-Politec-Sinop-vandalizado-5-janeiro-2026-So-NOticiasGuilherme-Araujo-862x1024.jpg 862w, https:\/\/www.sonoticias.com.br\/wp-content\/uploads\/2026\/01\/Predio-Politec-Sinop-vandalizado-5-janeiro-2026-So-NOticiasGuilherme-Araujo-253x300.jpg 253w, https:\/\/www.sonoticias.com.br\/wp-content\/uploads\/2026\/01\/Predio-Politec-Sinop-vandalizado-5-janeiro-2026-So-NOticiasGuilherme-Araujo-768x912.jpg 768w, https:\/\/www.sonoticias.com.br\/wp-content\/uploads\/2026\/01\/Predio-Politec-Sinop-vandalizado-5-janeiro-2026-So-NOticiasGuilherme-Araujo-150x178.jpg 150w, https:\/\/www.sonoticias.com.br\/wp-content\/uploads\/2026\/01\/Predio-Politec-Sinop-vandalizado-5-janeiro-2026-So-NOticiasGuilherme-Araujo-300x356.jpg 300w, https:\/\/www.sonoticias.com.br\/wp-content\/uploads\/2026\/01\/Predio-Politec-Sinop-vandalizado-5-janeiro-2026-So-NOticiasGuilherme-Araujo-696x826.jpg 696w, https:\/\/www.sonoticias.com.br\/wp-content\/uploads\/2026\/01\/Predio-Politec-Sinop-vandalizado-5-janeiro-2026-So-NOticiasGuilherme-Araujo-1068x1268.jpg 1068w, https:\/\/www.sonoticias.com.br\/wp-content\/uploads\/2026\/01\/Predio-Politec-Sinop-vandalizado-5-janeiro-2026-So-NOticiasGuilherme-Araujo.jpg 1100w\" alt=\"\" width=\"862\" height=\"1024\" data-lazy-srcset=\"https:\/\/www.sonoticias.com.br\/wp-content\/uploads\/2026\/01\/Predio-Politec-Sinop-vandalizado-5-janeiro-2026-So-NOticiasGuilherme-Araujo-862x1024.jpg 862w, https:\/\/www.sonoticias.com.br\/wp-content\/uploads\/2026\/01\/Predio-Politec-Sinop-vandalizado-5-janeiro-2026-So-NOticiasGuilherme-Araujo-253x300.jpg 253w, https:\/\/www.sonoticias.com.br\/wp-content\/uploads\/2026\/01\/Predio-Politec-Sinop-vandalizado-5-janeiro-2026-So-NOticiasGuilherme-Araujo-768x912.jpg 768w, https:\/\/www.sonoticias.com.br\/wp-content\/uploads\/2026\/01\/Predio-Politec-Sinop-vandalizado-5-janeiro-2026-So-NOticiasGuilherme-Araujo-150x178.jpg 150w, https:\/\/www.sonoticias.com.br\/wp-content\/uploads\/2026\/01\/Predio-Politec-Sinop-vandalizado-5-janeiro-2026-So-NOticiasGuilherme-Araujo-300x356.jpg 300w, https:\/\/www.sonoticias.com.br\/wp-content\/uploads\/2026\/01\/Predio-Politec-Sinop-vandalizado-5-janeiro-2026-So-NOticiasGuilherme-Araujo-696x826.jpg 696w, https:\/\/www.sonoticias.com.br\/wp-content\/uploads\/2026\/01\/Predio-Politec-Sinop-vandalizado-5-janeiro-2026-So-NOticiasGuilherme-Araujo-1068x1268.jpg 1068w, https:\/\/www.sonoticias.com.br\/wp-content\/uploads\/2026\/01\/Predio-Politec-Sinop-vandalizado-5-janeiro-2026-So-NOticiasGuilherme-Araujo.jpg 1100w\" data-lazy-sizes=\"(max-width: 862px) 100vw, 862px\" data-lazy-src=\"https:\/\/www.sonoticias.com.br\/wp-content\/uploads\/2026\/01\/Predio-Politec-Sinop-vandalizado-5-janeiro-2026-So-NOticiasGuilherme-Araujo-862x1024.jpg\" data-ll-status=\"loaded\" \/><\/figure>\n<\/div>\n<div class=\"wp-block-image\">\n<figure class=\"aligncenter size-large is-resized\"><img loading=\"lazy\" decoding=\"async\" class=\"wp-image-1309445 entered td-animation-stack-type0-2 lazyloaded\" src=\"https:\/\/www.sonoticias.com.br\/wp-content\/uploads\/2026\/01\/Predio-Politec-Sinop-vandalizado-4-janeiro-2026-So-NOticiasGuilherme-Araujo-1024x637.jpg\" sizes=\"(max-width: 1024px) 100vw, 1024px\" srcset=\"https:\/\/www.sonoticias.com.br\/wp-content\/uploads\/2026\/01\/Predio-Politec-Sinop-vandalizado-4-janeiro-2026-So-NOticiasGuilherme-Araujo-1024x637.jpg 1024w, https:\/\/www.sonoticias.com.br\/wp-content\/uploads\/2026\/01\/Predio-Politec-Sinop-vandalizado-4-janeiro-2026-So-NOticiasGuilherme-Araujo-300x187.jpg 300w, https:\/\/www.sonoticias.com.br\/wp-content\/uploads\/2026\/01\/Predio-Politec-Sinop-vandalizado-4-janeiro-2026-So-NOticiasGuilherme-Araujo-768x478.jpg 768w, https:\/\/www.sonoticias.com.br\/wp-content\/uploads\/2026\/01\/Predio-Politec-Sinop-vandalizado-4-janeiro-2026-So-NOticiasGuilherme-Araujo-150x93.jpg 150w, https:\/\/www.sonoticias.com.br\/wp-content\/uploads\/2026\/01\/Predio-Politec-Sinop-vandalizado-4-janeiro-2026-So-NOticiasGuilherme-Araujo-696x433.jpg 696w, https:\/\/www.sonoticias.com.br\/wp-content\/uploads\/2026\/01\/Predio-Politec-Sinop-vandalizado-4-janeiro-2026-So-NOticiasGuilherme-Araujo-1068x664.jpg 1068w, https:\/\/www.sonoticias.com.br\/wp-content\/uploads\/2026\/01\/Predio-Politec-Sinop-vandalizado-4-janeiro-2026-So-NOticiasGuilherme-Araujo.jpg 1100w\" alt=\"\" width=\"1024\" height=\"637\" data-lazy-srcset=\"https:\/\/www.sonoticias.com.br\/wp-content\/uploads\/2026\/01\/Predio-Politec-Sinop-vandalizado-4-janeiro-2026-So-NOticiasGuilherme-Araujo-1024x637.jpg 1024w, https:\/\/www.sonoticias.com.br\/wp-content\/uploads\/2026\/01\/Predio-Politec-Sinop-vandalizado-4-janeiro-2026-So-NOticiasGuilherme-Araujo-300x187.jpg 300w, https:\/\/www.sonoticias.com.br\/wp-content\/uploads\/2026\/01\/Predio-Politec-Sinop-vandalizado-4-janeiro-2026-So-NOticiasGuilherme-Araujo-768x478.jpg 768w, https:\/\/www.sonoticias.com.br\/wp-content\/uploads\/2026\/01\/Predio-Politec-Sinop-vandalizado-4-janeiro-2026-So-NOticiasGuilherme-Araujo-150x93.jpg 150w, https:\/\/www.sonoticias.com.br\/wp-content\/uploads\/2026\/01\/Predio-Politec-Sinop-vandalizado-4-janeiro-2026-So-NOticiasGuilherme-Araujo-696x433.jpg 696w, https:\/\/www.sonoticias.com.br\/wp-content\/uploads\/2026\/01\/Predio-Politec-Sinop-vandalizado-4-janeiro-2026-So-NOticiasGuilherme-Araujo-1068x664.jpg 1068w, https:\/\/www.sonoticias.com.br\/wp-content\/uploads\/2026\/01\/Predio-Politec-Sinop-vandalizado-4-janeiro-2026-So-NOticiasGuilherme-Araujo.jpg 1100w\" data-lazy-sizes=\"(max-width: 1024px) 100vw, 1024px\" data-lazy-src=\"https:\/\/www.sonoticias.com.br\/wp-content\/uploads\/2026\/01\/Predio-Politec-Sinop-vandalizado-4-janeiro-2026-So-NOticiasGuilherme-Araujo-1024x637.jpg\" data-ll-status=\"loaded\" \/><\/figure>\n<\/div>\n<div class=\"wp-block-image\">\n<figure class=\"aligncenter size-large is-resized\"><img loading=\"lazy\" decoding=\"async\" class=\"wp-image-1309451 entered lazyloaded td-animation-stack-type0-2\" src=\"https:\/\/www.sonoticias.com.br\/wp-content\/uploads\/2026\/01\/Predio-Politec-Sinop-vandalizado-10-janeiro-2026-So-NOticiasGuilherme-Araujo-1024x647.jpg\" sizes=\"(max-width: 1024px) 100vw, 1024px\" srcset=\"https:\/\/www.sonoticias.com.br\/wp-content\/uploads\/2026\/01\/Predio-Politec-Sinop-vandalizado-10-janeiro-2026-So-NOticiasGuilherme-Araujo-1024x647.jpg 1024w, https:\/\/www.sonoticias.com.br\/wp-content\/uploads\/2026\/01\/Predio-Politec-Sinop-vandalizado-10-janeiro-2026-So-NOticiasGuilherme-Araujo-300x190.jpg 300w, https:\/\/www.sonoticias.com.br\/wp-content\/uploads\/2026\/01\/Predio-Politec-Sinop-vandalizado-10-janeiro-2026-So-NOticiasGuilherme-Araujo-768x485.jpg 768w, https:\/\/www.sonoticias.com.br\/wp-content\/uploads\/2026\/01\/Predio-Politec-Sinop-vandalizado-10-janeiro-2026-So-NOticiasGuilherme-Araujo-150x95.jpg 150w, https:\/\/www.sonoticias.com.br\/wp-content\/uploads\/2026\/01\/Predio-Politec-Sinop-vandalizado-10-janeiro-2026-So-NOticiasGuilherme-Araujo-696x440.jpg 696w, https:\/\/www.sonoticias.com.br\/wp-content\/uploads\/2026\/01\/Predio-Politec-Sinop-vandalizado-10-janeiro-2026-So-NOticiasGuilherme-Araujo-1068x675.jpg 1068w, https:\/\/www.sonoticias.com.br\/wp-content\/uploads\/2026\/01\/Predio-Politec-Sinop-vandalizado-10-janeiro-2026-So-NOticiasGuilherme-Araujo.jpg 1100w\" alt=\"\" width=\"1024\" height=\"647\" data-lazy-srcset=\"https:\/\/www.sonoticias.com.br\/wp-content\/uploads\/2026\/01\/Predio-Politec-Sinop-vandalizado-10-janeiro-2026-So-NOticiasGuilherme-Araujo-1024x647.jpg 1024w, https:\/\/www.sonoticias.com.br\/wp-content\/uploads\/2026\/01\/Predio-Politec-Sinop-vandalizado-10-janeiro-2026-So-NOticiasGuilherme-Araujo-300x190.jpg 300w, https:\/\/www.sonoticias.com.br\/wp-content\/uploads\/2026\/01\/Predio-Politec-Sinop-vandalizado-10-janeiro-2026-So-NOticiasGuilherme-Araujo-768x485.jpg 768w, https:\/\/www.sonoticias.com.br\/wp-content\/uploads\/2026\/01\/Predio-Politec-Sinop-vandalizado-10-janeiro-2026-So-NOticiasGuilherme-Araujo-150x95.jpg 150w, https:\/\/www.sonoticias.com.br\/wp-content\/uploads\/2026\/01\/Predio-Politec-Sinop-vandalizado-10-janeiro-2026-So-NOticiasGuilherme-Araujo-696x440.jpg 696w, https:\/\/www.sonoticias.com.br\/wp-content\/uploads\/2026\/01\/Predio-Politec-Sinop-vandalizado-10-janeiro-2026-So-NOticiasGuilherme-Araujo-1068x675.jpg 1068w, https:\/\/www.sonoticias.com.br\/wp-content\/uploads\/2026\/01\/Predio-Politec-Sinop-vandalizado-10-janeiro-2026-So-NOticiasGuilherme-Araujo.jpg 1100w\" data-lazy-sizes=\"(max-width: 1024px) 100vw, 1024px\" data-lazy-src=\"https:\/\/www.sonoticias.com.br\/wp-content\/uploads\/2026\/01\/Predio-Politec-Sinop-vandalizado-10-janeiro-2026-So-NOticiasGuilherme-Araujo-1024x647.jpg\" data-ll-status=\"loaded\" \/><\/figure>\n<\/div>\n<div class=\"wp-block-image\">\n<figure class=\"aligncenter size-large is-resized\"><img loading=\"lazy\" decoding=\"async\" class=\"wp-image-1309450 entered td-animation-stack-type0-2 lazyloaded\" src=\"https:\/\/www.sonoticias.com.br\/wp-content\/uploads\/2026\/01\/Predio-Politec-Sinop-vandalizado-9-janeiro-2026-So-NOticiasGuilherme-Araujo-818x1024.jpg\" sizes=\"(max-width: 818px) 100vw, 818px\" srcset=\"https:\/\/www.sonoticias.com.br\/wp-content\/uploads\/2026\/01\/Predio-Politec-Sinop-vandalizado-9-janeiro-2026-So-NOticiasGuilherme-Araujo-818x1024.jpg 818w, https:\/\/www.sonoticias.com.br\/wp-content\/uploads\/2026\/01\/Predio-Politec-Sinop-vandalizado-9-janeiro-2026-So-NOticiasGuilherme-Araujo-240x300.jpg 240w, https:\/\/www.sonoticias.com.br\/wp-content\/uploads\/2026\/01\/Predio-Politec-Sinop-vandalizado-9-janeiro-2026-So-NOticiasGuilherme-Araujo-768x962.jpg 768w, https:\/\/www.sonoticias.com.br\/wp-content\/uploads\/2026\/01\/Predio-Politec-Sinop-vandalizado-9-janeiro-2026-So-NOticiasGuilherme-Araujo-150x188.jpg 150w, https:\/\/www.sonoticias.com.br\/wp-content\/uploads\/2026\/01\/Predio-Politec-Sinop-vandalizado-9-janeiro-2026-So-NOticiasGuilherme-Araujo-300x376.jpg 300w, https:\/\/www.sonoticias.com.br\/wp-content\/uploads\/2026\/01\/Predio-Politec-Sinop-vandalizado-9-janeiro-2026-So-NOticiasGuilherme-Araujo-696x871.jpg 696w, https:\/\/www.sonoticias.com.br\/wp-content\/uploads\/2026\/01\/Predio-Politec-Sinop-vandalizado-9-janeiro-2026-So-NOticiasGuilherme-Araujo.jpg 960w\" alt=\"\" width=\"818\" height=\"1024\" data-lazy-srcset=\"https:\/\/www.sonoticias.com.br\/wp-content\/uploads\/2026\/01\/Predio-Politec-Sinop-vandalizado-9-janeiro-2026-So-NOticiasGuilherme-Araujo-818x1024.jpg 818w, https:\/\/www.sonoticias.com.br\/wp-content\/uploads\/2026\/01\/Predio-Politec-Sinop-vandalizado-9-janeiro-2026-So-NOticiasGuilherme-Araujo-240x300.jpg 240w, https:\/\/www.sonoticias.com.br\/wp-content\/uploads\/2026\/01\/Predio-Politec-Sinop-vandalizado-9-janeiro-2026-So-NOticiasGuilherme-Araujo-768x962.jpg 768w, https:\/\/www.sonoticias.com.br\/wp-content\/uploads\/2026\/01\/Predio-Politec-Sinop-vandalizado-9-janeiro-2026-So-NOticiasGuilherme-Araujo-150x188.jpg 150w, https:\/\/www.sonoticias.com.br\/wp-content\/uploads\/2026\/01\/Predio-Politec-Sinop-vandalizado-9-janeiro-2026-So-NOticiasGuilherme-Araujo-300x376.jpg 300w, https:\/\/www.sonoticias.com.br\/wp-content\/uploads\/2026\/01\/Predio-Politec-Sinop-vandalizado-9-janeiro-2026-So-NOticiasGuilherme-Araujo-696x871.jpg 696w, https:\/\/www.sonoticias.com.br\/wp-content\/uploads\/2026\/01\/Predio-Politec-Sinop-vandalizado-9-janeiro-2026-So-NOticiasGuilherme-Araujo.jpg 960w\" data-lazy-sizes=\"(max-width: 818px) 100vw, 818px\" data-lazy-src=\"https:\/\/www.sonoticias.com.br\/wp-content\/uploads\/2026\/01\/Predio-Politec-Sinop-vandalizado-9-janeiro-2026-So-NOticiasGuilherme-Araujo-818x1024.jpg\" data-ll-status=\"loaded\" \/><\/figure>\n<\/div>\n<div class=\"wp-block-image\">\n<figure class=\"aligncenter size-large is-resized\"><img loading=\"lazy\" decoding=\"async\" class=\"wp-image-1309449 entered td-animation-stack-type0-2 lazyloaded\" src=\"https:\/\/www.sonoticias.com.br\/wp-content\/uploads\/2026\/01\/Predio-Politec-Sinop-vandalizado-8-janeiro-2026-So-NOticiasGuilherme-Araujo-1024x626.jpg\" sizes=\"(max-width: 1024px) 100vw, 1024px\" srcset=\"https:\/\/www.sonoticias.com.br\/wp-content\/uploads\/2026\/01\/Predio-Politec-Sinop-vandalizado-8-janeiro-2026-So-NOticiasGuilherme-Araujo-1024x626.jpg 1024w, https:\/\/www.sonoticias.com.br\/wp-content\/uploads\/2026\/01\/Predio-Politec-Sinop-vandalizado-8-janeiro-2026-So-NOticiasGuilherme-Araujo-300x183.jpg 300w, https:\/\/www.sonoticias.com.br\/wp-content\/uploads\/2026\/01\/Predio-Politec-Sinop-vandalizado-8-janeiro-2026-So-NOticiasGuilherme-Araujo-768x469.jpg 768w, https:\/\/www.sonoticias.com.br\/wp-content\/uploads\/2026\/01\/Predio-Politec-Sinop-vandalizado-8-janeiro-2026-So-NOticiasGuilherme-Araujo-150x92.jpg 150w, https:\/\/www.sonoticias.com.br\/wp-content\/uploads\/2026\/01\/Predio-Politec-Sinop-vandalizado-8-janeiro-2026-So-NOticiasGuilherme-Araujo-696x425.jpg 696w, https:\/\/www.sonoticias.com.br\/wp-content\/uploads\/2026\/01\/Predio-Politec-Sinop-vandalizado-8-janeiro-2026-So-NOticiasGuilherme-Araujo-1068x652.jpg 1068w, https:\/\/www.sonoticias.com.br\/wp-content\/uploads\/2026\/01\/Predio-Politec-Sinop-vandalizado-8-janeiro-2026-So-NOticiasGuilherme-Araujo.jpg 1100w\" alt=\"\" width=\"1024\" height=\"626\" data-lazy-srcset=\"https:\/\/www.sonoticias.com.br\/wp-content\/uploads\/2026\/01\/Predio-Politec-Sinop-vandalizado-8-janeiro-2026-So-NOticiasGuilherme-Araujo-1024x626.jpg 1024w, https:\/\/www.sonoticias.com.br\/wp-content\/uploads\/2026\/01\/Predio-Politec-Sinop-vandalizado-8-janeiro-2026-So-NOticiasGuilherme-Araujo-300x183.jpg 300w, https:\/\/www.sonoticias.com.br\/wp-content\/uploads\/2026\/01\/Predio-Politec-Sinop-vandalizado-8-janeiro-2026-So-NOticiasGuilherme-Araujo-768x469.jpg 768w, https:\/\/www.sonoticias.com.br\/wp-content\/uploads\/2026\/01\/Predio-Politec-Sinop-vandalizado-8-janeiro-2026-So-NOticiasGuilherme-Araujo-150x92.jpg 150w, https:\/\/www.sonoticias.com.br\/wp-content\/uploads\/2026\/01\/Predio-Politec-Sinop-vandalizado-8-janeiro-2026-So-NOticiasGuilherme-Araujo-696x425.jpg 696w, https:\/\/www.sonoticias.com.br\/wp-content\/uploads\/2026\/01\/Predio-Politec-Sinop-vandalizado-8-janeiro-2026-So-NOticiasGuilherme-Araujo-1068x652.jpg 1068w, https:\/\/www.sonoticias.com.br\/wp-content\/uploads\/2026\/01\/Predio-Politec-Sinop-vandalizado-8-janeiro-2026-So-NOticiasGuilherme-Araujo.jpg 1100w\" data-lazy-sizes=\"(max-width: 1024px) 100vw, 1024px\" data-lazy-src=\"https:\/\/www.sonoticias.com.br\/wp-content\/uploads\/2026\/01\/Predio-Politec-Sinop-vandalizado-8-janeiro-2026-So-NOticiasGuilherme-Araujo-1024x626.jpg\" data-ll-status=\"loaded\" \/><\/figure>\n<\/div>\n","protected":false},"excerpt":{"rendered":"<p>O coordenador regional da Per\u00edcia Oficial e Identifica\u00e7\u00e3o T\u00e9cnica (Politec), M\u00e1rcio Monteiro, informou, ao\u00a0S\u00f3 Not\u00edcias,<\/p>\n","protected":false},"author":2,"featured_media":75987,"comment_status":"open","ping_status":"open","sticky":false,"template":"","format":"standard","meta":{"footnotes":""},"categories":[7,13],"tags":[2144],"aioseo_notices":[],"_links":{"self":[{"href":"https:\/\/portalnewsgta.com.br\/index.php\/wp-json\/wp\/v2\/posts\/75986"}],"collection":[{"href":"https:\/\/portalnewsgta.com.br\/index.php\/wp-json\/wp\/v2\/posts"}],"about":[{"href":"https:\/\/portalnewsgta.com.br\/index.php\/wp-json\/wp\/v2\/types\/post"}],"author":[{"embeddable":true,"href":"https:\/\/portalnewsgta.com.br\/index.php\/wp-json\/wp\/v2\/users\/2"}],"replies":[{"embeddable":true,"href":"https:\/\/portalnewsgta.com.br\/index.php\/wp-json\/wp\/v2\/comments?post=75986"}],"version-history":[{"count":1,"href":"https:\/\/portalnewsgta.com.br\/index.php\/wp-json\/wp\/v2\/posts\/75986\/revisions"}],"predecessor-version":[{"id":75988,"href":"https:\/\/portalnewsgta.com.br\/index.php\/wp-json\/wp\/v2\/posts\/75986\/revisions\/75988"}],"wp:featuredmedia":[{"embeddable":true,"href":"https:\/\/portalnewsgta.com.br\/index.php\/wp-json\/wp\/v2\/media\/75987"}],"wp:attachment":[{"href":"https:\/\/portalnewsgta.com.br\/index.php\/wp-json\/wp\/v2\/media?parent=75986"}],"wp:term":[{"taxonomy":"category","embeddable":true,"href":"https:\/\/portalnewsgta.com.br\/index.php\/wp-json\/wp\/v2\/categories?post=75986"},{"taxonomy":"post_tag","embeddable":true,"href":"https:\/\/portalnewsgta.com.br\/index.php\/wp-json\/wp\/v2\/tags?post=75986"}],"curies":[{"name":"wp","href":"https:\/\/api.w.org\/{rel}","templated":true}]}}