{"id":75901,"date":"2026-01-17T13:10:31","date_gmt":"2026-01-17T16:10:31","guid":{"rendered":"https:\/\/portalnewsgta.com.br\/?p=75901"},"modified":"2026-01-17T13:10:31","modified_gmt":"2026-01-17T16:10:31","slug":"gilmar-mendes-nega-habeas-corpus-com-pedido-de-prisao-domiciliar-para-bolsonaro","status":"publish","type":"post","link":"https:\/\/portalnewsgta.com.br\/index.php\/2026\/01\/17\/gilmar-mendes-nega-habeas-corpus-com-pedido-de-prisao-domiciliar-para-bolsonaro\/","title":{"rendered":"Gilmar Mendes nega habeas corpus com pedido de pris\u00e3o domiciliar para Bolsonaro"},"content":{"rendered":"<p class=\"credito-1\">Gustavo Moreno\/STF<\/p>\n<p><span class=\"img-conteudo pull-left\"><a href=\"https:\/\/www.gazetadigital.com.br\/storage\/webdisco\/2025\/12\/03\/1200x900\/f3af25dd2bb62a83777ad979baec3bc5.jpg\" data-fancybox=\"gallery\" data-caption=\"Gustavo Moreno\/STF - 02\/12\/2025\"><img decoding=\"async\" src=\"https:\/\/www.gazetadigital.com.br\/storage\/webdisco\/2025\/12\/03\/431x285\/f3af25dd2bb62a83777ad979baec3bc5.jpg\" alt=\"Gustavo Moreno\/STF - 02\/12\/2025\" \/><\/a><\/span><\/p>\n<p class=\"img-conteudo-desc\">\n<p><img decoding=\"async\" class=\"pull-left img-responsive\" src=\"https:\/\/www.gazetadigital.com.br\/storage\/webdisco\/2018\/09\/11\/120x80\/c10c88c6ae9ade049b00d53e2c1493c8.jpg\" alt=\"\" \/><\/p>\n<div id=\"text-content\" class=\"mb20\">\n<p>O ministro Gilmar Mendes, do Supremo Tribunal Federal (STF), negou um habeas corpus (HC) apresentado em favor da pris\u00e3o domiciliar do ex-presidente Jair Bolsonaro (PL). Ele n\u00e3o chegou a analisar o m\u00e9rito do pedido, mas negou o HC por inadmissibilidade da via eleita.<\/p>\n<p>&nbsp;<\/p>\n<p>Na decis\u00e3o, afirmou que a jurisprud\u00eancia do STF \u00e9 reiterada e pac\u00edfica no sentido de n\u00e3o admitir o conhecimento de HCs impetrados contra decis\u00f5es de ministros ou de \u00f3rg\u00e3os colegiados da pr\u00f3pria Corte.<\/p>\n<p>&nbsp;<\/p>\n<p>Tamb\u00e9m destacou que sua posi\u00e7\u00e3o como relator do pedido se deu em situa\u00e7\u00e3o excepcional e tempor\u00e1ria, justificada pelo recesso forense, e, sendo assim, um eventual conhecimento do HC, al\u00e9m de contrariar a jurisprud\u00eancia consolidada, implicaria em uma substitui\u00e7\u00e3o indevida da compet\u00eancia natural previamente estabelecida na Corte.<\/p>\n<p>&nbsp;<\/p>\n<p>\u201cAinda que respaldado em previs\u00e3o regimental expressa, esse exerc\u00edcio deve ser marcado por temperamentos que resguardem a atribui\u00e7\u00e3o dos Ministros originalmente competentes para os feitos de que se originam os atos impugnados\u201d, disse.<\/p>\n<p>&nbsp;<\/p>\n<p>Mendes enfatizou, por fim, que o HC em quest\u00e3o foi impetrado por um advogado n\u00e3o participante da defesa do ex-presidente. Pontuou que a a\u00e7\u00e3o de terceiros \u00e9 poss\u00edvel, mas que o STF tem se posicionado quanto \u00e0 prud\u00eancia nesses casos, especialmente quando n\u00e3o h\u00e1 indicativo de in\u00e9rcia ou omiss\u00e3o da defesa do envolvido.<\/p>\n<p>&nbsp;<\/p>\n<p>Essa posi\u00e7\u00e3o, disse, ocorre para \u201cevitar que pretens\u00f5es movidas por terceiros acabem por repercutir, de maneira indesejada, na estrat\u00e9gia defensiva do pr\u00f3prio paciente, o que revela subvers\u00e3o dos institutos aplic\u00e1veis.\u201d<\/p>\n<p>&nbsp;<\/p>\n<p>O habeas corpus foi pedido pelo advogado Paulo Souza Barros de Carvalhosa, que n\u00e3o faz parte da defesa do ex-presidente.<\/p>\n<p>&nbsp;<\/p>\n<p>O HC foi originalmente distribu\u00eddo para a ministra C\u00e1rmen L\u00facia, mas, devido ao recesso, ele seria analisado pelo ministro Alexandre de Moraes, que exerce interinamente a presid\u00eancia da Corte. Moraes, por\u00e9m, se declarou impedido de apreci\u00e1-lo devido a uma quest\u00e3o regimental, e por isso o HC foi redistribu\u00eddo para Mendes.<\/p>\n<\/div>\n","protected":false},"excerpt":{"rendered":"<p>Gustavo Moreno\/STF O ministro Gilmar Mendes, do Supremo Tribunal Federal (STF), negou um habeas corpus<\/p>\n","protected":false},"author":2,"featured_media":75902,"comment_status":"open","ping_status":"open","sticky":false,"template":"","format":"standard","meta":{"footnotes":""},"categories":[13,2],"tags":[2141],"aioseo_notices":[],"_links":{"self":[{"href":"https:\/\/portalnewsgta.com.br\/index.php\/wp-json\/wp\/v2\/posts\/75901"}],"collection":[{"href":"https:\/\/portalnewsgta.com.br\/index.php\/wp-json\/wp\/v2\/posts"}],"about":[{"href":"https:\/\/portalnewsgta.com.br\/index.php\/wp-json\/wp\/v2\/types\/post"}],"author":[{"embeddable":true,"href":"https:\/\/portalnewsgta.com.br\/index.php\/wp-json\/wp\/v2\/users\/2"}],"replies":[{"embeddable":true,"href":"https:\/\/portalnewsgta.com.br\/index.php\/wp-json\/wp\/v2\/comments?post=75901"}],"version-history":[{"count":1,"href":"https:\/\/portalnewsgta.com.br\/index.php\/wp-json\/wp\/v2\/posts\/75901\/revisions"}],"predecessor-version":[{"id":75903,"href":"https:\/\/portalnewsgta.com.br\/index.php\/wp-json\/wp\/v2\/posts\/75901\/revisions\/75903"}],"wp:featuredmedia":[{"embeddable":true,"href":"https:\/\/portalnewsgta.com.br\/index.php\/wp-json\/wp\/v2\/media\/75902"}],"wp:attachment":[{"href":"https:\/\/portalnewsgta.com.br\/index.php\/wp-json\/wp\/v2\/media?parent=75901"}],"wp:term":[{"taxonomy":"category","embeddable":true,"href":"https:\/\/portalnewsgta.com.br\/index.php\/wp-json\/wp\/v2\/categories?post=75901"},{"taxonomy":"post_tag","embeddable":true,"href":"https:\/\/portalnewsgta.com.br\/index.php\/wp-json\/wp\/v2\/tags?post=75901"}],"curies":[{"name":"wp","href":"https:\/\/api.w.org\/{rel}","templated":true}]}}