{"id":75891,"date":"2026-01-17T12:56:58","date_gmt":"2026-01-17T15:56:58","guid":{"rendered":"https:\/\/portalnewsgta.com.br\/?p=75891"},"modified":"2026-01-17T12:56:58","modified_gmt":"2026-01-17T15:56:58","slug":"nova-mutum-recebe-r-4-milhoes-para-investir-em-equipamentos-de-centro-de-saude-e-a-expomutum","status":"publish","type":"post","link":"https:\/\/portalnewsgta.com.br\/index.php\/2026\/01\/17\/nova-mutum-recebe-r-4-milhoes-para-investir-em-equipamentos-de-centro-de-saude-e-a-expomutum\/","title":{"rendered":"Nova Mutum recebe R$ 4 milh\u00f5es para investir em equipamentos de centro de sa\u00fade e a ExpoMutum"},"content":{"rendered":"<p>O prefeito Leandro F\u00e9lix (Uni\u00e3o) e vereadores tiveram audi\u00eancia com o secret\u00e1rio chefe da Casa Civil, F\u00e1bio Garcia (Uni\u00e3o)e anunciaram, hoje, R$ 4 milh\u00f5es em investimentos. Ser\u00e3o destinados R$ 2 milh\u00f5es para a sa\u00fade p\u00fablica e outros R$ 2 milh\u00f5es para Cultura, com a fomenta\u00e7\u00e3o da ExpoMutum, feira comercial e do agro realizada anualmente.<\/p>\n<p>Segundo Leandro, o valor destinado para a sa\u00fade ser\u00e1 investido \u201cnos equipamentos do nosso Centro Integrado de Sa\u00fade, vamos\u00a0aportar a\u00ed mais de R$ 2 milh\u00f5es em equipamentos.\u201d Ainda conforme o prefeito, o valor designado para a ExpoMutum ser\u00e1 utilizado para o fortalecimento da feira, fomentando o com\u00e9rcio e turismo local, levando lazer para a popula\u00e7\u00e3o e visitantes.<\/p>\n<p>\u201cN\u00f3s temos uma gratid\u00e3o muito grande por voc\u00eas, por nosso governador\u00a0Mauro Mendes, Otaviano, que sempre est\u00e1 pronto para atender as demandas do nosso munic\u00edpio.\u00a0Agrade\u00e7o todos os nossos vereadores, presidente da c\u00e2mara, Lucas Badan (Uni\u00e3o), por estar junto tamb\u00e9m nessa comitiva\u00a0e isso demonstra tamb\u00e9m, iniciando 2026 com muita uni\u00e3o, for\u00e7a e trabalho.\u201d O deputado Beto Dois a Um tamb\u00e9m esteve na audi\u00eancia.<\/p>\n","protected":false},"excerpt":{"rendered":"<p>O prefeito Leandro F\u00e9lix (Uni\u00e3o) e vereadores tiveram audi\u00eancia com o secret\u00e1rio chefe da Casa<\/p>\n","protected":false},"author":2,"featured_media":75892,"comment_status":"open","ping_status":"open","sticky":false,"template":"","format":"standard","meta":{"footnotes":""},"categories":[13,2],"tags":[],"aioseo_notices":[],"_links":{"self":[{"href":"https:\/\/portalnewsgta.com.br\/index.php\/wp-json\/wp\/v2\/posts\/75891"}],"collection":[{"href":"https:\/\/portalnewsgta.com.br\/index.php\/wp-json\/wp\/v2\/posts"}],"about":[{"href":"https:\/\/portalnewsgta.com.br\/index.php\/wp-json\/wp\/v2\/types\/post"}],"author":[{"embeddable":true,"href":"https:\/\/portalnewsgta.com.br\/index.php\/wp-json\/wp\/v2\/users\/2"}],"replies":[{"embeddable":true,"href":"https:\/\/portalnewsgta.com.br\/index.php\/wp-json\/wp\/v2\/comments?post=75891"}],"version-history":[{"count":1,"href":"https:\/\/portalnewsgta.com.br\/index.php\/wp-json\/wp\/v2\/posts\/75891\/revisions"}],"predecessor-version":[{"id":75893,"href":"https:\/\/portalnewsgta.com.br\/index.php\/wp-json\/wp\/v2\/posts\/75891\/revisions\/75893"}],"wp:featuredmedia":[{"embeddable":true,"href":"https:\/\/portalnewsgta.com.br\/index.php\/wp-json\/wp\/v2\/media\/75892"}],"wp:attachment":[{"href":"https:\/\/portalnewsgta.com.br\/index.php\/wp-json\/wp\/v2\/media?parent=75891"}],"wp:term":[{"taxonomy":"category","embeddable":true,"href":"https:\/\/portalnewsgta.com.br\/index.php\/wp-json\/wp\/v2\/categories?post=75891"},{"taxonomy":"post_tag","embeddable":true,"href":"https:\/\/portalnewsgta.com.br\/index.php\/wp-json\/wp\/v2\/tags?post=75891"}],"curies":[{"name":"wp","href":"https:\/\/api.w.org\/{rel}","templated":true}]}}