{"id":75120,"date":"2026-01-09T08:53:12","date_gmt":"2026-01-09T11:53:12","guid":{"rendered":"https:\/\/portalnewsgta.com.br\/?p=75120"},"modified":"2026-01-09T08:53:12","modified_gmt":"2026-01-09T11:53:12","slug":"maninho-participa-de-summit-internacional-brasil-india-indonesia-em-campinas","status":"publish","type":"post","link":"https:\/\/portalnewsgta.com.br\/index.php\/2026\/01\/09\/maninho-participa-de-summit-internacional-brasil-india-indonesia-em-campinas\/","title":{"rendered":"Maninho participa de Summit Internacional Brasil\u2013\u00cdndia\u2013Indon\u00e9sia em Campinas"},"content":{"rendered":"<p>Por: Angela Foga\u00e7a\/Nort\u00e3o Online<\/p>\n<figure class=\"mb-2\" data-v-70493042=\"\"><figcaption class=\"text-body-2 font-weight-bold grey--text text--darken-2\" data-v-70493042=\"\">Foto por: Reprodu\u00e7\u00e3o<\/figcaption><\/figure>\n<div class=\"ck-content font-weight-medium mb-4\" data-v-70493042=\"\">\n<p>O vice-presidente da AMM (Associa\u00e7\u00e3o Mato-grossense dos Munic\u00edpios), Hemerson M\u00e1ximo, conhecido como\u00a0<i>Maninho<\/i>, est\u00e1 participando do Summit Anual Brasil\u2013\u00cdndia\u2013Indon\u00e9sia, evento internacional realizado em Campinas (SP), que re\u00fane l\u00edderes governamentais, executivos, investidores, c\u00e2maras de com\u00e9rcio e representantes do ecossistema de inova\u00e7\u00e3o e com\u00e9rcio exterior.<\/p>\n<p>O encontro tem como prop\u00f3sito fortalecer a integra\u00e7\u00e3o econ\u00f4mica entre tr\u00eas das principais economias emergentes do mundo, promovendo gera\u00e7\u00e3o de neg\u00f3cios, parcerias institucionais e coopera\u00e7\u00e3o de longo prazo, al\u00e9m de criar oportunidades concretas para empresas e munic\u00edpios interessados em se posicionar como parceiros estrat\u00e9gicos nesse eixo trilateral.<\/p>\n<p>Durante o summit, Hemerson M\u00e1ximo destacou que este \u00e9 o primeiro encontro da C\u00e2mara Indo\u2013Brasil\u2013Indon\u00e9sia e ressaltou a forte presen\u00e7a de representantes de Mato Grosso. Ele participa acompanhado dos prefeitos Alei Fernandes (Sorriso), Marcos Feldhaus (Cl\u00e1udia) e S\u00e9rgio Machnic (Primavera do Leste), gestores que tamb\u00e9m integraram miss\u00e3o recente \u00e0 \u00cdndia.<\/p>\n<p>Segundo Maninho, o foco principal do evento \u00e9 a transfer\u00eancia de tecnologia, a amplia\u00e7\u00e3o de parcerias internacionais e a abertura de mercados, com aten\u00e7\u00e3o especial \u00e0 Indon\u00e9sia, considerada um dos maiores e mais promissores mercados do mundo, com popula\u00e7\u00e3o jovem e crescente demanda por alimentos.<\/p>\n<figure class=\"image\"><img decoding=\"async\" src=\"https:\/\/admin.nortaoonline.com\/upload\/9\/37409\/6960eb4646e4cd46cb.jpg\" \/><\/figure>\n<p>Entre as pautas discutidas est\u00e3o a habilita\u00e7\u00e3o de frigor\u00edficos de carne bovina para exporta\u00e7\u00e3o, o interesse indon\u00e9sio na compra de produtos derivados do leite de Mato Grosso, como leite em p\u00f3, al\u00e9m da atra\u00e7\u00e3o de investimentos para o setor leiteiro. Tamb\u00e9m foram apresentadas oportunidades de interc\u00e2mbio tecnol\u00f3gico, especialmente na \u00e1rea de fertilizantes, com destaque para a nanotecnologia da ureia aplicada ao agroneg\u00f3cio e \u00e0 pecu\u00e1ria.<\/p>\n<p>Outro ponto abordado foi a apresenta\u00e7\u00e3o de uma tecnologia inovadora voltada \u00e0 melhoria de estradas vicinais, solu\u00e7\u00e3o que pode contribuir significativamente para a malha rodovi\u00e1ria dos munic\u00edpios mato-grossenses, especialmente nas vias de terra.<\/p>\n<p>A participa\u00e7\u00e3o da AMM no summit refor\u00e7a o compromisso de apresentar o potencial dos munic\u00edpios de Mato Grosso ao cen\u00e1rio internacional, buscando investimentos, inova\u00e7\u00e3o e o fortalecimento das rela\u00e7\u00f5es entre Brasil, \u00cdndia e Indon\u00e9sia, com foco no desenvolvimento econ\u00f4mico e sustent\u00e1vel dos munic\u00edpios.<\/p>\n<figure class=\"image\"><img decoding=\"async\" src=\"https:\/\/admin.nortaoonline.com\/upload\/9\/37409\/6960eb68b48fab170e.jpg\" \/><\/figure>\n<\/div>\n<div class=\"font-weight-bold grey--text text--darken-2 mb-4\" data-v-70493042=\"\">Fonte: Angela Foga\u00e7a\/Nort\u00e3o Online<\/div>\n","protected":false},"excerpt":{"rendered":"<p>Por: Angela Foga\u00e7a\/Nort\u00e3o Online Foto por: Reprodu\u00e7\u00e3o O vice-presidente da AMM (Associa\u00e7\u00e3o Mato-grossense dos Munic\u00edpios),<\/p>\n","protected":false},"author":2,"featured_media":75121,"comment_status":"open","ping_status":"open","sticky":false,"template":"","format":"standard","meta":{"footnotes":""},"categories":[7,13],"tags":[2103],"aioseo_notices":[],"_links":{"self":[{"href":"https:\/\/portalnewsgta.com.br\/index.php\/wp-json\/wp\/v2\/posts\/75120"}],"collection":[{"href":"https:\/\/portalnewsgta.com.br\/index.php\/wp-json\/wp\/v2\/posts"}],"about":[{"href":"https:\/\/portalnewsgta.com.br\/index.php\/wp-json\/wp\/v2\/types\/post"}],"author":[{"embeddable":true,"href":"https:\/\/portalnewsgta.com.br\/index.php\/wp-json\/wp\/v2\/users\/2"}],"replies":[{"embeddable":true,"href":"https:\/\/portalnewsgta.com.br\/index.php\/wp-json\/wp\/v2\/comments?post=75120"}],"version-history":[{"count":1,"href":"https:\/\/portalnewsgta.com.br\/index.php\/wp-json\/wp\/v2\/posts\/75120\/revisions"}],"predecessor-version":[{"id":75122,"href":"https:\/\/portalnewsgta.com.br\/index.php\/wp-json\/wp\/v2\/posts\/75120\/revisions\/75122"}],"wp:featuredmedia":[{"embeddable":true,"href":"https:\/\/portalnewsgta.com.br\/index.php\/wp-json\/wp\/v2\/media\/75121"}],"wp:attachment":[{"href":"https:\/\/portalnewsgta.com.br\/index.php\/wp-json\/wp\/v2\/media?parent=75120"}],"wp:term":[{"taxonomy":"category","embeddable":true,"href":"https:\/\/portalnewsgta.com.br\/index.php\/wp-json\/wp\/v2\/categories?post=75120"},{"taxonomy":"post_tag","embeddable":true,"href":"https:\/\/portalnewsgta.com.br\/index.php\/wp-json\/wp\/v2\/tags?post=75120"}],"curies":[{"name":"wp","href":"https:\/\/api.w.org\/{rel}","templated":true}]}}