{"id":75096,"date":"2026-01-09T08:42:51","date_gmt":"2026-01-09T11:42:51","guid":{"rendered":"https:\/\/portalnewsgta.com.br\/?p=75096"},"modified":"2026-01-09T08:42:51","modified_gmt":"2026-01-09T11:42:51","slug":"o-8-de-janeiro-ainda-divide-opinioes-entre-invasao-criminosa-e-governo-opressor","status":"publish","type":"post","link":"https:\/\/portalnewsgta.com.br\/index.php\/2026\/01\/09\/o-8-de-janeiro-ainda-divide-opinioes-entre-invasao-criminosa-e-governo-opressor\/","title":{"rendered":"O 8 de janeiro ainda divide opini\u00f5es entre \u2018invas\u00e3o criminosa\u2019 e \u2018governo opressor\u2019"},"content":{"rendered":"<div class=\"col-xs-12 col-sm-12 col-md-12 col-lg-12 mb10\">\n<div class=\"row\">\n<div class=\"col-xs-12 col-sm-12 col-md-12 col-lg-12 mb15\">\n<div class=\"row\">\n<div class=\"col-xs-12 col-sm-11 col-md-11 col-lg-11 autorer\"><span class=\"autores_fontes_nome\">Fred Moraes<\/span><\/p>\n<p class=\"autores_fontes_email\">fred.moraes@gazetadigital.com.br<\/p>\n<\/div>\n<\/div>\n<\/div>\n<\/div>\n<\/div>\n<div class=\"col-xs-12 col-sm-12 col-md-12 col-lg-12 mb30\">\n<p class=\"credito-1\">Montagem do GD<\/p>\n<p><span class=\"img-conteudo pull-left\"><a href=\"https:\/\/www.gazetadigital.com.br\/storage\/webdisco\/2026\/01\/08\/1200x900\/11161ded50aec67410167e26bbf4f1d9.jpg\" data-fancybox=\"gallery\" data-caption=\"Montagem do GD \"><img decoding=\"async\" src=\"https:\/\/www.gazetadigital.com.br\/storage\/webdisco\/2026\/01\/08\/431x285\/11161ded50aec67410167e26bbf4f1d9.jpg\" alt=\"Montagem do GD \" \/><\/a><\/span><\/p>\n<p class=\"img-conteudo-desc\">\n<div id=\"text-content\" class=\"mb20\">\n<p>3 anos ap\u00f3s a invas\u00e3o e depreda\u00e7\u00e3o das sedes dos Tr\u00eas Poderes, em Bras\u00edlia, os atos antidemocr\u00e1ticos de 8 de janeiro de 2023 voltaram a dominar o discurso de deputados federais e estaduais de Mato Grosso, expondo leituras radicalmente opostas sobre o epis\u00f3dio que marcou a hist\u00f3ria recente do pa\u00eds.<\/p>\n<p>Enquanto parlamentares voltados \u00e0 esquerda classificam os acontecimentos como uma tentativa clara de golpe de Estado, integrantes da direita insistem na narrativa de excesso do Estado, persegui\u00e7\u00e3o pol\u00edtica e criminaliza\u00e7\u00e3o de manifestantes.<\/p>\n<p>&nbsp;<\/p>\n<p>As manifesta\u00e7\u00f5es ocorreram no mesmo dia em que o presidente Luiz In\u00e1cio Lula da Silva (PT) participou, no Pal\u00e1cio do Planalto, do ato em mem\u00f3ria dos 3 anos dos ataques e\u00a0<a href=\"https:\/\/www.gazetadigital.com.br\/editorias\/politica-nacional\/lula-encerra-ato-em-memoria-do-8-de-janeiro-com-veto-ao-pl-da-dosimetria\/833359\"><strong>anunciou o veto integral ao Projeto de Lei n\u00ba 2.162\/2025, o chamado PL da Dosimetria<\/strong><\/a>, que previa a redu\u00e7\u00e3o de penas de condenados pelos atos golpistas.<\/p>\n<p>&nbsp;<\/p>\n<p><strong>\u2018Tentativa de golpe\u2019 e defesa da democracia<\/strong><\/p>\n<p>&nbsp;<\/p>\n<p>Em publica\u00e7\u00e3o nas redes sociais, o deputado estadual Valdir Barranco (PT) foi enf\u00e1tico ao relembrar o epis\u00f3dio, classificando-o como uma tentativa de golpe \u201corquestrada por Jair Bolsonaro\u201d que culminou na \u201cinvas\u00e3o criminosa\u201d das sedes do Congresso Nacional, do Supremo Tribunal Federal (STF) e do Pal\u00e1cio do Planalto.<\/p>\n<p>&nbsp;<\/p>\n<p>Barranco destacou que o Brasil j\u00e1 viveu os \u201chorrores da ditadura militar\u201d e que a democracia foi reconquistada com sacrif\u00edcio, sendo consolidada pela Constitui\u00e7\u00e3o de 1988. Segundo ele, n\u00e3o h\u00e1 espa\u00e7o para rupturas institucionais, e o respeito ao resultado das urnas \u00e9 regra b\u00e1sica do regime democr\u00e1tico.<\/p>\n<p>&nbsp;<\/p>\n<p>Posi\u00e7\u00e3o semelhante foi adotada pelo deputado estadual L\u00fadio Cabral (PT), que classificou o 8 de janeiro como \u201cuma tentativa de golpe e um ataque direto \u00e0 democracia brasileira\u201d, liderado por quem n\u00e3o aceitou o resultado das elei\u00e7\u00f5es de 2022. \u201cGolpe e ditadura nunca mais\u201d, escreveu.<\/p>\n<p>&nbsp;<\/p>\n<p><strong>Oposi\u00e7\u00e3o fala em armadilha e criminaliza\u00e7\u00e3o<\/strong><\/p>\n<p>Do outro lado do espectro pol\u00edtico, o deputado federal Nelson Barbudo (PL) apresentou uma leitura completamente distinta. Em postagem, afirmou que o epis\u00f3dio foi uma \u201carapuca\u201d armada pelo governo Lula para prender \u201cmilhares de pessoas inocentes\u201d inconformadas com a volta ao poder de um pol\u00edtico condenado por corrup\u00e7\u00e3o. Para ele, o Estado passou a reprimir cidad\u00e3os que apenas manifestavam suas opini\u00f5es, questionando: \u201cQue governo \u00e9 esse que prende os que manifestam seus pensamentos?\u201d.<\/p>\n<p>&nbsp;<\/p>\n<p>J\u00e1 o deputado federal Jos\u00e9 Medeiros (PL) divulgou um v\u00eddeo de aproximadamente tr\u00eas minutos, produzido com uso de intelig\u00eancia artificial, no qual critica o que chama de \u201cnarrativa do golpe\u201d. No material, Medeiros sustenta que houve vandalismo e crimes, mas n\u00e3o uma tentativa de golpe de Estado, por aus\u00eancia de armas, comando, hierarquia e lideran\u00e7a. O senador tamb\u00e9m questiona a proporcionalidade das penas aplicadas, denuncia \u201cdois pesos e duas medidas\u201d na Justi\u00e7a e critica o veto presidencial ao PL da Dosimetria, afirmando que a proposta apenas impediria abusos e garantiria individualiza\u00e7\u00e3o das penas.<\/p>\n<\/div>\n<\/div>\n","protected":false},"excerpt":{"rendered":"<p>Fred Moraes fred.moraes@gazetadigital.com.br Montagem do GD 3 anos ap\u00f3s a invas\u00e3o e depreda\u00e7\u00e3o das sedes<\/p>\n","protected":false},"author":2,"featured_media":75097,"comment_status":"open","ping_status":"open","sticky":false,"template":"","format":"standard","meta":{"footnotes":""},"categories":[13,2],"tags":[1566],"aioseo_notices":[],"_links":{"self":[{"href":"https:\/\/portalnewsgta.com.br\/index.php\/wp-json\/wp\/v2\/posts\/75096"}],"collection":[{"href":"https:\/\/portalnewsgta.com.br\/index.php\/wp-json\/wp\/v2\/posts"}],"about":[{"href":"https:\/\/portalnewsgta.com.br\/index.php\/wp-json\/wp\/v2\/types\/post"}],"author":[{"embeddable":true,"href":"https:\/\/portalnewsgta.com.br\/index.php\/wp-json\/wp\/v2\/users\/2"}],"replies":[{"embeddable":true,"href":"https:\/\/portalnewsgta.com.br\/index.php\/wp-json\/wp\/v2\/comments?post=75096"}],"version-history":[{"count":1,"href":"https:\/\/portalnewsgta.com.br\/index.php\/wp-json\/wp\/v2\/posts\/75096\/revisions"}],"predecessor-version":[{"id":75098,"href":"https:\/\/portalnewsgta.com.br\/index.php\/wp-json\/wp\/v2\/posts\/75096\/revisions\/75098"}],"wp:featuredmedia":[{"embeddable":true,"href":"https:\/\/portalnewsgta.com.br\/index.php\/wp-json\/wp\/v2\/media\/75097"}],"wp:attachment":[{"href":"https:\/\/portalnewsgta.com.br\/index.php\/wp-json\/wp\/v2\/media?parent=75096"}],"wp:term":[{"taxonomy":"category","embeddable":true,"href":"https:\/\/portalnewsgta.com.br\/index.php\/wp-json\/wp\/v2\/categories?post=75096"},{"taxonomy":"post_tag","embeddable":true,"href":"https:\/\/portalnewsgta.com.br\/index.php\/wp-json\/wp\/v2\/tags?post=75096"}],"curies":[{"name":"wp","href":"https:\/\/api.w.org\/{rel}","templated":true}]}}