{"id":75093,"date":"2026-01-09T08:41:59","date_gmt":"2026-01-09T11:41:59","guid":{"rendered":"https:\/\/portalnewsgta.com.br\/?p=75093"},"modified":"2026-01-09T08:41:59","modified_gmt":"2026-01-09T11:41:59","slug":"quadrilha-viajava-em-onibus-de-frigorifico-para-roubar-veiculos-em-cidades-vizinhas","status":"publish","type":"post","link":"https:\/\/portalnewsgta.com.br\/index.php\/2026\/01\/09\/quadrilha-viajava-em-onibus-de-frigorifico-para-roubar-veiculos-em-cidades-vizinhas\/","title":{"rendered":"Quadrilha viajava em \u00f4nibus de frigor\u00edfico para roubar ve\u00edculos em cidades vizinhas"},"content":{"rendered":"<div class=\"col-xs-12 col-sm-12 col-md-12 col-lg-12 mb10\">\n<div class=\"row\">\n<div class=\"col-xs-12 col-sm-12 col-md-12 col-lg-12 mb15\">\n<div class=\"row\">\n<div class=\"col-xs-12 col-sm-11 col-md-11 col-lg-11 autorer\"><span class=\"autores_fontes_nome\">Maria Klara Duque<\/span><\/p>\n<p class=\"autores_fontes_email\">maria.klara@gazetadigital.com.br<\/p>\n<\/div>\n<\/div>\n<\/div>\n<\/div>\n<\/div>\n<div class=\"col-xs-12 col-sm-12 col-md-12 col-lg-12 mb30\">\n<p class=\"credito-1\">PMMT<\/p>\n<p><span class=\"img-conteudo pull-left\"><a href=\"https:\/\/www.gazetadigital.com.br\/storage\/webdisco\/2026\/01\/08\/1200x900\/7ac60dfdb3ffbc5ebd1d4d3f1307047e.jpg\" data-fancybox=\"gallery\" data-caption=\"PMMT\"><img decoding=\"async\" src=\"https:\/\/www.gazetadigital.com.br\/storage\/webdisco\/2026\/01\/08\/431x285\/7ac60dfdb3ffbc5ebd1d4d3f1307047e.jpg\" alt=\"PMMT\" \/><\/a><\/span><\/p>\n<p class=\"img-conteudo-desc\">\n<div id=\"text-content\" class=\"mb20\">\n<p>4 homens foram presos por envolvimento no furto de uma motocicleta ocorrido em Diamantino (208 km a M\u00e9dio-Norte), ap\u00f3s a\u00e7\u00e3o integrada entre equipes policiais de diferentes munic\u00edpios da regi\u00e3o m\u00e9dio-norte de Mato Grosso.<\/p>\n<p>&nbsp;<\/p>\n<p>A ocorr\u00eancia come\u00e7ou a ser apurada ap\u00f3s a equipe de Cavalaria receber informa\u00e7\u00f5es sobre o crime e a poss\u00edvel liga\u00e7\u00e3o dos autores com a cidade de S\u00e3o Jos\u00e9 do Rio Claro (315 a M\u00e9dio-Norte). Com base em imagens e caracter\u00edsticas repassadas, dois suspeitos foram identificados e abordados no dia 6 de janeiro naquele munic\u00edpio, sendo devidamente qualificados.<\/p>\n<p>&nbsp;<\/p>\n<p>Na sequ\u00eancia, os policiais se deslocaram at\u00e9 o endere\u00e7o dos suspeitos, que acabaram localizados e questionados sobre o furto. Ambos confessaram espontaneamente a participa\u00e7\u00e3o no crime e relataram que se deslocaram at\u00e9 Diamantino em um \u00f4nibus da empresa BRF, pr\u00e1tica que, segundo eles, ocorre com frequ\u00eancia. Ap\u00f3s adquirirem entorpecentes, furtaram a motocicleta para retornar a S\u00e3o Jos\u00e9 do Rio Claro.<\/p>\n<p>Ainda conforme os relatos, a dupla repassou o ve\u00edculo a outros dois homens. A motocicleta teria sa\u00eddo de S\u00e3o Jos\u00e9 do Rio Claro por volta das 19h com destino a Diamantino.<\/p>\n<p>&nbsp;<\/p>\n<p>Durante a continuidade da troca de informa\u00e7\u00f5es entre as equipes, policiais de Diamantino conseguiram localizar a motocicleta e prender os dois suspeitos que estavam em posse do ve\u00edculo. Diante da confiss\u00e3o e das provas reunidas, foi dada voz de pris\u00e3o aos 4 envolvidos, que foram encaminhados \u00e0 delegacia junto com a motocicleta recuperada para as provid\u00eancias legais.<\/p>\n<p>&nbsp;<\/p>\n<p>Os presos apresentavam les\u00f5es nas m\u00e3os e relataram que os ferimentos teriam sido causados por agress\u00f5es sofridas por integrantes de uma fac\u00e7\u00e3o criminosa.<\/p>\n<\/div>\n<\/div>\n","protected":false},"excerpt":{"rendered":"<p>Maria Klara Duque maria.klara@gazetadigital.com.br PMMT 4 homens foram presos por envolvimento no furto de uma<\/p>\n","protected":false},"author":2,"featured_media":75094,"comment_status":"open","ping_status":"open","sticky":false,"template":"","format":"standard","meta":{"footnotes":""},"categories":[13,8],"tags":[2099],"aioseo_notices":[],"_links":{"self":[{"href":"https:\/\/portalnewsgta.com.br\/index.php\/wp-json\/wp\/v2\/posts\/75093"}],"collection":[{"href":"https:\/\/portalnewsgta.com.br\/index.php\/wp-json\/wp\/v2\/posts"}],"about":[{"href":"https:\/\/portalnewsgta.com.br\/index.php\/wp-json\/wp\/v2\/types\/post"}],"author":[{"embeddable":true,"href":"https:\/\/portalnewsgta.com.br\/index.php\/wp-json\/wp\/v2\/users\/2"}],"replies":[{"embeddable":true,"href":"https:\/\/portalnewsgta.com.br\/index.php\/wp-json\/wp\/v2\/comments?post=75093"}],"version-history":[{"count":1,"href":"https:\/\/portalnewsgta.com.br\/index.php\/wp-json\/wp\/v2\/posts\/75093\/revisions"}],"predecessor-version":[{"id":75095,"href":"https:\/\/portalnewsgta.com.br\/index.php\/wp-json\/wp\/v2\/posts\/75093\/revisions\/75095"}],"wp:featuredmedia":[{"embeddable":true,"href":"https:\/\/portalnewsgta.com.br\/index.php\/wp-json\/wp\/v2\/media\/75094"}],"wp:attachment":[{"href":"https:\/\/portalnewsgta.com.br\/index.php\/wp-json\/wp\/v2\/media?parent=75093"}],"wp:term":[{"taxonomy":"category","embeddable":true,"href":"https:\/\/portalnewsgta.com.br\/index.php\/wp-json\/wp\/v2\/categories?post=75093"},{"taxonomy":"post_tag","embeddable":true,"href":"https:\/\/portalnewsgta.com.br\/index.php\/wp-json\/wp\/v2\/tags?post=75093"}],"curies":[{"name":"wp","href":"https:\/\/api.w.org\/{rel}","templated":true}]}}