{"id":75079,"date":"2026-01-09T08:35:35","date_gmt":"2026-01-09T11:35:35","guid":{"rendered":"https:\/\/portalnewsgta.com.br\/?p=75079"},"modified":"2026-01-09T08:35:35","modified_gmt":"2026-01-09T11:35:35","slug":"assis-detona-veto-de-lula-em-8-de-janeiro-sadismo-e-vinganca","status":"publish","type":"post","link":"https:\/\/portalnewsgta.com.br\/index.php\/2026\/01\/09\/assis-detona-veto-de-lula-em-8-de-janeiro-sadismo-e-vinganca\/","title":{"rendered":"Assis detona veto de Lula em 8 de janeiro: &#8220;Sadismo e vingan\u00e7a&#8221;"},"content":{"rendered":"<h3>Presidente escolheu os 3 anos dos atos para vetar texto que reduziria a pena dos condenados<\/h3>\n<p>Victor Ostetti\/MidiaNews<\/p>\n<p>O deputado federal Coronel Assis criticou o veto ao PL da Dosimetria<\/p>\n<p>GIORDANO TOMASELLI<br \/>\nDA REDA\u00c7\u00c3O<\/p>\n<p>O deputado federal Coronel Assis (Uni\u00e3o) criticou o presidente Lula (PT) ap\u00f3s o petista vetar, nesta quinta-feira (8), o projeto de lei que buscava a redu\u00e7\u00e3o das penas \u2014 a chamada PL da dosimetria \u2014 dos condenados pelos atos de 8 de janeiro de 2023.<\/p>\n<p>&nbsp;<\/p>\n<h2>\u00c9 uma declara\u00e7\u00e3o de guerra contra todos aqueles que ousarem discordar desse regime<\/h2>\n<p>Para o parlamentar mato-grossense, a escolha da data para o veto n\u00e3o foi coincid\u00eancia, mas uma demonstra\u00e7\u00e3o de &#8220;sadismo e vingan\u00e7a&#8221; por parte do petista.<\/p>\n<p>&nbsp;<\/p>\n<p>Assis afirmou que o projeto, aprovado no fim do ano passado pelo Congresso, visava trazer &#8220;razoabilidade&#8221; ao que ele classifica como \u201caberra\u00e7\u00f5es jur\u00eddicas\u201d. Segundo ele, o veto ignora a vontade popular representada pelos parlamentares.<\/p>\n<p>&nbsp;<\/p>\n<p>&#8220;Isso n\u00e3o \u00e9 pol\u00edtico, \u00e9 sadismo. \u00c9 a demonstra\u00e7\u00e3o de poder de quem n\u00e3o tem limites morais. Escolher justamente essa data para vetar o projeto que traria mais equil\u00edbrio ao sistema e razoabilidade\u00a0\u00e0s aberra\u00e7\u00f5es que foram feitas,\u00a0\u00e9 uma declara\u00e7\u00e3o de guerra contra todos aqueles que ousarem discordar desse regime&#8221;, disse o deputado em suas redes sociais.<\/p>\n<p>&nbsp;<\/p>\n<p>Assis tamb\u00e9m questionou a narrativa oficial sobre os eventos de tr\u00eas anos atr\u00e1s. Para ele, as pris\u00f5es e condena\u00e7\u00f5es fazem parte de um projeto de criminaliza\u00e7\u00e3o da oposi\u00e7\u00e3o.<\/p>\n<p>&nbsp;<\/p>\n<p>&#8220;Na verdade, foi uma armadilha para criminalizar qualquer oposi\u00e7\u00e3o a essa tirania que est\u00e1 posta em nosso pa\u00eds. Enquanto isso,\u00a0centenas de brasileiros continuam presos injustamente, sem direito \u00e0 defesa, sem proporcionalidade nas\u00a0penas, tratados como inimigos do Estado&#8221;, afirmou.<\/p>\n<p>&nbsp;<\/p>\n<p><b><strong>Situa\u00e7\u00e3o de Bolsonaro<\/strong><\/b><\/p>\n<p>&nbsp;<\/p>\n<p>O parlamentar tamb\u00e9m citou a situa\u00e7\u00e3o do ex-presidente Jair Bolsonaro, que est\u00e1 detido em uma carceragem da Pol\u00edcia Federal. Assis afirmou que o l\u00edder da direita estaria sendo &#8220;torturado at\u00e9 a morte&#8221; e tendo atendimento m\u00e9dico negado.<\/p>\n<p>&nbsp;<\/p>\n<p>Na \u00faltima segunda-feira (6), Bolsonaro caiu na cela em que cumpre pris\u00e3o e teve ferimentos na cabe\u00e7a. Entretanto, o ministro Alexandre de Moraes indeferiu o pedido de sua defesa solicitando atendimento m\u00e9dico.<\/p>\n<p>&nbsp;<\/p>\n<p>\u201cBolsonaro, um ex-presidente, est\u00e1 sendo hoje\u00a0torturado at\u00e9 a morte, negado at\u00e9 mesmo no atendimento m\u00e9dico, sendo humilhado diariamente\u00a0dentro de uma carceragem na Pol\u00edcia Federal. Mas a justi\u00e7a, ainda que tardia, sempre chega\u201d, encerrou.<\/p>\n<p>&nbsp;<\/p>\n<p>O deputado tamb\u00e9m tra\u00e7ou um paralelo com a recente queda e pris\u00e3o do ditador venezuelano Nicol\u00e1s Maduro pelas tropas americanas. Segundo Assis, o depoimento de Maduro \u00e0 Justi\u00e7a dos Estados Unidos deve comprometer diretamente Lula.<\/p>\n<p>&nbsp;<\/p>\n<p><b><strong>Veja:<\/strong><\/b><\/p>\n<div style=\"width: 640px;\" class=\"wp-video\"><!--[if lt IE 9]><script>document.createElement('video');<\/script><![endif]-->\n<video class=\"wp-video-shortcode\" id=\"video-75079-1\" width=\"640\" height=\"360\" preload=\"metadata\" controls=\"controls\"><source type=\"video\/mp4\" src=\"https:\/\/portalnewsgta.com.br\/wp-content\/uploads\/2026\/01\/0c35f64c7b7cdb5f54a4be4f2535e5e4.mp4?_=1\" \/><a href=\"https:\/\/portalnewsgta.com.br\/wp-content\/uploads\/2026\/01\/0c35f64c7b7cdb5f54a4be4f2535e5e4.mp4\">https:\/\/portalnewsgta.com.br\/wp-content\/uploads\/2026\/01\/0c35f64c7b7cdb5f54a4be4f2535e5e4.mp4<\/a><\/video><\/div>\n","protected":false},"excerpt":{"rendered":"<p>Presidente escolheu os 3 anos dos atos para vetar texto que reduziria a pena dos<\/p>\n","protected":false},"author":2,"featured_media":75081,"comment_status":"open","ping_status":"open","sticky":false,"template":"","format":"standard","meta":{"footnotes":""},"categories":[13,2],"tags":[2095],"aioseo_notices":[],"_links":{"self":[{"href":"https:\/\/portalnewsgta.com.br\/index.php\/wp-json\/wp\/v2\/posts\/75079"}],"collection":[{"href":"https:\/\/portalnewsgta.com.br\/index.php\/wp-json\/wp\/v2\/posts"}],"about":[{"href":"https:\/\/portalnewsgta.com.br\/index.php\/wp-json\/wp\/v2\/types\/post"}],"author":[{"embeddable":true,"href":"https:\/\/portalnewsgta.com.br\/index.php\/wp-json\/wp\/v2\/users\/2"}],"replies":[{"embeddable":true,"href":"https:\/\/portalnewsgta.com.br\/index.php\/wp-json\/wp\/v2\/comments?post=75079"}],"version-history":[{"count":1,"href":"https:\/\/portalnewsgta.com.br\/index.php\/wp-json\/wp\/v2\/posts\/75079\/revisions"}],"predecessor-version":[{"id":75082,"href":"https:\/\/portalnewsgta.com.br\/index.php\/wp-json\/wp\/v2\/posts\/75079\/revisions\/75082"}],"wp:featuredmedia":[{"embeddable":true,"href":"https:\/\/portalnewsgta.com.br\/index.php\/wp-json\/wp\/v2\/media\/75081"}],"wp:attachment":[{"href":"https:\/\/portalnewsgta.com.br\/index.php\/wp-json\/wp\/v2\/media?parent=75079"}],"wp:term":[{"taxonomy":"category","embeddable":true,"href":"https:\/\/portalnewsgta.com.br\/index.php\/wp-json\/wp\/v2\/categories?post=75079"},{"taxonomy":"post_tag","embeddable":true,"href":"https:\/\/portalnewsgta.com.br\/index.php\/wp-json\/wp\/v2\/tags?post=75079"}],"curies":[{"name":"wp","href":"https:\/\/api.w.org\/{rel}","templated":true}]}}