{"id":75076,"date":"2026-01-09T08:33:53","date_gmt":"2026-01-09T11:33:53","guid":{"rendered":"https:\/\/portalnewsgta.com.br\/?p=75076"},"modified":"2026-01-09T08:33:53","modified_gmt":"2026-01-09T11:33:53","slug":"faccao-cerca-indigenas-em-garimpo-de-mt-e-justica-cobra-acao-de-lula","status":"publish","type":"post","link":"https:\/\/portalnewsgta.com.br\/index.php\/2026\/01\/09\/faccao-cerca-indigenas-em-garimpo-de-mt-e-justica-cobra-acao-de-lula\/","title":{"rendered":"Fac\u00e7\u00e3o cerca ind\u00edgenas em garimpo de MT, e Justi\u00e7a cobra a\u00e7\u00e3o de Lula"},"content":{"rendered":"<section class=\"FullLine\">\n<div class=\"conteudo\">\n<h3>Dados da Ag\u00eancia Brasileira de Intelig\u00eancia (Abin) apontam 46 homic\u00eddios no local de 2022 a 2024<\/h3>\n<\/div>\n<\/section>\n<section>\n<div class=\"FullLine\">\n<div class=\"conteudo_foto\">\n<div class=\"imgcontent\">\n<p class=\"credito_foto\">Ibama<\/p>\n<p><a href=\"https:\/\/www.midianews.com.br\/\/storage\/webdisco\/2024\/09\/30\/886x590\/1bc79e65e7a2e8441223cd8ab5bb3e0a.jpg\" rel=\"lightbox\" data-title=\"O garimpo na Terra Ind\u00edgena Sarar\u00e9\"><img loading=\"lazy\" decoding=\"async\" id=\"img_conteudo\" class=\"img-responsive\" src=\"https:\/\/www.midianews.com.br\/\/storage\/webdisco\/2024\/09\/30\/438x291\/1bc79e65e7a2e8441223cd8ab5bb3e0a.jpg\" alt=\"O garimpo na Terra Ind\u00edgena Sarar\u00e9\" width=\"438\" height=\"292\" border=\"0\" \/><\/a><\/p>\n<p class=\"descricao_foto\">O garimpo na Terra Ind\u00edgena Sarar\u00e9<\/p>\n<\/div>\n<\/div>\n<div class=\"Font14Bold\">VINICIUS SASSINE<br \/>\nDA FOLHAPRESS<\/div>\n<div id=\"texto\" class=\"texto\">\n<p>Diante da inexist\u00eancia de um plano definitivo do governo Lula (PT) para expuls\u00e3o dos invasores, o garimpo ilegal de ouro controlado pela fac\u00e7\u00e3o criminosa Comando Vermelho mant\u00e9m o cerco a ind\u00edgenas de um territ\u00f3rio demarcado em Mato Grosso na regi\u00e3o de Pontes e Lacerda (450km de Cuiab\u00e1).<\/p>\n<p>&nbsp;<\/p>\n<p>A situa\u00e7\u00e3o tamb\u00e9m leva riscos a servidores da Funai (Funda\u00e7\u00e3o Nacional dos Povos Ind\u00edgenas) que atuam em uma base instalada na \u00e1rea.<\/p>\n<p>&nbsp;<\/p>\n<p>Garimpeiros utilizam estradas que d\u00e3o acesso a aldeias dos nambikwaras, na Terra Ind\u00edgena Sarar\u00e9, fazem amea\u00e7as contra lideran\u00e7as e buscam coopta\u00e7\u00e3o de ind\u00edgenas para oculta\u00e7\u00e3o de equipamentos durante a\u00e7\u00f5es de fiscaliza\u00e7\u00e3o, conforme documentos compartilhados com a Casa Civil da Presid\u00eancia da Rep\u00fablica.<\/p>\n<p>&nbsp;<\/p>\n<p>Tamb\u00e9m h\u00e1 um enraizamento da viol\u00eancia no territ\u00f3rio, no oeste de Mato Grosso (a cidade mais pr\u00f3xima \u00e9 Pontes e Lacerda), com confrontos entre integrantes da fac\u00e7\u00e3o e guardas armadas montadas por garimpeiros.<\/p>\n<div id=\"taboola-mid-article-thumbnails\" class=\"trc_related_container tbl-trecs-container trc_spotlight_widget trc_elastic trc_elastic_alternating-thumbnails-a-mid-article\" data-placement-name=\"Mid Article Thumbnails\">\n<div class=\"trc_rbox_container\">\n<div>\n<div id=\"trc_wrapper_4323316507\" class=\"trc_rbox alternating-thumbnails-a-mid-article trc-content-hybrid\">\n<div id=\"trc_header_4323316507\" class=\"trc_rbox_header trc_rbox_border_elm\">\n<div class=\"trc_header_ext\"><\/div>\n<\/div>\n<\/div>\n<\/div>\n<\/div>\n<\/div>\n<p>&nbsp;<\/p>\n<p>Dados compilados pela Abin (Ag\u00eancia Brasileira de Intelig\u00eancia) apontam 46 homic\u00eddios na terra Sarar\u00e9 de 2022 a 2024.<\/p>\n<p>&nbsp;<\/p>\n<p>&#8220;Os grupos atuam com elevado poder b\u00e9lico, utilizando armamentos pesados e de uso restrito, como fuzis&#8221;, cita um relat\u00f3rio da Funai, assinado pela presidente do \u00f3rg\u00e3o, Joenia Wapichana, com refer\u00eancia a dados da Abin. &#8220;Somente no garimpo do Cururu, estima-se que existiriam cerca de dez fuzis.&#8221; A montagem de seguran\u00e7a armada tem estrutura an\u00e1loga a mil\u00edcias, conforme o documento.<\/p>\n<p>&nbsp;<\/p>\n<p>Tanto o documento da Funai (de outubro do ano passado) quanto uma decis\u00e3o da Justi\u00e7a Federal (de dezembro) apontam a falta de um plano para expuls\u00e3o definitiva dos invasores da terra Sarar\u00e9, mesmo com a forte presen\u00e7a e influ\u00eancia de uma fac\u00e7\u00e3o criminosa.<\/p>\n<p>&nbsp;<\/p>\n<p>Em nota, a Casa Civil da Presid\u00eancia e o Minist\u00e9rio dos Povos Ind\u00edgenas afirmaram que existe prote\u00e7\u00e3o do territ\u00f3rio por parte do governo e que a \u00faltima opera\u00e7\u00e3o feita na \u00e1rea foi uma a\u00e7\u00e3o de desintrus\u00e3o.<\/p>\n<p>&nbsp;<\/p>\n<p>&#8220;O governo do Brasil atua para garantir a prote\u00e7\u00e3o territorial e a defesa dos povos ind\u00edgenas na terra Sarar\u00e9, realizando constantemente a\u00e7\u00f5es de fiscaliza\u00e7\u00e3o e prote\u00e7\u00e3o por meio dos seus minist\u00e9rios e \u00f3rg\u00e3os federais&#8221;, disse a Casa Civil.<\/p>\n<p>&nbsp;<\/p>\n<p>Segundo o Minist\u00e9rio dos Povos Ind\u00edgenas, a opera\u00e7\u00e3o mais recente, liderada pelo Ibama (Instituto Brasileiro do Meio Ambiente e dos Recursos Naturais Renov\u00e1veis), resultou na destrui\u00e7\u00e3o ou apreens\u00e3o de 650 acampamentos, 170 escavadeiras, 500 motores de garimpo e 90 mil litros de combust\u00edvel, um preju\u00edzo de R$ 177 milh\u00f5es aos criminosos. &#8220;A a\u00e7\u00e3o se soma \u00e0s atividades cont\u00ednuas de prote\u00e7\u00e3o territorial realizadas pela Funai desde 2021.&#8221;<\/p>\n<p>&nbsp;<\/p>\n<p>O territ\u00f3rio \u00e9 margeado por uma rodovia, e n\u00e3o est\u00e1 numa regi\u00e3o isolada. Do ponto de vista log\u00edstico, pode ser acessado em pouco tempo a partir de Pontes e Lacerda, que fica a 50 km.<\/p>\n<p>&nbsp;<\/p>\n<p>A Justi\u00e7a constatou que o plano de desintrus\u00e3o n\u00e3o havia sido elaborado at\u00e9 novembro e que a Uni\u00e3o ficou &#8220;silente e inerte&#8221; em rela\u00e7\u00e3o \u00e0 expuls\u00e3o dos invasores. Uma decis\u00e3o de janeiro de 2022 j\u00e1 determinava a prote\u00e7\u00e3o do territ\u00f3rio.<\/p>\n<p>&nbsp;<\/p>\n<p>O governo federal, conforme a Justi\u00e7a, n\u00e3o deu prioridade \u00e0 crise instalada na \u00e1rea, com falhas relacionadas a seguran\u00e7a p\u00fablica, numa &#8220;omiss\u00e3o grave&#8221; em raz\u00e3o do avan\u00e7o da presen\u00e7a de fac\u00e7\u00e3o criminosa.<\/p>\n<p>&nbsp;<\/p>\n<p>A Justi\u00e7a determinou a apresenta\u00e7\u00e3o de um plano detalhado de desintrus\u00e3o, num prazo de 45 dias. A coordena\u00e7\u00e3o do plano deve ser feita pelo Minist\u00e9rio dos Povos Ind\u00edgenas, conforme a decis\u00e3o.<\/p>\n<p>&nbsp;<\/p>\n<p>Na Funai, a avalia\u00e7\u00e3o \u00e9 de que a\u00e7\u00f5es espor\u00e1dicas -como a mais recente, conduzida pelo Ibama de agosto a outubro- t\u00eam sido insuficientes para garantir prote\u00e7\u00e3o a ind\u00edgenas e servidores ao t\u00e9rmino dessas opera\u00e7\u00f5es. Faltam planejamento e perman\u00eancia de for\u00e7as de seguran\u00e7a, segundo os t\u00e9cnicos.<\/p>\n<p>&nbsp;<\/p>\n<p>A reportagem da<strong>\u00a0Folha de S.Paulo<\/strong>\u00a0esteve na terra Sarar\u00e9 no fim de 2023. Na reportagem publicada em dezembro daquele no, j\u00e1 constava a informa\u00e7\u00e3o sobre a presen\u00e7a do Comando Vermelho no territ\u00f3rio.<\/p>\n<p>&nbsp;<\/p>\n<p>Espa\u00e7os s\u00e3o controlados e loteados por detentores da log\u00edstica do ouro, e ind\u00edgenas e servidores j\u00e1 apontavam a atua\u00e7\u00e3o da fac\u00e7\u00e3o criminosa em 2023, inclusive com fuzis.<\/p>\n<p>&nbsp;<\/p>\n<p>O documento elaborado pela presidente da Funai em outubro de 2025 detalha o enraizamento da viol\u00eancia na terra Sarar\u00e9 e os impactos disso a servidores e aos cerca de 250 nambikwaras que vivem no territ\u00f3rio.<\/p>\n<p>&nbsp;<\/p>\n<p>&#8220;A falta de planejamento para o ciclo operacional subsequente \u00e9 motivo de grande preocupa\u00e7\u00e3o da Funai&#8221;, disse Joenia, no of\u00edcio direcionado \u00e0 Casa Civil. Ela faz refer\u00eancia a a\u00e7\u00f5es de fiscaliza\u00e7\u00e3o e combate ao garimpo, como a mais recente, a cargo do Ibama.<\/p>\n<p>&nbsp;<\/p>\n<p>Segundo a presidente da Funai, o caso \u00e9 grave e demanda um &#8220;arranjo interinstitucional&#8221;, com atua\u00e7\u00e3o de \u00f3rg\u00e3os de seguran\u00e7a p\u00fablica.<\/p>\n<p>&nbsp;<\/p>\n<p>&#8220;A situa\u00e7\u00e3o se agrava ao passo que o retorno gradual de garimpeiros ao territ\u00f3rio tende a intensificar as tens\u00f5es entre os grupos de vigil\u00e2ncia e seguran\u00e7a de fac\u00e7\u00f5es criminosas e organiza\u00e7\u00f5es criminosas an\u00e1logas a mil\u00edcias, por conta de eventuais disputas territoriais&#8221;, afirma Joenia no documento.<\/p>\n<\/div>\n<\/div>\n<\/section>\n","protected":false},"excerpt":{"rendered":"<p>Dados da Ag\u00eancia Brasileira de Intelig\u00eancia (Abin) apontam 46 homic\u00eddios no local de 2022 a<\/p>\n","protected":false},"author":2,"featured_media":75077,"comment_status":"open","ping_status":"open","sticky":false,"template":"","format":"standard","meta":{"footnotes":""},"categories":[13,8],"tags":[2094],"aioseo_notices":[],"_links":{"self":[{"href":"https:\/\/portalnewsgta.com.br\/index.php\/wp-json\/wp\/v2\/posts\/75076"}],"collection":[{"href":"https:\/\/portalnewsgta.com.br\/index.php\/wp-json\/wp\/v2\/posts"}],"about":[{"href":"https:\/\/portalnewsgta.com.br\/index.php\/wp-json\/wp\/v2\/types\/post"}],"author":[{"embeddable":true,"href":"https:\/\/portalnewsgta.com.br\/index.php\/wp-json\/wp\/v2\/users\/2"}],"replies":[{"embeddable":true,"href":"https:\/\/portalnewsgta.com.br\/index.php\/wp-json\/wp\/v2\/comments?post=75076"}],"version-history":[{"count":1,"href":"https:\/\/portalnewsgta.com.br\/index.php\/wp-json\/wp\/v2\/posts\/75076\/revisions"}],"predecessor-version":[{"id":75078,"href":"https:\/\/portalnewsgta.com.br\/index.php\/wp-json\/wp\/v2\/posts\/75076\/revisions\/75078"}],"wp:featuredmedia":[{"embeddable":true,"href":"https:\/\/portalnewsgta.com.br\/index.php\/wp-json\/wp\/v2\/media\/75077"}],"wp:attachment":[{"href":"https:\/\/portalnewsgta.com.br\/index.php\/wp-json\/wp\/v2\/media?parent=75076"}],"wp:term":[{"taxonomy":"category","embeddable":true,"href":"https:\/\/portalnewsgta.com.br\/index.php\/wp-json\/wp\/v2\/categories?post=75076"},{"taxonomy":"post_tag","embeddable":true,"href":"https:\/\/portalnewsgta.com.br\/index.php\/wp-json\/wp\/v2\/tags?post=75076"}],"curies":[{"name":"wp","href":"https:\/\/api.w.org\/{rel}","templated":true}]}}