{"id":74917,"date":"2026-01-07T11:34:52","date_gmt":"2026-01-07T14:34:52","guid":{"rendered":"https:\/\/portalnewsgta.com.br\/?p=74917"},"modified":"2026-01-07T11:34:52","modified_gmt":"2026-01-07T14:34:52","slug":"alta-floresta-menor-e-apreendido-por-uso-ilicito-de-drogas-no-bairro-jardim-das-flores","status":"publish","type":"post","link":"https:\/\/portalnewsgta.com.br\/index.php\/2026\/01\/07\/alta-floresta-menor-e-apreendido-por-uso-ilicito-de-drogas-no-bairro-jardim-das-flores\/","title":{"rendered":"Alta Floresta: menor \u00e9 apreendido por uso il\u00edcito de drogas no bairro Jardim das Flores"},"content":{"rendered":"<p data-start=\"96\" data-end=\"390\">Um adolescente de 16 anos foi apreendido pela Pol\u00edcia Militar por uso il\u00edcito de drogas na tarde de ontem, ter\u00e7a-feira (6), no bairro Jardim das Flores, em Alta Floresta. A ocorr\u00eancia foi registrada por volta das 17h20 durante rondas de rotina realizadas por uma guarni\u00e7\u00e3o do 8\u00ba Batalh\u00e3o da PM.<\/p>\n<p data-start=\"392\" data-end=\"711\">De acordo com o boletim de ocorr\u00eancia, os policiais trafegavam pela rua Fortaleza quando avistaram o menor caminhando pela via e perceberam um volume suspeito sob o short que ele vestia. Diante da situa\u00e7\u00e3o, foi realizada a abordagem. Em revista pessoal inicial, nada de il\u00edcito foi encontrado nos bolsos do adolescente.<\/p>\n<p data-start=\"713\" data-end=\"1036\">Na sequ\u00eancia, os policiais solicitaram que o menor retirasse o objeto que estava sob a roupa, sendo constatado tratar-se de um porta-\u00f3culos. No interior do acess\u00f3rio havia uma por\u00e7\u00e3o m\u00e9dia de subst\u00e2ncia an\u00e1loga \u00e0 maconha. Questionado, o adolescente afirmou que a droga era de sua propriedade e que faz uso de entorpecentes.<\/p>\n<p data-start=\"1038\" data-end=\"1266\">Ap\u00f3s o flagrante, a guarni\u00e7\u00e3o se deslocou at\u00e9 a resid\u00eancia da m\u00e3e do menor, que n\u00e3o se encontrava no local. O tio do adolescente foi informado sobre os fatos. Posteriormente, o menor foi conduzido ao Copom, sem o uso de algemas.<\/p>\n<p data-start=\"1268\" data-end=\"1543\" data-is-last-node=\"\" data-is-only-node=\"\">Durante a confec\u00e7\u00e3o do boletim de ocorr\u00eancia, o pai do adolescente compareceu \u00e0 unidade policial e acompanhou todos os procedimentos. Em seguida, o menor foi encaminhado \u00e0 Delegacia de Pol\u00edcia para as provid\u00eancias cab\u00edveis. Segundo a PM, ele n\u00e3o apresentava les\u00f5es corporais.<\/p>\n","protected":false},"excerpt":{"rendered":"<p>Um adolescente de 16 anos foi apreendido pela Pol\u00edcia Militar por uso il\u00edcito de drogas<\/p>\n","protected":false},"author":2,"featured_media":74918,"comment_status":"open","ping_status":"open","sticky":false,"template":"","format":"standard","meta":{"footnotes":""},"categories":[13,8],"tags":[],"aioseo_notices":[],"_links":{"self":[{"href":"https:\/\/portalnewsgta.com.br\/index.php\/wp-json\/wp\/v2\/posts\/74917"}],"collection":[{"href":"https:\/\/portalnewsgta.com.br\/index.php\/wp-json\/wp\/v2\/posts"}],"about":[{"href":"https:\/\/portalnewsgta.com.br\/index.php\/wp-json\/wp\/v2\/types\/post"}],"author":[{"embeddable":true,"href":"https:\/\/portalnewsgta.com.br\/index.php\/wp-json\/wp\/v2\/users\/2"}],"replies":[{"embeddable":true,"href":"https:\/\/portalnewsgta.com.br\/index.php\/wp-json\/wp\/v2\/comments?post=74917"}],"version-history":[{"count":1,"href":"https:\/\/portalnewsgta.com.br\/index.php\/wp-json\/wp\/v2\/posts\/74917\/revisions"}],"predecessor-version":[{"id":74919,"href":"https:\/\/portalnewsgta.com.br\/index.php\/wp-json\/wp\/v2\/posts\/74917\/revisions\/74919"}],"wp:featuredmedia":[{"embeddable":true,"href":"https:\/\/portalnewsgta.com.br\/index.php\/wp-json\/wp\/v2\/media\/74918"}],"wp:attachment":[{"href":"https:\/\/portalnewsgta.com.br\/index.php\/wp-json\/wp\/v2\/media?parent=74917"}],"wp:term":[{"taxonomy":"category","embeddable":true,"href":"https:\/\/portalnewsgta.com.br\/index.php\/wp-json\/wp\/v2\/categories?post=74917"},{"taxonomy":"post_tag","embeddable":true,"href":"https:\/\/portalnewsgta.com.br\/index.php\/wp-json\/wp\/v2\/tags?post=74917"}],"curies":[{"name":"wp","href":"https:\/\/api.w.org\/{rel}","templated":true}]}}