{"id":74897,"date":"2026-01-07T11:24:42","date_gmt":"2026-01-07T14:24:42","guid":{"rendered":"https:\/\/portalnewsgta.com.br\/?p=74897"},"modified":"2026-01-07T11:24:42","modified_gmt":"2026-01-07T14:24:42","slug":"prefeitura-de-colider-investe-em-uniformes-e-materiais-escolares-para-o-ano-letivo","status":"publish","type":"post","link":"https:\/\/portalnewsgta.com.br\/index.php\/2026\/01\/07\/prefeitura-de-colider-investe-em-uniformes-e-materiais-escolares-para-o-ano-letivo\/","title":{"rendered":"Prefeitura de Col\u00edder investe em uniformes e materiais escolares para o ano letivo"},"content":{"rendered":"<p>Por: Assessoria<\/p>\n<div class=\"article-custom-view_content\" data-v-70493042=\"\">\n<figure class=\"mb-2\" data-v-70493042=\"\"><figcaption class=\"text-body-2 font-weight-bold grey--text text--darken-2\" data-v-70493042=\"\">Foto por: Reprodu\u00e7\u00e3o<\/figcaption><\/figure>\n<div class=\"ck-content font-weight-medium mb-4\" data-v-70493042=\"\">\n<p>A Prefeitura de Col\u00edder inicia o ano de 2026 com um investimento recorde na \u00e1rea educacional. Em an\u00fancio oficial, o prefeito Rodrigo Benassi confirmou nesta ter\u00e7a-feira (6.1) que o munic\u00edpio realizar\u00e1 em janeiro a maior distribui\u00e7\u00e3o de uniformes e materiais escolares j\u00e1 registrada na hist\u00f3ria da cidade. A iniciativa visa desonerar o or\u00e7amento das fam\u00edlias e garantir igualdade de condi\u00e7\u00f5es no aprendizado.<\/p>\n<p>A a\u00e7\u00e3o abrange todos os estudantes da rede municipal de ensino. Conforme Benassi, o kit de materiais \u00e9 robusto, incluindo itens como estojo, cadernos, l\u00e1pis de cor, canetas, tinta guache, r\u00e9gua e canetinhas. \u201cOs pais n\u00e3o precisar\u00e3o arcar com custos de papelaria, com exce\u00e7\u00e3o da mochila, que n\u00e3o integra o pacote neste primeiro momento\u201d, comenta o prefeito.<\/p>\n<p>&#8220;Iniciamos este ano com grande dedica\u00e7\u00e3o \u00e0 nossa popula\u00e7\u00e3o, com foco na maior entrega de melhorias na educa\u00e7\u00e3o da hist\u00f3ria do munic\u00edpio&#8221;, afirma Benassi. Segundo o gestor, o foco \u00e9 o cuidado com as pessoas e o compromisso com o futuro das crian\u00e7as. &#8220;N\u00e3o haver\u00e1 necessidade de adquirir nenhum item, pois todo o material ser\u00e1 fornecido&#8221;, reitera.<\/p>\n<p>UNIFORMES E CAL\u00c7ADOS<\/p>\n<p>Al\u00e9m do material pedag\u00f3gico, a prefeitura entregar\u00e1 dois conjuntos de uniformes (camiseta e bermuda) e um par de t\u00eanis para cada aluno. \u201cA nossa gest\u00e3o teve a preocupa\u00e7\u00e3o de adaptar os cal\u00e7ados conforme a faixa et\u00e1ria: modelos com cadar\u00e7o para os alunos maiores e com velcro para os menores, facilitando a autonomia das crian\u00e7as\u201d, cita o prefeito Benassi.<\/p>\n<p>Os professores tamb\u00e9m ser\u00e3o contemplados com materiais de apoio. &#8220;Os profissionais da educa\u00e7\u00e3o s\u00e3o pe\u00e7as fundamentais e tamb\u00e9m receber\u00e3o os insumos necess\u00e1rios para o trabalho em sala de aula&#8221;, destaca o secret\u00e1rio municipal de Educa\u00e7\u00e3o, Adriano Camilo de Oliveira.<\/p>\n<figure class=\"image\"><img decoding=\"async\" src=\"https:\/\/admin.nortaoonline.com\/upload\/9\/37370\/695e5543400b8b5c9f.jpg\" \/><\/figure>\n<p>MELHORES MARCAS<\/p>\n<p>Al\u00e9m da quantidade recorde de itens, a gest\u00e3o municipal priorizou a durabilidade e a efici\u00eancia do material pedag\u00f3gico que ser\u00e1 entregue aos estudantes. O prefeito Rodrigo Benassi ressalta que a escolha dos produtos priorizou marcas de refer\u00eancia no mercado, como forma de valorizar o aluno e garantir que o material resista a todo o ano letivo.<\/p>\n<p>&#8220;Fizemos quest\u00e3o de adquirir produtos das melhores marcas, como os l\u00e1pis de cor da Faber-Castell, pois entendemos que a qualidade do material influencia diretamente no entusiasmo e no desempenho escolar da crian\u00e7a&#8221;, afirma Benassi.<\/p>\n<p>Para Benassi, o investimento em marcas reconhecidas n\u00e3o \u00e9 um luxo, mas uma estrat\u00e9gia de economia a longo prazo, evitando a necessidade de reposi\u00e7\u00f5es constantes por quebras ou baixa qualidade e assegurando dignidade no processo de aprendizagem para todos os alunos da rede.<\/p>\n<p>ANO LETIVO<\/p>\n<p>A Secretaria Municipal de Educa\u00e7\u00e3o j\u00e1 retomou as atividades administrativas e o atendimento ao p\u00fablico na \u00faltima segunda-feira, dia 5. O planejamento visa organizar a log\u00edstica de distribui\u00e7\u00e3o antes do retorno dos estudantes \u00e0s salas.<\/p>\n<p>Adriano refor\u00e7a a prontid\u00e3o da pasta para o novo ciclo. &#8220;Estamos com as equipes mobilizadas e as unidades escolares preparadas para receber nossos alunos com toda a estrutura necess\u00e1ria no in\u00edcio do m\u00eas que vem&#8221;, pontua o secret\u00e1rio.<\/p>\n<figure class=\"image\"><img decoding=\"async\" src=\"https:\/\/admin.nortaoonline.com\/upload\/9\/37370\/695e55576b6a3c9941.jpg\" \/><\/figure>\n<p>Com aproximadamente 3,8 mil alunos matriculados, a rede municipal de ensino de Col\u00edder prepara-se para retomar as aulas no dia 2 de fevereiro, seguindo o cronograma oficial da gest\u00e3o do prefeito Rodrigo Benassi.<\/p>\n<figure class=\"image\"><img decoding=\"async\" src=\"https:\/\/admin.nortaoonline.com\/upload\/9\/37370\/695e5580651e479e26.jpg\" \/><\/figure>\n<figure class=\"image\"><img decoding=\"async\" src=\"https:\/\/admin.nortaoonline.com\/upload\/9\/37370\/695e5580480160f6f8.jpg\" \/><\/figure>\n<\/div>\n<\/div>\n<div class=\"banner-widget banner-widget--col\" data-v-70493042=\"\">\n<div><\/div>\n<\/div>\n","protected":false},"excerpt":{"rendered":"<p>Por: Assessoria Foto por: Reprodu\u00e7\u00e3o A Prefeitura de Col\u00edder inicia o ano de 2026 com<\/p>\n","protected":false},"author":2,"featured_media":74898,"comment_status":"open","ping_status":"open","sticky":false,"template":"","format":"standard","meta":{"footnotes":""},"categories":[7,13],"tags":[],"aioseo_notices":[],"_links":{"self":[{"href":"https:\/\/portalnewsgta.com.br\/index.php\/wp-json\/wp\/v2\/posts\/74897"}],"collection":[{"href":"https:\/\/portalnewsgta.com.br\/index.php\/wp-json\/wp\/v2\/posts"}],"about":[{"href":"https:\/\/portalnewsgta.com.br\/index.php\/wp-json\/wp\/v2\/types\/post"}],"author":[{"embeddable":true,"href":"https:\/\/portalnewsgta.com.br\/index.php\/wp-json\/wp\/v2\/users\/2"}],"replies":[{"embeddable":true,"href":"https:\/\/portalnewsgta.com.br\/index.php\/wp-json\/wp\/v2\/comments?post=74897"}],"version-history":[{"count":1,"href":"https:\/\/portalnewsgta.com.br\/index.php\/wp-json\/wp\/v2\/posts\/74897\/revisions"}],"predecessor-version":[{"id":74899,"href":"https:\/\/portalnewsgta.com.br\/index.php\/wp-json\/wp\/v2\/posts\/74897\/revisions\/74899"}],"wp:featuredmedia":[{"embeddable":true,"href":"https:\/\/portalnewsgta.com.br\/index.php\/wp-json\/wp\/v2\/media\/74898"}],"wp:attachment":[{"href":"https:\/\/portalnewsgta.com.br\/index.php\/wp-json\/wp\/v2\/media?parent=74897"}],"wp:term":[{"taxonomy":"category","embeddable":true,"href":"https:\/\/portalnewsgta.com.br\/index.php\/wp-json\/wp\/v2\/categories?post=74897"},{"taxonomy":"post_tag","embeddable":true,"href":"https:\/\/portalnewsgta.com.br\/index.php\/wp-json\/wp\/v2\/tags?post=74897"}],"curies":[{"name":"wp","href":"https:\/\/api.w.org\/{rel}","templated":true}]}}