{"id":72681,"date":"2025-12-11T08:29:31","date_gmt":"2025-12-11T11:29:31","guid":{"rendered":"https:\/\/portalnewsgta.com.br\/?p=72681"},"modified":"2025-12-11T08:29:31","modified_gmt":"2025-12-11T11:29:31","slug":"flavio-bolsonaro-da-recado-direto-ao-mercado-ao-tentar-se-descolar-do-pai-dizem-analistas","status":"publish","type":"post","link":"https:\/\/portalnewsgta.com.br\/index.php\/2025\/12\/11\/flavio-bolsonaro-da-recado-direto-ao-mercado-ao-tentar-se-descolar-do-pai-dizem-analistas\/","title":{"rendered":"Fl\u00e1vio Bolsonaro d\u00e1 recado &#8216;direto&#8217; ao mercado ao tentar se descolar do pai, dizem analistas"},"content":{"rendered":"<p class=\"credito-1\">Carlos Moura\/Ag\u00eancia Senado<\/p>\n<p><span class=\"img-conteudo pull-left\"><a href=\"https:\/\/www.gazetadigital.com.br\/storage\/webdisco\/2025\/12\/10\/1200x900\/1ae27db32722e4842f6b1880a2708b55.jpg\" data-fancybox=\"gallery\" data-caption=\"Carlos Moura\/Ag\u00eancia Senado - 3.12.2025\"><img decoding=\"async\" src=\"https:\/\/www.gazetadigital.com.br\/storage\/webdisco\/2025\/12\/10\/431x285\/1ae27db32722e4842f6b1880a2708b55.jpg\" alt=\"Carlos Moura\/Ag\u00eancia Senado - 3.12.2025\" \/><\/a><\/span><\/p>\n<p class=\"img-conteudo-desc\">\n<p><img decoding=\"async\" class=\"pull-left img-responsive\" src=\"https:\/\/www.gazetadigital.com.br\/storage\/webdisco\/2018\/09\/11\/120x80\/f304b94f4631171ec9b90cb3819249b2.jpg\" alt=\"\" \/><\/p>\n<div id=\"text-content\" class=\"mb20\">\n<p>A declara\u00e7\u00e3o do senador e pr\u00e9-candidato \u00e0 Presid\u00eancia Fl\u00e1vio Bolsonaro de que pretende dar continuidade, na \u00e1rea econ\u00f4mica, ao que foi feito pelo ex-ministro Paulo Guedes foi interpretada por analistas como um movimento calculado para reposicionar sua imagem pol\u00edtica e acalmar o mercado financeiro.<\/p>\n<p>&nbsp;<\/p>\n<p>Afinal, o mesmo mercado reagiu com desconfian\u00e7a ao an\u00fancio de sua pr\u00e9-candidatura \u00e0 Presid\u00eancia da Rep\u00fablica.<\/p>\n<p>&nbsp;<\/p>\n<p>Segundo o cientista pol\u00edtico M\u00e1rcio Coimbra, CEO da Casa Pol\u00edtica, ao citar Paulo Guedes, Fl\u00e1vio enviou um recado \u201cdireto e urgente\u201d ao mercado, p\u00fablico que tem demonstrado resist\u00eancia ao seu nome.<\/p>\n<p>&nbsp;<\/p>\n<p>\u201cAo fazer essa associa\u00e7\u00e3o, o senador busca imediatamente transmitir uma imagem de confiabilidade fiscal e previsibilidade a setores-chave, especialmente o mercado financeiro, que exige disciplina nas contas p\u00fablicas e reformas estruturais\u201d, afirmou.<\/p>\n<p>&nbsp;<\/p>\n<p>Coimbra avalia que o movimento visa legitimar sua postula\u00e7\u00e3o ao herdar a bandeira do liberalismo econ\u00f4mico, representada por Guedes, o que inclui a defesa da responsabilidade fiscal e da redu\u00e7\u00e3o da m\u00e1quina estatal.<\/p>\n<p>&nbsp;<\/p>\n<p>\u201c\u00c9 um recado direto ao mercado e, simultaneamente, parte de uma estrat\u00e9gia mais ampla de posicionamento eleitoral\u201d, apontou o especialista.<\/p>\n<p>&nbsp;<\/p>\n<p><strong>Discurso que atende os liberais<\/strong><br \/>\nEleitoralmente, a evoca\u00e7\u00e3o ao \u201clegado Guedes\u201d tamb\u00e9m mira os liberais que rejeitam interven\u00e7\u00f5es estatais e valorizam a responsabilidade fiscal.<\/p>\n<p>&nbsp;<\/p>\n<p>\u201cO compromisso com o liberalismo ajuda a consolidar o apoio de uma base de eleitores e grupos de interesse (setor produtivo, empresariado, classe m\u00e9dia alta) que valorizam a efici\u00eancia do mercado e s\u00e3o avessos ao intervencionismo estatal\u201d, explica Coimbra.<\/p>\n<p>&nbsp;<\/p>\n<p>Para o cientista pol\u00edtico, o movimento tamb\u00e9m funciona como uma tentativa de distanciamento da condu\u00e7\u00e3o econ\u00f4mica do ex-presidente Jair Bolsonaro, marcada por epis\u00f3dios de expans\u00e3o de gastos e pr\u00e1ticas consideradas patrimonialistas por parte do mercado.<\/p>\n<p>&nbsp;<\/p>\n<p>Ao se apoiar na figura de Paulo Guedes, Fl\u00e1vio procura refor\u00e7ar a ideia de que uma eventual gest\u00e3o sua estaria alinhada \u00e0 agenda de austeridade e liberalismo, reduzindo ru\u00eddos associados ao governo do pai.<\/p>\n<p>&nbsp;<\/p>\n<p><strong>Resgate de pilares centrais<\/strong><br \/>\nO economista C\u00e9sar Bergo, professor de mercado financeiro da UnB (Universidade de Bras\u00edlia), avalia que a estrat\u00e9gia de Fl\u00e1vio dialoga diretamente com o mercado ao resgatar pilares centrais da pol\u00edtica econ\u00f4mica conduzida por Guedes.<\/p>\n<p>&nbsp;<\/p>\n<p>Isso significa a defesa de um Estado menor, a tentativa de avan\u00e7ar privatiza\u00e7\u00f5es, a resist\u00eancia ao aumento de tributos e a concentra\u00e7\u00e3o de decis\u00f5es fiscais no Minist\u00e9rio da Economia.<\/p>\n<p>&nbsp;<\/p>\n<p>Ele destacou que mencionar Guedes ativa uma mem\u00f3ria de agenda liberal que, na vis\u00e3o de parte dos investidores, contrasta com o cen\u00e1rio atual de expans\u00e3o de gastos e eleva\u00e7\u00e3o de impostos.<\/p>\n<p>&nbsp;<\/p>\n<p>O professor tamb\u00e9m destaca que houve entraves importantes durante aquele per\u00edodo, como o fortalecimento do Congresso na disputa pelo or\u00e7amento e medidas criticadas pelo mercado, entre elas o adiamento do pagamento de precat\u00f3rios.<\/p>\n<p>&nbsp;<\/p>\n<p><strong>Mercado ainda digere Fl\u00e1vio<\/strong><br \/>\nAli\u00e1s, esse \u00faltimo ponto, segundo Bergo, pode reabrir d\u00favidas sobre o compromisso real de uma eventual gest\u00e3o de Fl\u00e1vio em evitar pr\u00e1ticas que adiem obriga\u00e7\u00f5es fiscais. No entanto, o especialista assegura que o senador n\u00e3o \u00e9 visto como um nome competitivo para 2026.<\/p>\n<p>&nbsp;<\/p>\n<p>Para ele, o mercado pode gostar da agenda, mas n\u00e3o necessariamente do candidato.<\/p>\n<p>&nbsp;<\/p>\n<p>\u201cO mercado ainda n\u00e3o digeriu a escolha do Fl\u00e1vio. Ele \u00e9 considerado muito fraco para concorrer. [&#8230;] Enquanto essa percep\u00e7\u00e3o permanecer, o mercado vai ficar nessa volatilidade, nessa incerteza a que n\u00f3s estamos assistindo.\u201d<\/p>\n<\/div>\n","protected":false},"excerpt":{"rendered":"<p>Carlos Moura\/Ag\u00eancia Senado A declara\u00e7\u00e3o do senador e pr\u00e9-candidato \u00e0 Presid\u00eancia Fl\u00e1vio Bolsonaro de que<\/p>\n","protected":false},"author":2,"featured_media":72682,"comment_status":"open","ping_status":"open","sticky":false,"template":"","format":"standard","meta":{"footnotes":""},"categories":[13,2],"tags":[1978],"aioseo_notices":[],"_links":{"self":[{"href":"https:\/\/portalnewsgta.com.br\/index.php\/wp-json\/wp\/v2\/posts\/72681"}],"collection":[{"href":"https:\/\/portalnewsgta.com.br\/index.php\/wp-json\/wp\/v2\/posts"}],"about":[{"href":"https:\/\/portalnewsgta.com.br\/index.php\/wp-json\/wp\/v2\/types\/post"}],"author":[{"embeddable":true,"href":"https:\/\/portalnewsgta.com.br\/index.php\/wp-json\/wp\/v2\/users\/2"}],"replies":[{"embeddable":true,"href":"https:\/\/portalnewsgta.com.br\/index.php\/wp-json\/wp\/v2\/comments?post=72681"}],"version-history":[{"count":1,"href":"https:\/\/portalnewsgta.com.br\/index.php\/wp-json\/wp\/v2\/posts\/72681\/revisions"}],"predecessor-version":[{"id":72683,"href":"https:\/\/portalnewsgta.com.br\/index.php\/wp-json\/wp\/v2\/posts\/72681\/revisions\/72683"}],"wp:featuredmedia":[{"embeddable":true,"href":"https:\/\/portalnewsgta.com.br\/index.php\/wp-json\/wp\/v2\/media\/72682"}],"wp:attachment":[{"href":"https:\/\/portalnewsgta.com.br\/index.php\/wp-json\/wp\/v2\/media?parent=72681"}],"wp:term":[{"taxonomy":"category","embeddable":true,"href":"https:\/\/portalnewsgta.com.br\/index.php\/wp-json\/wp\/v2\/categories?post=72681"},{"taxonomy":"post_tag","embeddable":true,"href":"https:\/\/portalnewsgta.com.br\/index.php\/wp-json\/wp\/v2\/tags?post=72681"}],"curies":[{"name":"wp","href":"https:\/\/api.w.org\/{rel}","templated":true}]}}