{"id":72675,"date":"2025-12-11T08:26:58","date_gmt":"2025-12-11T11:26:58","guid":{"rendered":"https:\/\/portalnewsgta.com.br\/?p=72675"},"modified":"2025-12-11T08:26:58","modified_gmt":"2025-12-11T11:26:58","slug":"liderancas-divergem-sobre-indicacao-de-filho-de-bolsonaro-a-presidencia","status":"publish","type":"post","link":"https:\/\/portalnewsgta.com.br\/index.php\/2025\/12\/11\/liderancas-divergem-sobre-indicacao-de-filho-de-bolsonaro-a-presidencia\/","title":{"rendered":"Lideran\u00e7as divergem sobre indica\u00e7\u00e3o de filho de Bolsonaro \u00e0 presid\u00eancia"},"content":{"rendered":"<div class=\"col-xs-12 col-sm-12 col-md-12 col-lg-12 mb10\">\n<div class=\"row\">\n<div class=\"col-xs-12 col-sm-12 col-md-12 col-lg-12 mb15\">\n<div class=\"row\">\n<div class=\"col-xs-12 col-sm-11 col-md-11 col-lg-11 autorer\"><span class=\"autores_fontes_nome\">Fred Moraes e Allan Mesquita<\/span><\/p>\n<p class=\"autores_fontes_email\">redacao@gazetadigital.com.br<\/p>\n<\/div>\n<\/div>\n<\/div>\n<\/div>\n<\/div>\n<div class=\"col-xs-12 col-sm-12 col-md-12 col-lg-12 mb30\">\n<p class=\"credito-1\">Reprodu\u00e7\u00e3o\/ GD<\/p>\n<p><span class=\"img-conteudo pull-left\"><a href=\"https:\/\/www.gazetadigital.com.br\/storage\/webdisco\/2025\/12\/10\/1200x900\/119527a5c10676a3cd70c6060a77a29b.jpg\" data-fancybox=\"gallery\" data-caption=\"Reprodu\u00e7\u00e3o\/ GD \"><img decoding=\"async\" src=\"https:\/\/www.gazetadigital.com.br\/storage\/webdisco\/2025\/12\/10\/431x285\/119527a5c10676a3cd70c6060a77a29b.jpg\" alt=\"Reprodu\u00e7\u00e3o\/ GD \" \/><\/a><\/span><\/p>\n<p class=\"img-conteudo-desc\">\n<div id=\"text-content\" class=\"mb20\">\n<p>A oficializa\u00e7\u00e3o do nome do senador Fl\u00e1vio Bolsonaro (PL-RJ) como pr\u00e9-candidato \u00e0 presid\u00eancia da Rep\u00fablica, anunciada no fim de semana pelo ex-presidente Jair Bolsonaro, gerou rea\u00e7\u00f5es variadas entre lideran\u00e7as pol\u00edticas de Mato Grosso. O movimento, que surpreendeu parte da direita e contrariou expectativas de uma candidatura mais ampla, desencadeou an\u00e1lises distintas sobre o impacto da escolha.<\/p>\n<p>&nbsp;<\/p>\n<p>Deputados estaduais de Mato Grosso divergiram quanto ao nome do filho de Bolsonaro para enfrentar Lula no ano que vem.<\/p>\n<p>&nbsp;<\/p>\n<p>Na presid\u00eancia da Assembleia Legislativa de Mato Grosso, o deputado Max Russi (PSB) adotou uma vis\u00e3o mais pragm\u00e1tica. Ele classificou Fl\u00e1vio como um nome relevante e acredita que a candidatura pode ganhar for\u00e7a dentro da direita.<\/p>\n<p>&nbsp;<\/p>\n<p>\u201c\u00c9 um candidato da direita, uma candidatura importante. Eu acreditava que seria outra pessoa pelo PL, mas \u00e9 um nome forte. O PL \u00e9 um partido estruturado em Mato Grosso e essa candidatura tende a vir robusta\u201d, avalia.<\/p>\n<p>&nbsp;<\/p>\n<p>O deputado J\u00falio Campos (Uni\u00e3o Brasil) reconheceu que a decis\u00e3o provocou um \u201csacolejo\u201d no tabuleiro nacional. Para ele, apesar de Fl\u00e1vio ser um pol\u00edtico \u201cequilibrado\u201d, sua falta de capilaridade nacional pode dificultar a consolida\u00e7\u00e3o da pr\u00e9-candidatura.<\/p>\n<p>&nbsp;<\/p>\n<p>\u201cHouve um sacolejo no fim de semana, com a defini\u00e7\u00e3o do presidente Bolsonaro de que o seu candidato ser\u00e1 seu filho Fl\u00e1vio Bolsonaro. Ele \u00e9 equilibrado, mas n\u00e3o tem resson\u00e2ncia nacional. A direita esperava que o escolhido fosse Tarc\u00edsio de Freitas. Havia consenso entre PL, Republicanos, Uni\u00e3o Brasil e Podemos para uma grande frente\u201d, pondera.<\/p>\n<p>&nbsp;<\/p>\n<p>J\u00falio considera poss\u00edvel que a indica\u00e7\u00e3o seja, neste momento, uma carta de negocia\u00e7\u00e3o do PL e do grupo bolsonarista.<\/p>\n<p>\u201cTalvez seja uma candidatura provis\u00f3ria para fazer negocia\u00e7\u00f5es. Mas ainda \u00e9 cedo. Vamos aguardar.\u201d<\/p>\n<p>&nbsp;<\/p>\n<p>Na oposi\u00e7\u00e3o, o deputado estadual L\u00fadio Cabral (PT) avalia o an\u00fancio como uma manobra pol\u00edtica do n\u00facleo bolsonarista para influenciar vota\u00e7\u00f5es no Congresso.<\/p>\n<p>&nbsp;<\/p>\n<p>\u201cAs movimenta\u00e7\u00f5es da extrema-direita s\u00e3o ruins e nocivas \u00e0 democracia. O lan\u00e7amento da pr\u00e9-candidatura do Fl\u00e1vio Bolsonaro \u00e9 uma chantagem do cl\u00e3 Bolsonaro ao Centr\u00e3o para aprovar a dosimetria e a anistia\u201d, diz.<\/p>\n<\/div>\n<\/div>\n","protected":false},"excerpt":{"rendered":"<p>Fred Moraes e Allan Mesquita redacao@gazetadigital.com.br Reprodu\u00e7\u00e3o\/ GD A oficializa\u00e7\u00e3o do nome do senador Fl\u00e1vio<\/p>\n","protected":false},"author":2,"featured_media":72676,"comment_status":"open","ping_status":"open","sticky":false,"template":"","format":"standard","meta":{"footnotes":""},"categories":[13,2],"tags":[1976],"aioseo_notices":[],"_links":{"self":[{"href":"https:\/\/portalnewsgta.com.br\/index.php\/wp-json\/wp\/v2\/posts\/72675"}],"collection":[{"href":"https:\/\/portalnewsgta.com.br\/index.php\/wp-json\/wp\/v2\/posts"}],"about":[{"href":"https:\/\/portalnewsgta.com.br\/index.php\/wp-json\/wp\/v2\/types\/post"}],"author":[{"embeddable":true,"href":"https:\/\/portalnewsgta.com.br\/index.php\/wp-json\/wp\/v2\/users\/2"}],"replies":[{"embeddable":true,"href":"https:\/\/portalnewsgta.com.br\/index.php\/wp-json\/wp\/v2\/comments?post=72675"}],"version-history":[{"count":1,"href":"https:\/\/portalnewsgta.com.br\/index.php\/wp-json\/wp\/v2\/posts\/72675\/revisions"}],"predecessor-version":[{"id":72677,"href":"https:\/\/portalnewsgta.com.br\/index.php\/wp-json\/wp\/v2\/posts\/72675\/revisions\/72677"}],"wp:featuredmedia":[{"embeddable":true,"href":"https:\/\/portalnewsgta.com.br\/index.php\/wp-json\/wp\/v2\/media\/72676"}],"wp:attachment":[{"href":"https:\/\/portalnewsgta.com.br\/index.php\/wp-json\/wp\/v2\/media?parent=72675"}],"wp:term":[{"taxonomy":"category","embeddable":true,"href":"https:\/\/portalnewsgta.com.br\/index.php\/wp-json\/wp\/v2\/categories?post=72675"},{"taxonomy":"post_tag","embeddable":true,"href":"https:\/\/portalnewsgta.com.br\/index.php\/wp-json\/wp\/v2\/tags?post=72675"}],"curies":[{"name":"wp","href":"https:\/\/api.w.org\/{rel}","templated":true}]}}