{"id":72450,"date":"2025-12-09T10:22:45","date_gmt":"2025-12-09T13:22:45","guid":{"rendered":"https:\/\/portalnewsgta.com.br\/?p=72450"},"modified":"2025-12-09T10:22:45","modified_gmt":"2025-12-09T13:22:45","slug":"botelho-defende-uniao-e-diz-que-pivetta-nao-deve-buscar-outro-grupo","status":"publish","type":"post","link":"https:\/\/portalnewsgta.com.br\/index.php\/2025\/12\/09\/botelho-defende-uniao-e-diz-que-pivetta-nao-deve-buscar-outro-grupo\/","title":{"rendered":"Botelho defende uni\u00e3o e diz que Pivetta n\u00e3o deve buscar outro grupo"},"content":{"rendered":"<section class=\"FullLine\">\n<div class=\"conteudo\">\n<h3>Para ele, Pivetta deve focar em construir unidade no grupo de Mendes e n\u00e3o tentar agradar o PL<\/h3>\n<\/div>\n<\/section>\n<section>\n<div class=\"FullLine\">\n<div class=\"conteudo_foto\">\n<div class=\"imgcontent\">\n<p class=\"credito_foto\">Yasmin Silva\/MidiaNews<\/p>\n<p><a href=\"https:\/\/www.midianews.com.br\/\/storage\/webdisco\/2025\/10\/16\/886x590\/badb081b1259c3a9699420d7f9bee118.jpg\" rel=\"lightbox\" data-title=\"O deputado estadual Eduardo Botelho disse que o Uni\u00e3o Brasil ser\u00e1 \"><img loading=\"lazy\" decoding=\"async\" id=\"img_conteudo\" class=\"img-responsive\" src=\"https:\/\/www.midianews.com.br\/\/storage\/webdisco\/2025\/10\/16\/438x291\/badb081b1259c3a9699420d7f9bee118.jpg\" alt=\"O deputado estadual Eduardo Botelho disse que o Uni\u00e3o Brasil ser\u00e1 \" width=\"438\" height=\"292\" border=\"0\" \/><\/a><\/p>\n<p class=\"descricao_foto\">O deputado estadual Eduardo Botelho disse que o Uni\u00e3o Brasil ser\u00e1 &#8220;carro-chefe&#8221; na elei\u00e7\u00e3o<\/p>\n<\/div>\n<\/div>\n<div class=\"Font14Bold\">VIT\u00d3RIA GOMES<br \/>\nDA REDA\u00c7\u00c3O<\/div>\n<div id=\"texto\" class=\"texto\">\n<p>O deputado estadual Eduardo Botelho (Uni\u00e3o) afirmou que o vice-governador Otaviano Pivetta (Republicanos) deveria concentrar sua articula\u00e7\u00e3o pol\u00edtica dentro do pr\u00f3prio grupo, evitando buscar apoio em setores que n\u00e3o o reconhecem como aliado.<\/p>\n<p>&nbsp;<\/p>\n<div class=\"quote-wrapper right\">\n<div class=\"quote-img-wrapper right\"><img decoding=\"async\" class=\"quote-img right\" src=\"https:\/\/www.midianews.com.br\/images\/aspas_right.gif\" \/><\/div>\n<h2 class=\"quote-content\">Eu disse para o vice-governador: \u2018Governador, cuida do seu grupo. Esquece de ficar procurando um grupo que n\u00e3o \u00e9 seu\u2019<\/h2>\n<\/div>\n<p>A declara\u00e7\u00e3o foi feita ap\u00f3s o senador Wellington Fagundes receber o aval do presidente nacial do PL, Valdemar Costa Neto, para disputar o Governo do Estado em 2026. O movimento que ocorreu mesmo depois do ex-presidente Jair Bolsonaro sinalizar apoio ao grupo do governador Mauro Mendes, que lan\u00e7ar\u00e1 Pivetta ao Pal\u00e1cio Paiagu\u00e1s.<\/p>\n<p>&nbsp;<\/p>\n<p>\u201cDesde quando come\u00e7aram essas articula\u00e7\u00f5es, eu disse para o vice-governador: \u2018Governador, cuida do seu grupo. Esquece de ficar procurando um grupo que n\u00e3o \u00e9 seu\u2019\u201d, afirmou.<\/p>\n<p>&nbsp;<\/p>\n<p>Botelho declarou que orientava Pivetta a manter o foco na base que lhe d\u00e1 sustenta\u00e7\u00e3o. Ele afirmou que Wellington Fagundes e o segmento que o acompanha representam a extrema-direita, perfil que, na avalia\u00e7\u00e3o do deputado, n\u00e3o corresponde ao do vice-governador.<\/p>\n<div id=\"taboola-mid-article-thumbnails\" class=\"trc_related_container tbl-trecs-container trc_spotlight_widget trc_elastic trc_elastic_alternating-thumbnails-a-mid-article\" data-placement-name=\"Mid Article Thumbnails\">\n<div class=\"trc_rbox_container\">\n<div>\n<div id=\"trc_wrapper_734197205\" class=\"trc_rbox alternating-thumbnails-a-mid-article trc-content-hybrid\">\n<div id=\"trc_header_734197205\" class=\"trc_rbox_header trc_rbox_border_elm\">\n<div class=\"trc_header_ext\"><\/div>\n<\/div>\n<\/div>\n<\/div>\n<\/div>\n<\/div>\n<p>\u201cDizia: \u2018Voc\u00ea n\u00e3o \u00e9 da extrema-direita. Esse grupo do Wellington, dessa turma a\u00ed, \u00e9 extrema-direita. Voc\u00ea n\u00e3o \u00e9 disso, ent\u00e3o tenta agradar esse grupo\u2019\u201d, disse.<\/p>\n<p>&nbsp;<\/p>\n<p>Para Botelho, o Uni\u00e3o Brasil deve se consolidar como eixo central do projeto governista, evitando dispers\u00e3o. Ele afirmou que o grupo tem condi\u00e7\u00f5es de construir um nome competitivo para a disputa estadual.<\/p>\n<p>&nbsp;<\/p>\n<p>O deputado afirmou que Pivetta deveria conversar com o senador Jayme Campos, que quer ser o candidato a Governo do grupo de Mendes, para ambos entrem em um consenso. Segundo ele, dessa forma o grupo vai evitar rachas e fortalecer a chapa para 2026.<\/p>\n<p>&nbsp;<\/p>\n<p>\u201cEu entendo que n\u00f3s temos que trabalhar um candidato s\u00f3 desse grupo e ficar junto nesse grupo, em vez dele [Pivetta] ficar mandando lembran\u00e7as para quem n\u00e3o conhece\u201d, disse.<\/p>\n<p>&nbsp;<\/p>\n<p>\u201cN\u00f3s temos que trabalhar com esse grupo nosso, que \u00e9 a Uni\u00e3o Brasil. O Uni\u00e3o \u00e9 o carro-chefe de tudo isso. Ent\u00e3o vamos tentar trabalhar esse grupo para ficar unido.\u201d<\/p>\n<\/div>\n<\/div>\n<\/section>\n","protected":false},"excerpt":{"rendered":"<p>Para ele, Pivetta deve focar em construir unidade no grupo de Mendes e n\u00e3o tentar<\/p>\n","protected":false},"author":2,"featured_media":72451,"comment_status":"open","ping_status":"open","sticky":false,"template":"","format":"standard","meta":{"footnotes":""},"categories":[13,2],"tags":[1053],"aioseo_notices":[],"_links":{"self":[{"href":"https:\/\/portalnewsgta.com.br\/index.php\/wp-json\/wp\/v2\/posts\/72450"}],"collection":[{"href":"https:\/\/portalnewsgta.com.br\/index.php\/wp-json\/wp\/v2\/posts"}],"about":[{"href":"https:\/\/portalnewsgta.com.br\/index.php\/wp-json\/wp\/v2\/types\/post"}],"author":[{"embeddable":true,"href":"https:\/\/portalnewsgta.com.br\/index.php\/wp-json\/wp\/v2\/users\/2"}],"replies":[{"embeddable":true,"href":"https:\/\/portalnewsgta.com.br\/index.php\/wp-json\/wp\/v2\/comments?post=72450"}],"version-history":[{"count":1,"href":"https:\/\/portalnewsgta.com.br\/index.php\/wp-json\/wp\/v2\/posts\/72450\/revisions"}],"predecessor-version":[{"id":72452,"href":"https:\/\/portalnewsgta.com.br\/index.php\/wp-json\/wp\/v2\/posts\/72450\/revisions\/72452"}],"wp:featuredmedia":[{"embeddable":true,"href":"https:\/\/portalnewsgta.com.br\/index.php\/wp-json\/wp\/v2\/media\/72451"}],"wp:attachment":[{"href":"https:\/\/portalnewsgta.com.br\/index.php\/wp-json\/wp\/v2\/media?parent=72450"}],"wp:term":[{"taxonomy":"category","embeddable":true,"href":"https:\/\/portalnewsgta.com.br\/index.php\/wp-json\/wp\/v2\/categories?post=72450"},{"taxonomy":"post_tag","embeddable":true,"href":"https:\/\/portalnewsgta.com.br\/index.php\/wp-json\/wp\/v2\/tags?post=72450"}],"curies":[{"name":"wp","href":"https:\/\/api.w.org\/{rel}","templated":true}]}}