{"id":72447,"date":"2025-12-09T10:21:32","date_gmt":"2025-12-09T13:21:32","guid":{"rendered":"https:\/\/portalnewsgta.com.br\/?p=72447"},"modified":"2025-12-09T10:21:32","modified_gmt":"2025-12-09T13:21:32","slug":"jayme-critica-decisao-de-gilmar-e-ve-poder-excessivo-no-stf","status":"publish","type":"post","link":"https:\/\/portalnewsgta.com.br\/index.php\/2025\/12\/09\/jayme-critica-decisao-de-gilmar-e-ve-poder-excessivo-no-stf\/","title":{"rendered":"Jayme critica decis\u00e3o de Gilmar e v\u00ea poder excessivo no STF"},"content":{"rendered":"<section class=\"FullLine\">\n<div class=\"conteudo\">\n<h3>Ministro mudou o rito para pedidos de impeachment contra membros do Supremo Tribunal Federal<\/h3>\n<\/div>\n<\/section>\n<section>\n<div class=\"FullLine\">\n<div class=\"conteudo_foto\">\n<div class=\"imgcontent\">\n<p class=\"credito_foto\">Edilson Rodrigues\/Ag\u00eancia Senado<\/p>\n<p><a href=\"https:\/\/www.midianews.com.br\/\/storage\/webdisco\/2025\/11\/24\/886x590\/9d8ee2e1777a5d1f9a839ef08e3e4a33.jpg\" rel=\"lightbox\" data-title=\"O senador Jayme Campos disse que o ministro feriu a harmonia entre os Poderes\"><img loading=\"lazy\" decoding=\"async\" id=\"img_conteudo\" class=\"img-responsive\" src=\"https:\/\/www.midianews.com.br\/\/storage\/webdisco\/2025\/11\/24\/438x291\/9d8ee2e1777a5d1f9a839ef08e3e4a33.jpg\" alt=\"O senador Jayme Campos disse que o ministro feriu a harmonia entre os Poderes\" width=\"438\" height=\"292\" border=\"0\" \/><\/a><\/p>\n<p class=\"descricao_foto\">O senador Jayme Campos disse que o ministro feriu a harmonia entre os Poderes<\/p>\n<\/div>\n<\/div>\n<div class=\"Font14Bold\">VIT\u00d3RIA GOMES<br \/>\nDA REDA\u00c7\u00c3O<\/div>\n<div id=\"texto\" class=\"texto\">\n<p>O senador Jayme Campos (Uni\u00e3o) fez duras cr\u00edticas ao Supremo Tribunal Federal ap\u00f3s a decis\u00e3o do ministro Gilmar Mendes que mudou o rito para pedidos de impeachment contra integrantes da Corte.<\/p>\n<p>&nbsp;<\/p>\n<div class=\"quote-wrapper right\">\n<div class=\"quote-img-wrapper right\"><img decoding=\"async\" class=\"quote-img right\" src=\"https:\/\/www.midianews.com.br\/images\/aspas_right.gif\" \/><\/div>\n<h2 class=\"quote-content\">O Supremo Tribunal Federal errou desta vez. N\u00f3s precisamos fazer alguma coisa em defesa daquilo que \u00e9 legal<\/h2>\n<\/div>\n<p>A medida estabeleceu que somente o procurador-geral da Rep\u00fablica pode apresentar den\u00fancias desse tipo, retirando a possibilidade de qualquer cidad\u00e3o protocolar pedidos, al\u00e9m de aumentar o qu\u00f3rum no Senado para abertura do processo, que passou de maioria simples para dois ter\u00e7os dos senadores.<\/p>\n<p>&nbsp;<\/p>\n<p>\u201cO Supremo Tribunal Federal errou desta vez. N\u00f3s precisamos fazer alguma coisa em defesa daquilo que \u00e9 legal, ou seja, daquilo que \u00e9 constitucional, e aqui \u00e9 a Casa revisora desse pa\u00eds\u201d, afirmou Jayme.<\/p>\n<p>&nbsp;<\/p>\n<p>\u201cNunca nos 200 anos da exist\u00eancia do Supremo Tribunal Federal existiu o que est\u00e1 ocorrendo hoje, nessa atual conjuntura, das decis\u00f5es monocr\u00e1ticas\u201d, disse.<\/p>\n<div id=\"taboola-mid-article-thumbnails\" class=\"trc_related_container tbl-trecs-container trc_spotlight_widget trc_elastic trc_elastic_alternating-thumbnails-a-mid-article\" data-placement-name=\"Mid Article Thumbnails\">\n<div class=\"trc_rbox_container\">\n<div>\n<div id=\"trc_wrapper_535174784\" class=\"trc_rbox alternating-thumbnails-a-mid-article trc-content-hybrid\">\n<div id=\"trc_header_535174784\" class=\"trc_rbox_header trc_rbox_border_elm\">\n<div class=\"trc_header_ext\"><\/div>\n<\/div>\n<\/div>\n<\/div>\n<\/div>\n<\/div>\n<p>&nbsp;<\/p>\n<p>A decis\u00e3o de Gilmar gerou forte rea\u00e7\u00e3o no Senado porque os senadores dizem que ela \u201cblinda\u201d os ministros, j\u00e1 que restringe quem pode denunciar e torna muito mais dif\u00edcil iniciar um processo de impeachment.<\/p>\n<p>Jayme argumentou dizendo que a decis\u00e3o de Gilmar Mendes ultrapassa limites e fere a harmonia entre os Poderes.<\/p>\n<p>&nbsp;<\/p>\n<p>\u201cN\u00e3o podemos, em hip\u00f3tese alguma, n\u00f3s que fomos eleitos pelo povo, aceitar essa supremacia do Supremo Tribunal Federal em todos os setores da vida desse pa\u00eds. Chama-se usurpa\u00e7\u00e3o de poder\u201d, completou.<\/p>\n<p>Ele tamb\u00e9m afirmou que a decis\u00e3o precisa ser enfrentada pelo Senado. Jayme pontuou que a postura do STF exp\u00f5e o Parlamento e amea\u00e7a sua rela\u00e7\u00e3o com a sociedade.<\/p>\n<p>&nbsp;<\/p>\n<p>\u201cSe ele [Gilmar] nunca errou na vida dele, ele errou hoje.Vossa Excel\u00eancia tenha autoridade e o apoio dos 80 senadores para que essa Casa fa\u00e7a algo\u201d, disse.<\/p>\n<p>&nbsp;<\/p>\n<p>\u201cEu me sinto at\u00e9 muitas vezes envergonhado, sob pena de n\u00f3s n\u00e3o podermos andar nas ruas ou fazer um enfrentamento com a sociedade, de n\u00f3s perdermos aquilo que certamente \u00e9 o papel do senador da Rep\u00fablica\u201d, afirmou.<\/p>\n<p>\u201cEu acho que os Poderes t\u00eam que atuar de forma harm\u00f4nica, respeitosa, com altivez, cada um fazendo o seu papel. Mas nunca nenhum Poder pode achar que \u00e9 melhor do que o outro\u201d.<\/p>\n<\/div>\n<\/div>\n<\/section>\n","protected":false},"excerpt":{"rendered":"<p>Ministro mudou o rito para pedidos de impeachment contra membros do Supremo Tribunal Federal Edilson<\/p>\n","protected":false},"author":2,"featured_media":72448,"comment_status":"open","ping_status":"open","sticky":false,"template":"","format":"standard","meta":{"footnotes":""},"categories":[13,2],"tags":[1964],"aioseo_notices":[],"_links":{"self":[{"href":"https:\/\/portalnewsgta.com.br\/index.php\/wp-json\/wp\/v2\/posts\/72447"}],"collection":[{"href":"https:\/\/portalnewsgta.com.br\/index.php\/wp-json\/wp\/v2\/posts"}],"about":[{"href":"https:\/\/portalnewsgta.com.br\/index.php\/wp-json\/wp\/v2\/types\/post"}],"author":[{"embeddable":true,"href":"https:\/\/portalnewsgta.com.br\/index.php\/wp-json\/wp\/v2\/users\/2"}],"replies":[{"embeddable":true,"href":"https:\/\/portalnewsgta.com.br\/index.php\/wp-json\/wp\/v2\/comments?post=72447"}],"version-history":[{"count":1,"href":"https:\/\/portalnewsgta.com.br\/index.php\/wp-json\/wp\/v2\/posts\/72447\/revisions"}],"predecessor-version":[{"id":72449,"href":"https:\/\/portalnewsgta.com.br\/index.php\/wp-json\/wp\/v2\/posts\/72447\/revisions\/72449"}],"wp:featuredmedia":[{"embeddable":true,"href":"https:\/\/portalnewsgta.com.br\/index.php\/wp-json\/wp\/v2\/media\/72448"}],"wp:attachment":[{"href":"https:\/\/portalnewsgta.com.br\/index.php\/wp-json\/wp\/v2\/media?parent=72447"}],"wp:term":[{"taxonomy":"category","embeddable":true,"href":"https:\/\/portalnewsgta.com.br\/index.php\/wp-json\/wp\/v2\/categories?post=72447"},{"taxonomy":"post_tag","embeddable":true,"href":"https:\/\/portalnewsgta.com.br\/index.php\/wp-json\/wp\/v2\/tags?post=72447"}],"curies":[{"name":"wp","href":"https:\/\/api.w.org\/{rel}","templated":true}]}}