{"id":72423,"date":"2025-12-09T10:07:34","date_gmt":"2025-12-09T13:07:34","guid":{"rendered":"https:\/\/portalnewsgta.com.br\/?p=72423"},"modified":"2025-12-09T10:07:34","modified_gmt":"2025-12-09T13:07:34","slug":"sistema-fiemt-lanca-qualifica-colider-e-oficializa-nova-unidade-do-senai-mt-no-municipio","status":"publish","type":"post","link":"https:\/\/portalnewsgta.com.br\/index.php\/2025\/12\/09\/sistema-fiemt-lanca-qualifica-colider-e-oficializa-nova-unidade-do-senai-mt-no-municipio\/","title":{"rendered":"Sistema Fiemt lan\u00e7a Qualifica Col\u00edder e oficializa nova unidade do Senai MT no munic\u00edpio"},"content":{"rendered":"<div class=\"font-weight-bold grey--text text--darken-2\" data-v-70493042=\"\">Por: Assessoria<\/div>\n<div data-v-70493042=\"\">\n<figure class=\"mb-2\" data-v-70493042=\"\"><figcaption class=\"text-body-2 font-weight-bold grey--text text--darken-2\" data-v-70493042=\"\">Foto por: Reprodu\u00e7\u00e3o<\/figcaption><\/figure>\n<div class=\"ck-content font-weight-medium mb-4\" data-v-70493042=\"\">\n<p>O presidente do Sistema Fiemt, Silvio Rangel, esteve em Col\u00edder neste s\u00e1bado (06), para o lan\u00e7amento de duas a\u00e7\u00f5es estrat\u00e9gicas para o desenvolvimento produtivo e social do munic\u00edpio: o lan\u00e7amento do Qualifica Col\u00edder e a assinatura da inten\u00e7\u00e3o para a implanta\u00e7\u00e3o da unidade do Senai MT.<\/p>\n<p>O Qualifica Col\u00edder passa a ofertar 51 turmas, 1.020 vagas e 223.360 horas profissionais, tornando-se o maior programa municipal de qualifica\u00e7\u00e3o do Estado, com impacto direto para 1.020 pessoas. O presidente do Sistema Fiemt, Silvio Rangel, destacou a import\u00e2ncia de trazer o programa para o munic\u00edpio.<\/p>\n<p>\u201cCol\u00edder vive um momento decisivo. O Qualifica prepara pessoas para ocupar novas vagas e empreender com autonomia, enquanto a implanta\u00e7\u00e3o do Senai consolida a cidade como polo de tecnologia e forma\u00e7\u00e3o industrial. A Fiemt tem compromisso com o desenvolvimento regional, com a interioriza\u00e7\u00e3o e com a gera\u00e7\u00e3o de emprego de verdade. Estamos aqui para construir oportunidades, entregar resultados e caminhar junto com o munic\u00edpio neste novo ciclo\u201d, explicou.<\/p>\n<p>A a\u00e7\u00e3o inclui o dashboard do Observat\u00f3rio da Ind\u00fastria, Feira de Emprego, pesquisa de egressos, kits did\u00e1ticos e equipe t\u00e9cnica especializada, gerando indicadores reais para inser\u00e7\u00e3o profissional e crescimento produtivo do munic\u00edpio.<\/p>\n<p>O prefeito de Col\u00edder, Rodrigo Luiz Benassi, agradeceu a parceria com o Sistema Fiemt nessa nova fase para o desenvolvimento que impacta toda a regi\u00e3o.<\/p>\n<p>\u201cO Qualifica Col\u00edder \u00e9 um marco para a nossa gente. Estamos falando de oportunidade real de trabalho, de gente preparada e de futuro. Col\u00edder cresce, se organiza, atrai investimentos e, com essa parceria com o Sistema Fiemt, passa a ter m\u00e3o de obra qualificada para o que vem pela frente. Essa \u00e9 uma virada necess\u00e1ria para o nosso desenvolvimento\u201d, destacou.<\/p>\n<p><strong>Implanta\u00e7\u00e3o da unidade Senai Col\u00edder: infraestrutura completa e forma\u00e7\u00e3o t\u00e9cnica cont\u00ednua<\/strong><\/p>\n<p><img decoding=\"async\" src=\"https:\/\/cms.fiemt.ind.br\/arquivos\/fiemt\/images\/conteudos\/img-destaque\/Agenda%20em%20Colider%20(1).jpeg\" alt=\"a\" \/><\/p>\n<p><i>Sistema Fiemt firmou parceria com a Prefeitura de Col\u00edder<\/i><\/p>\n<p>A futura unidade do Senai MT em Col\u00edder ter\u00e1 investimento estimado de R$ 11,3 milh\u00f5es, sendo R$ 7,2 milh\u00f5es em obra civil e R$ 4 milh\u00f5es em equipamentos, metodologia, mobili\u00e1rio e implanta\u00e7\u00e3o operacional.<\/p>\n<p>A estrutura ser\u00e1 composta por seis salas de aula, dois laborat\u00f3rios de inform\u00e1tica, um laborat\u00f3rio de alimentos, um laborat\u00f3rio de comandos el\u00e9tricos e um laborat\u00f3rio de mec\u00e2nica de manuten\u00e7\u00e3o industrial com sistemaspneum\u00e1ticos e hidr\u00e1ulicos, al\u00e9m de recep\u00e7\u00e3o e \u00e1rea de conviv\u00eancia, com capacidade simult\u00e2nea para 184 alunos.<\/p>\n<p>Emocionado, o ex-prefeito e atual diretor da Fiemt, Celso Banazeski, relembrou o caminho para a chegada da unidade do Senai MT ao munic\u00edpio.<\/p>\n<p>\u201cVer o Senai chegar a Col\u00edder \u00e9 emocionante. Lutamos, planejamos e acreditamos que a educa\u00e7\u00e3o profissional transforma a vida das pessoas e melhora nossa economia. Hoje \u00e9 um dia hist\u00f3rico, porque abrimos caminho para que nossos jovens e trabalhadores tenham acesso ao que h\u00e1 de mais moderno em forma\u00e7\u00e3o para a ind\u00fastria\u201d, afirmou.<\/p>\n<p>Tamb\u00e9m participaram da solenidade o vice-presidente da Fiemt,Vilson Volkeis e a superintendente da Fiemt e IEL, Fernanda Campos.<\/p>\n<\/div>\n<\/div>\n","protected":false},"excerpt":{"rendered":"<p>Por: Assessoria Foto por: Reprodu\u00e7\u00e3o O presidente do Sistema Fiemt, Silvio Rangel, esteve em Col\u00edder<\/p>\n","protected":false},"author":2,"featured_media":72424,"comment_status":"open","ping_status":"open","sticky":false,"template":"","format":"standard","meta":{"footnotes":""},"categories":[7,13],"tags":[],"aioseo_notices":[],"_links":{"self":[{"href":"https:\/\/portalnewsgta.com.br\/index.php\/wp-json\/wp\/v2\/posts\/72423"}],"collection":[{"href":"https:\/\/portalnewsgta.com.br\/index.php\/wp-json\/wp\/v2\/posts"}],"about":[{"href":"https:\/\/portalnewsgta.com.br\/index.php\/wp-json\/wp\/v2\/types\/post"}],"author":[{"embeddable":true,"href":"https:\/\/portalnewsgta.com.br\/index.php\/wp-json\/wp\/v2\/users\/2"}],"replies":[{"embeddable":true,"href":"https:\/\/portalnewsgta.com.br\/index.php\/wp-json\/wp\/v2\/comments?post=72423"}],"version-history":[{"count":1,"href":"https:\/\/portalnewsgta.com.br\/index.php\/wp-json\/wp\/v2\/posts\/72423\/revisions"}],"predecessor-version":[{"id":72425,"href":"https:\/\/portalnewsgta.com.br\/index.php\/wp-json\/wp\/v2\/posts\/72423\/revisions\/72425"}],"wp:featuredmedia":[{"embeddable":true,"href":"https:\/\/portalnewsgta.com.br\/index.php\/wp-json\/wp\/v2\/media\/72424"}],"wp:attachment":[{"href":"https:\/\/portalnewsgta.com.br\/index.php\/wp-json\/wp\/v2\/media?parent=72423"}],"wp:term":[{"taxonomy":"category","embeddable":true,"href":"https:\/\/portalnewsgta.com.br\/index.php\/wp-json\/wp\/v2\/categories?post=72423"},{"taxonomy":"post_tag","embeddable":true,"href":"https:\/\/portalnewsgta.com.br\/index.php\/wp-json\/wp\/v2\/tags?post=72423"}],"curies":[{"name":"wp","href":"https:\/\/api.w.org\/{rel}","templated":true}]}}