{"id":72420,"date":"2025-12-09T10:06:22","date_gmt":"2025-12-09T13:06:22","guid":{"rendered":"https:\/\/portalnewsgta.com.br\/?p=72420"},"modified":"2025-12-09T10:06:22","modified_gmt":"2025-12-09T13:06:22","slug":"prefeitura-de-carlinda-publica-processo-seletivo-para-acs-e-ace-com-oito-vagas-disponiveis","status":"publish","type":"post","link":"https:\/\/portalnewsgta.com.br\/index.php\/2025\/12\/09\/prefeitura-de-carlinda-publica-processo-seletivo-para-acs-e-ace-com-oito-vagas-disponiveis\/","title":{"rendered":"Prefeitura de Carlinda publica processo seletivo para ACS e ACE com oito vagas dispon\u00edveis"},"content":{"rendered":"<p data-start=\"98\" data-end=\"510\">A Prefeitura de Carlinda, no norte de Mato Grosso, divulgou o edital n\u00ba 003\/2025 do processo seletivo simplificado destinado ao preenchimento de oito vagas nas fun\u00e7\u00f5es de\u00a0<strong data-start=\"269\" data-end=\"306\">Agente Comunit\u00e1rio de Sa\u00fade (ACS)<\/strong>\u00a0e\u00a0<strong data-start=\"309\" data-end=\"347\">Agente de Combate a Endemias (ACE)<\/strong>. A sele\u00e7\u00e3o oferece oportunidades para candidatos com\u00a0<strong data-start=\"401\" data-end=\"426\">ensino m\u00e9dio completo<\/strong>\u00a0e tem contrata\u00e7\u00e3o por tempo determinado para atender demandas da Sa\u00fade Comunit\u00e1ria.<\/p>\n<p data-start=\"512\" data-end=\"817\">As fun\u00e7\u00f5es possuem\u00a0<strong data-start=\"531\" data-end=\"563\">jornada de 40 horas semanais<\/strong>\u00a0e remunera\u00e7\u00e3o mensal de\u00a0<strong data-start=\"588\" data-end=\"603\">R$ 3.036,00<\/strong>. O v\u00ednculo seguir\u00e1 o regime administrativo tempor\u00e1rio, com inclus\u00e3o ao\u00a0<strong data-start=\"675\" data-end=\"720\">Regime Geral de Previd\u00eancia Social (INSS)<\/strong>. No caso espec\u00edfico da vaga de ACS, \u00e9 exigido que o candidato\u00a0<strong data-start=\"783\" data-end=\"816\">resida na \u00e1rea onde ir\u00e1 atuar<\/strong>.<\/p>\n<h3 data-start=\"819\" data-end=\"852\">Provas acontecem em fevereiro<\/h3>\n<p data-start=\"854\" data-end=\"1165\">A sele\u00e7\u00e3o ser\u00e1 realizada em\u00a0<strong data-start=\"882\" data-end=\"897\">etapa \u00fanica<\/strong>, composta por\u00a0<strong data-start=\"912\" data-end=\"930\">prova objetiva<\/strong>\u00a0(eliminat\u00f3ria e classificat\u00f3ria) e prova\u00a0<strong data-start=\"972\" data-end=\"986\">descritiva<\/strong>. Os exames est\u00e3o marcados para o dia\u00a0<strong data-start=\"1024\" data-end=\"1051\">1\u00ba de fevereiro de 2026<\/strong>, das\u00a0<strong data-start=\"1057\" data-end=\"1070\">8h \u00e0s 12h<\/strong>, na\u00a0<strong data-start=\"1075\" data-end=\"1111\">Escola Municipal Manoel Bandeira<\/strong>, localizada na Rua das Maravilhas, s\/n\u00b0, em Carlinda.<\/p>\n<p data-start=\"1167\" data-end=\"1494\">A prova objetiva contar\u00e1 com\u00a0<strong data-start=\"1196\" data-end=\"1211\">40 quest\u00f5es<\/strong>\u00a0de l\u00edngua portuguesa, matem\u00e1tica e conhecimentos gerais. J\u00e1 a parte descritiva cobrar\u00e1\u00a0<strong data-start=\"1299\" data-end=\"1329\">cinco quest\u00f5es discursivas<\/strong>\u00a0sobre conte\u00fados espec\u00edficos da fun\u00e7\u00e3o desejada. Para ser aprovado, o candidato n\u00e3o pode zerar nenhuma das duas etapas e deve atingir, no m\u00ednimo,\u00a0<strong data-start=\"1475\" data-end=\"1493\">50% de acertos<\/strong>.<\/p>\n<h3 data-start=\"1496\" data-end=\"1544\"><strong>Inscri\u00e7\u00f5es presenciais em dezembro e janeiro<\/strong><\/h3>\n<p data-start=\"1546\" data-end=\"1746\">Os interessados poder\u00e3o se inscrever\u00a0<strong data-start=\"1583\" data-end=\"1602\">presencialmente<\/strong>\u00a0na\u00a0<strong data-start=\"1606\" data-end=\"1639\">Secretaria Municipal de Sa\u00fade<\/strong>, situada na Rua das Paineiras, no Centro de Carlinda. O atendimento ser\u00e1 realizado nos seguintes per\u00edodos:<\/p>\n<ul data-start=\"1748\" data-end=\"1852\">\n<li data-start=\"1748\" data-end=\"1783\">\n<p data-start=\"1750\" data-end=\"1783\"><strong data-start=\"1750\" data-end=\"1781\">15 a 19 de dezembro de 2025<\/strong><\/p>\n<\/li>\n<li data-start=\"1784\" data-end=\"1819\">\n<p data-start=\"1786\" data-end=\"1819\"><strong data-start=\"1786\" data-end=\"1817\">22 a 29 de dezembro de 2025<\/strong><\/p>\n<\/li>\n<li data-start=\"1820\" data-end=\"1852\">\n<p data-start=\"1822\" data-end=\"1852\"><strong data-start=\"1822\" data-end=\"1852\">05 e 06 de janeiro de 2026<\/strong><\/p>\n<\/li>\n<\/ul>\n<p data-start=\"1854\" data-end=\"1942\">O hor\u00e1rio de atendimento aos candidatos ser\u00e1 das\u00a0<strong data-start=\"1903\" data-end=\"1918\">8h \u00e0s 10h30<\/strong>\u00a0e das\u00a0<strong data-start=\"1925\" data-end=\"1941\">13h30 \u00e0s 16h<\/strong>.<\/p>\n<p data-start=\"1944\" data-end=\"2142\" data-is-last-node=\"\" data-is-only-node=\"\">O edital completo est\u00e1 dispon\u00edvel no\u00a0<a href=\"https:\/\/amm.diariomunicipal.org\/publicacao\/1734926\/\" target=\"_blank\" rel=\"noopener\"><strong data-start=\"1981\" data-end=\"2006\">Jornal Oficial AMM-MT<\/strong><\/a>. D\u00favidas sobre o processo seletivo podem ser encaminhadas ao e-mail\u00a0<strong data-start=\"2075\" data-end=\"2103\"><a class=\"decorated-link cursor-pointer\" rel=\"noopener\" data-start=\"2077\" data-end=\"2101\">saude@carlinda.mt.gov.br<\/a><\/strong>, ap\u00f3s a leitura integral do documento.<\/p>\n","protected":false},"excerpt":{"rendered":"<p>A Prefeitura de Carlinda, no norte de Mato Grosso, divulgou o edital n\u00ba 003\/2025 do<\/p>\n","protected":false},"author":2,"featured_media":72421,"comment_status":"open","ping_status":"open","sticky":false,"template":"","format":"standard","meta":{"footnotes":""},"categories":[7,13],"tags":[],"aioseo_notices":[],"_links":{"self":[{"href":"https:\/\/portalnewsgta.com.br\/index.php\/wp-json\/wp\/v2\/posts\/72420"}],"collection":[{"href":"https:\/\/portalnewsgta.com.br\/index.php\/wp-json\/wp\/v2\/posts"}],"about":[{"href":"https:\/\/portalnewsgta.com.br\/index.php\/wp-json\/wp\/v2\/types\/post"}],"author":[{"embeddable":true,"href":"https:\/\/portalnewsgta.com.br\/index.php\/wp-json\/wp\/v2\/users\/2"}],"replies":[{"embeddable":true,"href":"https:\/\/portalnewsgta.com.br\/index.php\/wp-json\/wp\/v2\/comments?post=72420"}],"version-history":[{"count":1,"href":"https:\/\/portalnewsgta.com.br\/index.php\/wp-json\/wp\/v2\/posts\/72420\/revisions"}],"predecessor-version":[{"id":72422,"href":"https:\/\/portalnewsgta.com.br\/index.php\/wp-json\/wp\/v2\/posts\/72420\/revisions\/72422"}],"wp:featuredmedia":[{"embeddable":true,"href":"https:\/\/portalnewsgta.com.br\/index.php\/wp-json\/wp\/v2\/media\/72421"}],"wp:attachment":[{"href":"https:\/\/portalnewsgta.com.br\/index.php\/wp-json\/wp\/v2\/media?parent=72420"}],"wp:term":[{"taxonomy":"category","embeddable":true,"href":"https:\/\/portalnewsgta.com.br\/index.php\/wp-json\/wp\/v2\/categories?post=72420"},{"taxonomy":"post_tag","embeddable":true,"href":"https:\/\/portalnewsgta.com.br\/index.php\/wp-json\/wp\/v2\/tags?post=72420"}],"curies":[{"name":"wp","href":"https:\/\/api.w.org\/{rel}","templated":true}]}}