{"id":72417,"date":"2025-12-09T10:05:31","date_gmt":"2025-12-09T13:05:31","guid":{"rendered":"https:\/\/portalnewsgta.com.br\/?p=72417"},"modified":"2025-12-09T10:05:31","modified_gmt":"2025-12-09T13:05:31","slug":"prefeitura-de-colider-publica-novo-edital-de-processo-seletivo-com-234-vagas-inscricoes-comecam-dia-9-de-dezembro","status":"publish","type":"post","link":"https:\/\/portalnewsgta.com.br\/index.php\/2025\/12\/09\/prefeitura-de-colider-publica-novo-edital-de-processo-seletivo-com-234-vagas-inscricoes-comecam-dia-9-de-dezembro\/","title":{"rendered":"Prefeitura de Col\u00edder publica novo edital de processo seletivo com 234 vagas; inscri\u00e7\u00f5es come\u00e7am dia 9 de dezembro"},"content":{"rendered":"<div class=\"td_block_wrap tdb_single_featured_image tdi_53 tdb-content-horiz-left td-pb-border-top td_block_template_1\" data-td-block-uid=\"tdi_53\">\n<div class=\"tdb-block-inner td-fix-index\">\n<figure><figcaption class=\"tdb-caption-text\">Foto: Assessoria<\/figcaption><\/figure>\n<\/div>\n<\/div>\n<div class=\"td_block_wrap tdb_single_content tdi_54 td-pb-border-top td_block_template_1 td-post-content tagdiv-type\" data-td-block-uid=\"tdi_54\">\n<div class=\"tdb-block-inner td-fix-index\">\n<p data-start=\"120\" data-end=\"432\">A Prefeitura de Col\u00edder, no norte de Mato Grosso, divulgou o edital n\u00ba 005\/2025 para a realiza\u00e7\u00e3o de um novo processo seletivo. Organizado pela empresa\u00a0<a href=\"https:\/\/portal.imperioconcursos.com.br\/\" target=\"_blank\" rel=\"noopener\">Imp\u00e9rio Assessoria e Concursos Ltda.<\/a>, o certame oferece\u00a0<strong data-start=\"328\" data-end=\"341\">234 vagas<\/strong>, sendo\u00a0<strong data-start=\"349\" data-end=\"380\">225 para ampla concorr\u00eancia<\/strong>\u00a0e\u00a0<strong data-start=\"383\" data-end=\"431\">9 destinadas a pessoas com defici\u00eancia (PcD)<\/strong>.<\/p>\n<p data-start=\"434\" data-end=\"659\">O processo contar\u00e1 com\u00a0<strong data-start=\"457\" data-end=\"475\">prova objetiva<\/strong>\u00a0como etapa de avalia\u00e7\u00e3o, com aplica\u00e7\u00e3o prevista para\u00a0<strong data-start=\"529\" data-end=\"554\">11 de janeiro de 2026<\/strong>, no per\u00edodo da manh\u00e3. A sele\u00e7\u00e3o busca atender demandas de diferentes setores da administra\u00e7\u00e3o municipal.<\/p>\n<h3 data-start=\"661\" data-end=\"686\"><strong data-start=\"665\" data-end=\"686\">Vagas dispon\u00edveis<\/strong><\/h3>\n<p data-start=\"688\" data-end=\"884\">As oportunidades abrangem cargos de\u00a0<strong data-start=\"724\" data-end=\"750\">n\u00edvel m\u00e9dio e superior<\/strong>, com lota\u00e7\u00e3o tanto na zona urbana quanto na zona rural, incluindo unidades como Santa Maria do Ouro Verde, S\u00e3o Mateus e Sol Nascente.<\/p>\n<p data-start=\"886\" data-end=\"922\"><strong data-start=\"886\" data-end=\"922\">Para n\u00edvel m\u00e9dio, os cargos s\u00e3o:<\/strong><\/p>\n<ul data-start=\"923\" data-end=\"1089\">\n<li data-start=\"923\" data-end=\"934\">\n<p data-start=\"925\" data-end=\"934\">Zelador<\/p>\n<\/li>\n<li data-start=\"935\" data-end=\"952\">\n<p data-start=\"937\" data-end=\"952\">Cozinheiro(a)<\/p>\n<\/li>\n<li data-start=\"953\" data-end=\"976\">\n<p data-start=\"955\" data-end=\"976\">Motorista (CNH D\/E)<\/p>\n<\/li>\n<li data-start=\"977\" data-end=\"1019\">\n<p data-start=\"979\" data-end=\"1019\">Apoio de Desenvolvimento Escolar (ADE)<\/p>\n<\/li>\n<li data-start=\"1020\" data-end=\"1064\">\n<p data-start=\"1022\" data-end=\"1064\">T\u00e9cnico Administrativo Educacional (TAE)<\/p>\n<\/li>\n<li data-start=\"1065\" data-end=\"1089\">\n<p data-start=\"1067\" data-end=\"1089\">Int\u00e9rprete de Libras<\/p>\n<\/li>\n<\/ul>\n<p data-start=\"1091\" data-end=\"1399\">J\u00e1 para n\u00edvel superior, o edital contempla vagas para\u00a0<strong data-start=\"1145\" data-end=\"1195\">profissionais de Educa\u00e7\u00e3o F\u00edsica (Bacharelado)<\/strong>, nas modalidades de v\u00f4lei, futsal, handebol, basquete, nata\u00e7\u00e3o, artes marciais, xadrez, badminton, atletismo, futebol, entre outras atividades esportivas desenvolvidas pela Secretaria de Esporte e Lazer.<\/p>\n<p data-start=\"1401\" data-end=\"1532\">Os sal\u00e1rios variam entre\u00a0<strong data-start=\"1426\" data-end=\"1455\">R$ 2.100,00 e R$ 6.604,00<\/strong>, de acordo com o cargo e com jornadas que v\u00e3o de\u00a0<strong data-start=\"1505\" data-end=\"1531\">20 a 40 horas semanais<\/strong>.<\/p>\n<p data-start=\"1534\" data-end=\"1690\">Para atuar na \u00e1rea da Educa\u00e7\u00e3o, \u00e9 necess\u00e1rio ensino m\u00e9dio completo. J\u00e1 para a Secretaria de Esporte e Lazer, \u00e9 exigida forma\u00e7\u00e3o superior em Educa\u00e7\u00e3o F\u00edsica.<\/p>\n<h3 data-start=\"1692\" data-end=\"1710\"><strong data-start=\"1696\" data-end=\"1710\">Inscri\u00e7\u00f5es<\/strong><\/h3>\n<p data-start=\"1712\" data-end=\"1964\">Os interessados poder\u00e3o se inscrever entre\u00a0<strong data-start=\"1755\" data-end=\"1785\">9 e 15 de dezembro de 2025<\/strong>, exclusivamente pelo site da\u00a0<strong data-start=\"1815\" data-end=\"1849\">Imp\u00e9rio Assessoria e Concursos<\/strong>. O valor da taxa de inscri\u00e7\u00e3o deve ser consultado diretamente no edital, dispon\u00edvel na plataforma da organizadora.<\/p>\n<h3 data-start=\"1966\" data-end=\"2009\"><strong data-start=\"1970\" data-end=\"2009\">Provas e crit\u00e9rios de classifica\u00e7\u00e3o<\/strong><\/h3>\n<p data-start=\"2011\" data-end=\"2239\">A prova objetiva ter\u00e1\u00a0<strong data-start=\"2033\" data-end=\"2048\">20 quest\u00f5es<\/strong>, sendo 10 de conhecimentos gerais e 10 de conhecimentos espec\u00edficos. Para ser classificado, o candidato n\u00e3o poder\u00e1\u00a0<strong data-start=\"2164\" data-end=\"2195\">zerar o conte\u00fado espec\u00edfico<\/strong>, crit\u00e9rio eliminat\u00f3rio definido pela banca.<\/p>\n<h3 data-start=\"2241\" data-end=\"2278\"><strong data-start=\"2245\" data-end=\"2278\">Validade do processo seletivo<\/strong><\/h3>\n<p data-start=\"2280\" data-end=\"2422\">O processo seletivo ter\u00e1 validade de\u00a0<strong data-start=\"2317\" data-end=\"2330\">dois anos<\/strong>, podendo ser prorrogado por igual per\u00edodo, conforme necessidade da administra\u00e7\u00e3o municipal.<\/p>\n<h3 data-start=\"2424\" data-end=\"2448\"><strong data-start=\"2428\" data-end=\"2448\">Mais informa\u00e7\u00f5es<\/strong><\/h3>\n<p data-start=\"2450\" data-end=\"2610\">O edital completo, assim como outras atualiza\u00e7\u00f5es sobre o certame, est\u00e1 dispon\u00edvel no\u00a0<a href=\"https:\/\/www.colider.mt.gov.br\/Colider\/Processo-seletivo\/\" target=\"_blank\" rel=\"noopener\"><strong data-start=\"2536\" data-end=\"2569\">site da Prefeitura de Col\u00edder<\/strong><\/a>\u00a0e na plataforma da empresa organizadora.<\/p>\n<p data-start=\"2612\" data-end=\"2784\" data-is-last-node=\"\" data-is-only-node=\"\">A publica\u00e7\u00e3o refor\u00e7a o calend\u00e1rio de contrata\u00e7\u00f5es tempor\u00e1rias no munic\u00edpio e oferece novas oportunidades para profissionais que buscam ingressar no servi\u00e7o p\u00fablico em 2026.<\/p>\n<\/div>\n<\/div>\n","protected":false},"excerpt":{"rendered":"<p>Foto: Assessoria A Prefeitura de Col\u00edder, no norte de Mato Grosso, divulgou o edital n\u00ba<\/p>\n","protected":false},"author":2,"featured_media":72418,"comment_status":"open","ping_status":"open","sticky":false,"template":"","format":"standard","meta":{"footnotes":""},"categories":[7,13],"tags":[],"aioseo_notices":[],"_links":{"self":[{"href":"https:\/\/portalnewsgta.com.br\/index.php\/wp-json\/wp\/v2\/posts\/72417"}],"collection":[{"href":"https:\/\/portalnewsgta.com.br\/index.php\/wp-json\/wp\/v2\/posts"}],"about":[{"href":"https:\/\/portalnewsgta.com.br\/index.php\/wp-json\/wp\/v2\/types\/post"}],"author":[{"embeddable":true,"href":"https:\/\/portalnewsgta.com.br\/index.php\/wp-json\/wp\/v2\/users\/2"}],"replies":[{"embeddable":true,"href":"https:\/\/portalnewsgta.com.br\/index.php\/wp-json\/wp\/v2\/comments?post=72417"}],"version-history":[{"count":1,"href":"https:\/\/portalnewsgta.com.br\/index.php\/wp-json\/wp\/v2\/posts\/72417\/revisions"}],"predecessor-version":[{"id":72419,"href":"https:\/\/portalnewsgta.com.br\/index.php\/wp-json\/wp\/v2\/posts\/72417\/revisions\/72419"}],"wp:featuredmedia":[{"embeddable":true,"href":"https:\/\/portalnewsgta.com.br\/index.php\/wp-json\/wp\/v2\/media\/72418"}],"wp:attachment":[{"href":"https:\/\/portalnewsgta.com.br\/index.php\/wp-json\/wp\/v2\/media?parent=72417"}],"wp:term":[{"taxonomy":"category","embeddable":true,"href":"https:\/\/portalnewsgta.com.br\/index.php\/wp-json\/wp\/v2\/categories?post=72417"},{"taxonomy":"post_tag","embeddable":true,"href":"https:\/\/portalnewsgta.com.br\/index.php\/wp-json\/wp\/v2\/tags?post=72417"}],"curies":[{"name":"wp","href":"https:\/\/api.w.org\/{rel}","templated":true}]}}