{"id":72105,"date":"2025-12-03T10:09:34","date_gmt":"2025-12-03T13:09:34","guid":{"rendered":"https:\/\/portalnewsgta.com.br\/?p=72105"},"modified":"2025-12-03T10:11:41","modified_gmt":"2025-12-03T13:11:41","slug":"solenidade-marca-troca-de-comando-do-tiro-de-guerra-de-colider-na-camara-municipal","status":"publish","type":"post","link":"https:\/\/portalnewsgta.com.br\/index.php\/2025\/12\/03\/solenidade-marca-troca-de-comando-do-tiro-de-guerra-de-colider-na-camara-municipal\/","title":{"rendered":"Solenidade marca troca de comando do Tiro de Guerra de Col\u00edder na C\u00e2mara Municipal"},"content":{"rendered":"<p>Por: Angela Foga\u00e7a\/Nort\u00e3o Online<\/p>\n<figure class=\"mb-2\" data-v-70493042=\"\"><figcaption class=\"text-body-2 font-weight-bold grey--text text--darken-2\" data-v-70493042=\"\">Foto por: <img loading=\"lazy\" decoding=\"async\" class=\"alignnone size-medium wp-image-72106\" src=\"https:\/\/portalnewsgta.com.br\/wp-content\/uploads\/2025\/12\/6930205994809ecbda-300x225.jpg\" alt=\"Nathan Jr.\/Nort\u00e3o Online\" width=\"300\" height=\"225\" srcset=\"https:\/\/portalnewsgta.com.br\/wp-content\/uploads\/2025\/12\/6930205994809ecbda-300x225.jpg 300w, https:\/\/portalnewsgta.com.br\/wp-content\/uploads\/2025\/12\/6930205994809ecbda.jpg 600w\" sizes=\"(max-width: 300px) 100vw, 300px\" \/><\/figcaption><\/figure>\n<div class=\"ck-content font-weight-medium mb-4\" data-v-70493042=\"\">\n<p>A C\u00e2mara Municipal de Col\u00edder sediou, nesta ter\u00e7a-feira (2), a solenidade oficial de troca de comando do Tiro de Guerra 09\/003. O Subtenente Elton Luis Soder, que esteve \u00e0 frente da unidade nos \u00faltimos dois anos, passou a fun\u00e7\u00e3o para o 1\u00ba Sargento F\u00e1bio Barroso de Deus, escolhido pelo Ex\u00e9rcito Brasileiro para assumir o TG no munic\u00edpio.<\/p>\n<p>Em seu discurso de despedida, Soder destacou o apoio recebido da comunidade e afirmou que deixa Col\u00edder com a sensa\u00e7\u00e3o de dever cumprido.<\/p>\n<p>\u201cCumpri minha miss\u00e3o da melhor forma poss\u00edvel. Ao mesmo tempo em que estou feliz por ter realizado um bom trabalho, fico triste por deixar esta cidade, que foi onde mais me senti em casa. Fui muito bem acolhido e levarei comigo a generosidade do povo colidense\u201d, disse.<\/p>\n<p>O militar desejou sucesso ao novo comandante e reafirmou sua confian\u00e7a na continuidade do trabalho. \u201cTenho certeza que o Sargento Barroso dar\u00e1 sequ\u00eancia ao que eu e meus antecessores constru\u00edmos\u201d, disse.<\/p>\n<figure class=\"image\"><img decoding=\"async\" src=\"https:\/\/admin.nortaoonline.com\/upload\/9\/36913\/6930207a5d88ba06fe.jpg\" \/><\/figure>\n<p>O novo chefe de instru\u00e7\u00e3o, 1\u00ba Sargento Barroso, agradeceu pela oportunidade e afirmou estar honrado com a escolha.<\/p>\n<p>\u201cDas 137 ocupa\u00e7\u00f5es dispon\u00edveis, Col\u00edder foi a minha primeira op\u00e7\u00e3o. Fiquei muito feliz por ter sido selecionado. As primeiras impress\u00f5es s\u00e3o 100% positivas; \u00e9 um munic\u00edpio acolhedor, que recebeu minha fam\u00edlia desde o primeiro dia\u201d, afirmou. Barroso adiantou ainda que o pr\u00f3ximo ano ser\u00e1 de muitas miss\u00f5es, com foco nos jovens atiradores e na comunidade colidense.<\/p>\n<p>Prestigiando o evento, o General Jason Ferrari Risso, comandante da 9\u00aa Regi\u00e3o Militar, vindo de Campo Grande (MS), destacou que a troca de comando \u00e9 tamb\u00e9m um momento de aproxima\u00e7\u00e3o com a sociedade.<\/p>\n<p>\u201cTrabalhamos para lapidar esses jovens, agregando valores como patriotismo, lealdade, responsabilidade e pontualidade. O Tiro de Guerra de Col\u00edder, existente desde 1994, \u00e9 um dos cinco em funcionamento no Estado, o que demonstra o compromisso da comunidade com a forma\u00e7\u00e3o de seus jovens\u201d, ressaltou o general.<\/p>\n<figure class=\"image\"><img decoding=\"async\" src=\"https:\/\/admin.nortaoonline.com\/upload\/9\/36913\/6930208764ec0920c4.jpg\" \/><\/figure>\n<p>O prefeito de Col\u00edder, Rodrigo Benassi, tamb\u00e9m enalteceu o trabalho desenvolvido pelo Subtenente Soder e reafirmou o apoio do munic\u00edpio ao TG.<\/p>\n<p>\u201cO Tiro de Guerra n\u00e3o forma apenas atiradores, forma cidad\u00e3os. Soder elevou o padr\u00e3o de disciplina dos nossos jovens. Desejamos sucesso ao Sargento Barroso e ao Tenente Erivelton. O munic\u00edpio ser\u00e1 parceiro para continuar as melhorias j\u00e1 iniciadas para o exerc\u00edcio de 2026\u201d, afirmou.<\/p>\n<p>O presidente da C\u00e2mara Municipal, vereador Luciano Milani, ressaltou a import\u00e2ncia da cerim\u00f4nia e o legado deixado por Soder.<\/p>\n<p>\u201cEm nome da comunidade, agradecemos ao Subtenente Soder e ao Torres por todo o servi\u00e7o prestado. Fizeram a diferen\u00e7a nesses dois anos. A C\u00e2mara est\u00e1 de portas abertas tanto para quem est\u00e1 saindo quanto para o novo comandante que assume hoje. O Tiro de Guerra \u00e9 uma institui\u00e7\u00e3o fundamental no munic\u00edpio, e estaremos aqui para apoiar todas as demandas\u201d, afirmou.<\/p>\n<p>A solenidade contou ainda com a presen\u00e7a do vice-prefeito de Nova Cana\u00e3 do Norte, Dr. Vinycius, que reconheceu a parceria constru\u00edda ao longo dos anos.<\/p>\n<p>\u201c\u00c9 um prazer prestigiar nosso amigo Soder e dar boas-vindas ao Sargento Barroso, com quem j\u00e1 servi no Ex\u00e9rcito. Nova Cana\u00e3 concedeu com justi\u00e7a uma mo\u00e7\u00e3o de aplauso ao Soder e ao chefe da Junta de Servi\u00e7o Militar Adriano Torres, pelo apoio constante aos eventos do nosso munic\u00edpio\u201d, destacou.<\/p>\n<p>A cerim\u00f4nia refor\u00e7ou o compromisso das institui\u00e7\u00f5es militares e civis com a forma\u00e7\u00e3o de jovens e o fortalecimento do Tiro de Guerra, que segue como uma das mais importantes refer\u00eancias de disciplina e cidadania na regi\u00e3o.<\/p>\n<figure class=\"image\"><img decoding=\"async\" src=\"https:\/\/admin.nortaoonline.com\/upload\/9\/36913\/693020e9a5939bb75a.jpg\" \/><\/figure>\n<\/div>\n<div class=\"font-weight-bold grey--text text--darken-2 mb-4\" data-v-70493042=\"\">Fonte: Angela Foga\u00e7a\/Nort\u00e3o Online<\/div>\n","protected":false},"excerpt":{"rendered":"<p>Por: Angela Foga\u00e7a\/Nort\u00e3o Online Foto por: A C\u00e2mara Municipal de Col\u00edder sediou, nesta ter\u00e7a-feira (2),<\/p>\n","protected":false},"author":2,"featured_media":72108,"comment_status":"open","ping_status":"open","sticky":false,"template":"","format":"standard","meta":{"footnotes":""},"categories":[7,13],"tags":[],"aioseo_notices":[],"_links":{"self":[{"href":"https:\/\/portalnewsgta.com.br\/index.php\/wp-json\/wp\/v2\/posts\/72105"}],"collection":[{"href":"https:\/\/portalnewsgta.com.br\/index.php\/wp-json\/wp\/v2\/posts"}],"about":[{"href":"https:\/\/portalnewsgta.com.br\/index.php\/wp-json\/wp\/v2\/types\/post"}],"author":[{"embeddable":true,"href":"https:\/\/portalnewsgta.com.br\/index.php\/wp-json\/wp\/v2\/users\/2"}],"replies":[{"embeddable":true,"href":"https:\/\/portalnewsgta.com.br\/index.php\/wp-json\/wp\/v2\/comments?post=72105"}],"version-history":[{"count":1,"href":"https:\/\/portalnewsgta.com.br\/index.php\/wp-json\/wp\/v2\/posts\/72105\/revisions"}],"predecessor-version":[{"id":72107,"href":"https:\/\/portalnewsgta.com.br\/index.php\/wp-json\/wp\/v2\/posts\/72105\/revisions\/72107"}],"wp:featuredmedia":[{"embeddable":true,"href":"https:\/\/portalnewsgta.com.br\/index.php\/wp-json\/wp\/v2\/media\/72108"}],"wp:attachment":[{"href":"https:\/\/portalnewsgta.com.br\/index.php\/wp-json\/wp\/v2\/media?parent=72105"}],"wp:term":[{"taxonomy":"category","embeddable":true,"href":"https:\/\/portalnewsgta.com.br\/index.php\/wp-json\/wp\/v2\/categories?post=72105"},{"taxonomy":"post_tag","embeddable":true,"href":"https:\/\/portalnewsgta.com.br\/index.php\/wp-json\/wp\/v2\/tags?post=72105"}],"curies":[{"name":"wp","href":"https:\/\/api.w.org\/{rel}","templated":true}]}}